{"id":1102,"date":"2012-10-20T10:07:47","date_gmt":"2012-10-20T08:07:47","guid":{"rendered":"http:\/\/www.bayern-wolln-mer.net\/blog\/?p=1102"},"modified":"2015-04-10T11:58:32","modified_gmt":"2015-04-10T09:58:32","slug":"frankentatort-endlich-aber-man-schuttelt-schon-wieder-den-kopf-uber-uns","status":"publish","type":"post","link":"https:\/\/www.bayern-wolln-mer.net\/blog\/index.php\/archives\/franken-bayern\/1102-frankentatort-endlich-aber-man-schuttelt-schon-wieder-den-kopf-uber-uns.html","title":{"rendered":"Frankentatort: Endlich, aber man sch\u00fcttelt schon wieder den Kopf \u00fcber uns!"},"content":{"rendered":"<p><a href=\"https:\/\/i2.wp.com\/www.bayern-wolln-mer.net\/blog\/wp-content\/uploads\/2012\/10\/Frankentatort.jpg?ssl=1\"><img data-attachment-id=\"1111\" data-permalink=\"https:\/\/www.bayern-wolln-mer.net\/blog\/index.php\/archives\/franken-bayern\/1102-frankentatort-endlich-aber-man-schuttelt-schon-wieder-den-kopf-uber-uns.html\/attachment\/frankentatort\" data-orig-file=\"https:\/\/i2.wp.com\/www.bayern-wolln-mer.net\/blog\/wp-content\/uploads\/2012\/10\/Frankentatort.jpg?fit=442%2C232&amp;ssl=1\" data-orig-size=\"442,232\" data-comments-opened=\"1\" data-image-meta=\"{&quot;aperture&quot;:&quot;0&quot;,&quot;credit&quot;:&quot;&quot;,&quot;camera&quot;:&quot;&quot;,&quot;caption&quot;:&quot;&quot;,&quot;created_timestamp&quot;:&quot;0&quot;,&quot;copyright&quot;:&quot;&quot;,&quot;focal_length&quot;:&quot;0&quot;,&quot;iso&quot;:&quot;0&quot;,&quot;shutter_speed&quot;:&quot;0&quot;,&quot;title&quot;:&quot;&quot;}\" data-image-title=\"Frankentatort\" data-image-description=\"\" data-medium-file=\"https:\/\/i2.wp.com\/www.bayern-wolln-mer.net\/blog\/wp-content\/uploads\/2012\/10\/Frankentatort.jpg?fit=300%2C157&amp;ssl=1\" data-large-file=\"https:\/\/i2.wp.com\/www.bayern-wolln-mer.net\/blog\/wp-content\/uploads\/2012\/10\/Frankentatort.jpg?fit=442%2C232&amp;ssl=1\" loading=\"lazy\" class=\"alignleft  wp-image-1111\" title=\"Frankentatort\" src=\"https:\/\/i2.wp.com\/www.bayern-wolln-mer.net\/blog\/wp-content\/uploads\/2012\/10\/Frankentatort.jpg?resize=265%2C139&#038;ssl=1\" alt=\"\" width=\"265\" height=\"139\" srcset=\"https:\/\/i2.wp.com\/www.bayern-wolln-mer.net\/blog\/wp-content\/uploads\/2012\/10\/Frankentatort.jpg?w=442&amp;ssl=1 442w, https:\/\/i2.wp.com\/www.bayern-wolln-mer.net\/blog\/wp-content\/uploads\/2012\/10\/Frankentatort.jpg?resize=300%2C157&amp;ssl=1 300w\" sizes=\"(max-width: 265px) 100vw, 265px\" data-recalc-dims=\"1\" \/><\/a>Es ist nicht lange her, da ist der Bayerische Rundfunk \u00fcber seinen Schatten gesprungen und hat verk\u00fcndet nun <a href=\"https:\/\/www.br.de\/pressestelle\/inhalt\/pressemitteilungen\/franken-tatort-100.html\" target=\"_blank\">endlich auch einen Tatort aus Franken<\/a> zu bringen. Somit w\u00e4re der BR nicht mehr l\u00e4nger die <a href=\"https:\/\/www.bayern-wolln-mer.net\/blog\/index.php\/archives\/tag\/tatort\" target=\"_blank\">einzige Sendeanstalt in Deutschland, die sich nur auf eine Stadt beschr\u00e4nkt<\/a>. So weit, so gut, doch nun hat M\u00fcnchen wieder einen Grund, uns Franken gegeneinander auszuspielen. Doch, der Reihe nach:<\/p>\n<p>Sicherlich ist die Idee von einem Tatort aus Franken nicht erst in 2010 aufgetaucht. Aber in dem Jahr war es, als eine gewisse Dame von den N\u00fcrnberger Nachrichten diese <a href=\"https:\/\/www.nordbayern.de\/2.242\/2.233\/der-partei-der-franken-fehlen-ideen-1.637659\" target=\"_blank\">Tatort-Idee als unm\u00f6gliche politische Forderung der <\/a><a href=\"https:\/\/www.partei-fuer-franken.de\" target=\"_blank\">Partei f\u00fcr Franken<\/a> bezeichnete. Dass sie das schrieb, obwohl viele Franken hinterher diesen Vorschlag trotzdem bef\u00fcrworteten, sei jetzt mal der journalistischen Freiheit zugerechnet.<\/p>\n<p>Als aber fast ein Jahr sp\u00e4ter die SPD-Rundfunkr\u00e4tin Inge Aures einen Franken-Tatort in einer <a href=\"https:\/\/www.bayernspd-landtag.de\/presse\/details.cfm?ID=13476#.UIHLXm8xorU\" target=\"_blank\">Pressemitteilung<\/a> forderte, war nicht nur die <a href=\"https:\/\/www.partei-fuer-franken.de\/1469-spd-rundfunkratin-fordert-franken-tatort.html\" target=\"_blank\">Frankenpartei<\/a> verwundert, dass das jetzt pl\u00f6tzlich ein riesen Ding war: Bad Kissingens Oberb\u00fcrgermeister Kay Blankenburg hat sogar gleich eine Bewerbung beim BR eingereicht, doch die Rundfunk-Leute von der Isar sch\u00fctzten sich noch mit der Behauptung, dass der &#8220;<a href=\"https:\/\/www.nordbayern.de\/2.242\/2.233\/tatort-munchen-lasst-die-franken-hangen-1.419266\" target=\"_blank\">M\u00fcnchner Tatort einfach zu erfolgreich<\/a>&#8221; sei! Unglaublich, was?<\/p>\n<p><strong>Von der Luftnummer zum gefeierten Projekt<\/strong><\/p>\n<p>Ja, so schnell geht das in Bayern. Wie wir Franken nun auf der gro\u00dfen Fernsehb\u00fchne wegkommen und ob wir wieder als v\u00f6llig idiotisch dargestellt werden, so wie 2003 beim Tatort &#8220;Der Pr\u00fcgelknabe&#8221;, lassen wir jetzt mal v\u00f6llig au\u00dfer Acht.<\/p>\n<p>Denn jetzt versucht man bei den Wei\u00dfw\u00fcrsten wieder uns Franken gegeneinander auszuspielen &#8211; oder es zumindest so aussehen zu lassen. So hat vergangenen Donnerstag die sonst \u00fcberaus unterhaltsame Sendung &#8220;Quer&#8221; im BR einen Beitrag produziert, in dem man Passanten auf der Strasse richtig sch\u00f6n wettern lie\u00df: &#8220;<em>Nach Aschaffenburg? A naa, des muss nach W\u00e4zburch<\/em>&#8221; &#8211; &#8220;<em>Nat\u00fcrlich muss des nach N\u00e4mberch<\/em>&#8221; &#8211; &#8220;<em>Ach was, Bamberch is doch viel sch\u00f6ner<\/em>&#8220;!<\/p>\n<p><strong><a href=\"https:\/\/blog.br.de\/quer\/standort-krimi-entzweit-franken-tatort-nordbayern-17102012.html\" target=\"_blank\">Der Beitrag im Quer-Blog hier<\/a><\/strong><\/p>\n<p>Wie man die einzelnen Personen angesprochen hat und was die genaue Frage war, sei jetzt mal dahingestellt. Aber man achtete wohl sehr darauf, dass zum Ende das Fazit auch passen w\u00fcrde: &#8220;<em>Man kann es den Franken nicht recht machen<\/em>&#8220;!<\/p>\n<p>Denn so war zu h\u00f6ren, dass auch beim Vorsitzenden der Frankenpartei, Herrn <a href=\"https:\/\/www.partei-fuer-franken.de\/initiatoren#GattenloehnerR\" target=\"_blank\">Robert Gattenl\u00f6hner<\/a> eine Interviewanfrage gelandet war. Doch der gab zu verstehen, dass man sich auf Seiten der Partei freut, wenn \u00fcberhaupt mal was aus Franken kommt und dass ein &#8220;Franken-Dadord&#8221; ohnehin eine super Sache ist.<\/p>\n<p>H\u00e4tte in diesen Bericht jetzt nicht so reingepasst. Ein Schelm also, wer b\u00f6ses denkt, warum der BR den vereinbarten Interview-Termin ein paar Stunden sp\u00e4ter platzen lie\u00df&#8230; aber die Zeit war auch wirklich knapp, schon richtig. \ud83d\ude09<\/p>\n<p><strong>Ich finde&#8230;<\/strong><\/p>\n<p>&#8230;es vollkommen nat\u00fcrlich, dass sich die Franken nicht sofort einig sind, bez\u00fcglich eines Drehorts. Denn Franken hat nun mal nicht nur EIN Zentrum! Franken hat Vielfalt!<\/p>\n<p>Und genau das ist der springende Punkt: W\u00fcrde man eine &#8220;Spezial-Mordkommission&#8221; nach Bamberg setzen, die F\u00e4lle in wechselnden St\u00e4dten zu l\u00f6sen hat, w\u00e4re jedem geholfen und der Zuschauer hat Abwechslung. Wenn man beim TV dahingehend Ideen sucht, dann sollte man sich einfach mal bei <a href=\"https:\/\/www.amazon.de\/Das-Haus-Nikolaus-Volker-Backert\/dp\/3897057409\/?_encoding=UTF8&amp;camp=1638&amp;creative=6742&amp;linkCode=ur2&amp;site-redirect=de&amp;tag=blogabfertigu-21\" target=\"_blank\">Volker Backert<\/a> melden! Dessen erster <a href=\"https:\/\/www.amazon.de\/gp\/search?ie=UTF8&amp;camp=1638&amp;creative=6742&amp;index=books&amp;keywords=frankenkrimi&amp;linkCode=ur2&amp;tag=blogabfertigu-21\" target=\"_blank\">Franken-Krimi<\/a><img loading=\"lazy\" style=\"border: none !important; margin: 0px !important;\" src=\"https:\/\/www.assoc-amazon.de\/e\/ir?t=blogabfertigu-21&amp;l=ur2&amp;o=3\" alt=\"\" width=\"1\" height=\"1\" border=\"0\" \/><br \/>\nmit dem Namen &#8220;<a href=\"https:\/\/www.amazon.de\/Das-Haus-Nikolaus-Volker-Backert\/dp\/3897057409\/?_encoding=UTF8&amp;camp=1638&amp;creative=6742&amp;linkCode=ur2&amp;site-redirect=de&amp;tag=blogabfertigu-21\" target=\"_blank\">Das Haus vom Nikolaus (hier bestellen)<\/a><img loading=\"lazy\" style=\"border: none !important; margin: 0px !important;\" src=\"https:\/\/www.assoc-amazon.de\/e\/ir?t=blogabfertigu-21&amp;l=ur2&amp;o=3\" alt=\"\" width=\"1\" height=\"1\" border=\"0\" \/>&#8221; spielt n\u00e4mlich in Coburg, N\u00fcrnberg, W\u00fcrzburg usw.!<\/p>\n<p>Ich bin \u00fcberzeugter N\u00fcrnberger! Trotzdem bin ich nicht der Meinung, dass das dann unbedingt in N\u00fcrnberg spielen sollte. Eher halte ich es da mit Herrn Gattenl\u00f6hner: Hauptsach&#8217; Franken ist im TV! Wenn dann noch ein paar Statisten fr\u00e4nkisch schmarrn, dann sind wir doch gl\u00fccklich, oder? \ud83d\ude42<\/p>\n<div class=\"sharedaddy sd-sharing-enabled\"><div class=\"robots-nocontent sd-block sd-social sd-social-icon sd-sharing\"><h3 class=\"sd-title\">Share this:<\/h3><div class=\"sd-content\"><ul><li class=\"share-print\"><a rel=\"nofollow noopener noreferrer\" data-shared=\"\" class=\"share-print sd-button share-icon no-text\" href=\"https:\/\/www.bayern-wolln-mer.net\/blog\/index.php\/archives\/franken-bayern\/1102-frankentatort-endlich-aber-man-schuttelt-schon-wieder-den-kopf-uber-uns.html\" target=\"_blank\" title=\"Klicken zum Ausdrucken\"><span><\/span><span class=\"sharing-screen-reader-text\">Klicken zum Ausdrucken (Wird in neuem Fenster ge\u00f6ffnet)<\/span><\/a><\/li><li class=\"share-email\"><a rel=\"nofollow noopener noreferrer\" data-shared=\"\" class=\"share-email sd-button share-icon no-text\" href=\"https:\/\/www.bayern-wolln-mer.net\/blog\/index.php\/archives\/franken-bayern\/1102-frankentatort-endlich-aber-man-schuttelt-schon-wieder-den-kopf-uber-uns.html?share=email\" target=\"_blank\" title=\"Klick, um dies einem Freund per E-Mail zu senden\"><span><\/span><span class=\"sharing-screen-reader-text\">Klick, um dies einem Freund per E-Mail zu senden (Wird in neuem Fenster ge\u00f6ffnet)<\/span><\/a><\/li><li class=\"share-twitter\"><a rel=\"nofollow noopener noreferrer\" data-shared=\"sharing-twitter-1102\" class=\"share-twitter sd-button share-icon no-text\" href=\"https:\/\/www.bayern-wolln-mer.net\/blog\/index.php\/archives\/franken-bayern\/1102-frankentatort-endlich-aber-man-schuttelt-schon-wieder-den-kopf-uber-uns.html?share=twitter\" target=\"_blank\" title=\"Klick, um \u00fcber Twitter zu teilen\"><span><\/span><span class=\"sharing-screen-reader-text\">Klick, um \u00fcber Twitter zu teilen (Wird in neuem Fenster ge\u00f6ffnet)<\/span><\/a><\/li><li class=\"share-jetpack-whatsapp\"><a rel=\"nofollow noopener noreferrer\" data-shared=\"\" class=\"share-jetpack-whatsapp sd-button share-icon no-text\" href=\"https:\/\/www.bayern-wolln-mer.net\/blog\/index.php\/archives\/franken-bayern\/1102-frankentatort-endlich-aber-man-schuttelt-schon-wieder-den-kopf-uber-uns.html?share=jetpack-whatsapp\" target=\"_blank\" title=\"Klicken, um auf WhatsApp zu teilen\"><span><\/span><span class=\"sharing-screen-reader-text\">Klicken, um auf WhatsApp zu teilen (Wird in neuem Fenster ge\u00f6ffnet)<\/span><\/a><\/li><li class=\"share-linkedin\"><a rel=\"nofollow noopener noreferrer\" data-shared=\"sharing-linkedin-1102\" class=\"share-linkedin sd-button share-icon no-text\" href=\"https:\/\/www.bayern-wolln-mer.net\/blog\/index.php\/archives\/franken-bayern\/1102-frankentatort-endlich-aber-man-schuttelt-schon-wieder-den-kopf-uber-uns.html?share=linkedin\" target=\"_blank\" title=\"Klick, um auf LinkedIn zu teilen\"><span><\/span><span class=\"sharing-screen-reader-text\">Klick, um auf LinkedIn zu teilen (Wird in neuem Fenster ge\u00f6ffnet)<\/span><\/a><\/li><li class=\"share-reddit\"><a rel=\"nofollow noopener noreferrer\" data-shared=\"\" class=\"share-reddit sd-button share-icon no-text\" href=\"https:\/\/www.bayern-wolln-mer.net\/blog\/index.php\/archives\/franken-bayern\/1102-frankentatort-endlich-aber-man-schuttelt-schon-wieder-den-kopf-uber-uns.html?share=reddit\" target=\"_blank\" title=\"Klick, um auf Reddit zu teilen\"><span><\/span><span class=\"sharing-screen-reader-text\">Klick, um auf Reddit zu teilen (Wird in neuem Fenster ge\u00f6ffnet)<\/span><\/a><\/li><li class=\"share-tumblr\"><a rel=\"nofollow noopener noreferrer\" data-shared=\"\" class=\"share-tumblr sd-button share-icon no-text\" href=\"https:\/\/www.bayern-wolln-mer.net\/blog\/index.php\/archives\/franken-bayern\/1102-frankentatort-endlich-aber-man-schuttelt-schon-wieder-den-kopf-uber-uns.html?share=tumblr\" target=\"_blank\" title=\"Klick, um auf Tumblr zu teilen\"><span><\/span><span class=\"sharing-screen-reader-text\">Klick, um auf Tumblr zu teilen (Wird in neuem Fenster ge\u00f6ffnet)<\/span><\/a><\/li><li class=\"share-pinterest\"><a rel=\"nofollow noopener noreferrer\" data-shared=\"sharing-pinterest-1102\" class=\"share-pinterest sd-button share-icon no-text\" href=\"https:\/\/www.bayern-wolln-mer.net\/blog\/index.php\/archives\/franken-bayern\/1102-frankentatort-endlich-aber-man-schuttelt-schon-wieder-den-kopf-uber-uns.html?share=pinterest\" target=\"_blank\" title=\"Klick, um auf Pinterest zu teilen\"><span><\/span><span class=\"sharing-screen-reader-text\">Klick, um auf Pinterest zu teilen (Wird in neuem Fenster ge\u00f6ffnet)<\/span><\/a><\/li><li class=\"share-pocket\"><a rel=\"nofollow noopener noreferrer\" data-shared=\"\" class=\"share-pocket sd-button share-icon no-text\" href=\"https:\/\/www.bayern-wolln-mer.net\/blog\/index.php\/archives\/franken-bayern\/1102-frankentatort-endlich-aber-man-schuttelt-schon-wieder-den-kopf-uber-uns.html?share=pocket\" target=\"_blank\" title=\"Klick, um auf Pocket zu teilen\"><span><\/span><span class=\"sharing-screen-reader-text\">Klick, um auf Pocket zu teilen (Wird in neuem Fenster ge\u00f6ffnet)<\/span><\/a><\/li><li class=\"share-telegram\"><a rel=\"nofollow noopener noreferrer\" data-shared=\"\" class=\"share-telegram sd-button share-icon no-text\" href=\"https:\/\/www.bayern-wolln-mer.net\/blog\/index.php\/archives\/franken-bayern\/1102-frankentatort-endlich-aber-man-schuttelt-schon-wieder-den-kopf-uber-uns.html?share=telegram\" target=\"_blank\" title=\"Klicken, um auf Telegram zu teilen\"><span><\/span><span class=\"sharing-screen-reader-text\">Klicken, um auf Telegram zu teilen (Wird in neuem Fenster ge\u00f6ffnet)<\/span><\/a><\/li><li class=\"share-skype\"><a rel=\"nofollow noopener noreferrer\" data-shared=\"sharing-skype-1102\" class=\"share-skype sd-button share-icon no-text\" href=\"https:\/\/www.bayern-wolln-mer.net\/blog\/index.php\/archives\/franken-bayern\/1102-frankentatort-endlich-aber-man-schuttelt-schon-wieder-den-kopf-uber-uns.html?share=skype\" target=\"_blank\" title=\"Klicken, um in Skype zu teilen\"><span><\/span><span class=\"sharing-screen-reader-text\">Klicken, um in Skype zu teilen (Wird in neuem Fenster ge\u00f6ffnet)<\/span><\/a><\/li><li><a href=\"#\" class=\"sharing-anchor sd-button share-more\"><span>Mehr<\/span><\/a><\/li><li class=\"share-end\"><\/li><\/ul><div class=\"sharing-hidden\"><div class=\"inner\" style=\"display: none;width:150px;\"><ul style=\"background-image:none;\"><li class=\"share-facebook\"><a rel=\"nofollow noopener noreferrer\" data-shared=\"sharing-facebook-1102\" class=\"share-facebook sd-button share-icon no-text\" href=\"https:\/\/www.bayern-wolln-mer.net\/blog\/index.php\/archives\/franken-bayern\/1102-frankentatort-endlich-aber-man-schuttelt-schon-wieder-den-kopf-uber-uns.html?share=facebook\" target=\"_blank\" title=\"Klick, um auf Facebook zu teilen\"><span><\/span><span class=\"sharing-screen-reader-text\">Klick, um auf Facebook zu teilen (Wird in neuem Fenster ge\u00f6ffnet)<\/span><\/a><\/li><li class=\"share-end\"><\/li><\/ul><\/div><\/div><\/div><\/div><\/div>","protected":false},"excerpt":{"rendered":"<p>Es ist nicht lange her, da ist der Bayerische Rundfunk \u00fcber seinen Schatten gesprungen und hat verk\u00fcndet nun endlich auch einen Tatort aus Franken zu bringen. Somit w\u00e4re der BR nicht mehr l\u00e4nger die einzige Sendeanstalt in Deutschland, die sich nur auf eine Stadt beschr\u00e4nkt. So weit, so gut, doch nun hat M\u00fcnchen wieder einen [&hellip;]<\/p>\n<div class=\"sharedaddy sd-sharing-enabled\"><div class=\"robots-nocontent sd-block sd-social sd-social-icon sd-sharing\"><h3 class=\"sd-title\">Share this:<\/h3><div class=\"sd-content\"><ul><li class=\"share-print\"><a rel=\"nofollow noopener noreferrer\" data-shared=\"\" class=\"share-print sd-button share-icon no-text\" href=\"https:\/\/www.bayern-wolln-mer.net\/blog\/index.php\/archives\/franken-bayern\/1102-frankentatort-endlich-aber-man-schuttelt-schon-wieder-den-kopf-uber-uns.html\" target=\"_blank\" title=\"Klicken zum Ausdrucken\"><span><\/span><span class=\"sharing-screen-reader-text\">Klicken zum Ausdrucken (Wird in neuem Fenster ge\u00f6ffnet)<\/span><\/a><\/li><li class=\"share-email\"><a rel=\"nofollow noopener noreferrer\" data-shared=\"\" class=\"share-email sd-button share-icon no-text\" href=\"https:\/\/www.bayern-wolln-mer.net\/blog\/index.php\/archives\/franken-bayern\/1102-frankentatort-endlich-aber-man-schuttelt-schon-wieder-den-kopf-uber-uns.html?share=email\" target=\"_blank\" title=\"Klick, um dies einem Freund per E-Mail zu senden\"><span><\/span><span class=\"sharing-screen-reader-text\">Klick, um dies einem Freund per E-Mail zu senden (Wird in neuem Fenster ge\u00f6ffnet)<\/span><\/a><\/li><li class=\"share-twitter\"><a rel=\"nofollow noopener noreferrer\" data-shared=\"sharing-twitter-1102\" class=\"share-twitter sd-button share-icon no-text\" href=\"https:\/\/www.bayern-wolln-mer.net\/blog\/index.php\/archives\/franken-bayern\/1102-frankentatort-endlich-aber-man-schuttelt-schon-wieder-den-kopf-uber-uns.html?share=twitter\" target=\"_blank\" title=\"Klick, um \u00fcber Twitter zu teilen\"><span><\/span><span class=\"sharing-screen-reader-text\">Klick, um \u00fcber Twitter zu teilen (Wird in neuem Fenster ge\u00f6ffnet)<\/span><\/a><\/li><li class=\"share-jetpack-whatsapp\"><a rel=\"nofollow noopener noreferrer\" data-shared=\"\" class=\"share-jetpack-whatsapp sd-button share-icon no-text\" href=\"https:\/\/www.bayern-wolln-mer.net\/blog\/index.php\/archives\/franken-bayern\/1102-frankentatort-endlich-aber-man-schuttelt-schon-wieder-den-kopf-uber-uns.html?share=jetpack-whatsapp\" target=\"_blank\" title=\"Klicken, um auf WhatsApp zu teilen\"><span><\/span><span class=\"sharing-screen-reader-text\">Klicken, um auf WhatsApp zu teilen (Wird in neuem Fenster ge\u00f6ffnet)<\/span><\/a><\/li><li class=\"share-linkedin\"><a rel=\"nofollow noopener noreferrer\" data-shared=\"sharing-linkedin-1102\" class=\"share-linkedin sd-button share-icon no-text\" href=\"https:\/\/www.bayern-wolln-mer.net\/blog\/index.php\/archives\/franken-bayern\/1102-frankentatort-endlich-aber-man-schuttelt-schon-wieder-den-kopf-uber-uns.html?share=linkedin\" target=\"_blank\" title=\"Klick, um auf LinkedIn zu teilen\"><span><\/span><span class=\"sharing-screen-reader-text\">Klick, um auf LinkedIn zu teilen (Wird in neuem Fenster ge\u00f6ffnet)<\/span><\/a><\/li><li class=\"share-reddit\"><a rel=\"nofollow noopener noreferrer\" data-shared=\"\" class=\"share-reddit sd-button share-icon no-text\" href=\"https:\/\/www.bayern-wolln-mer.net\/blog\/index.php\/archives\/franken-bayern\/1102-frankentatort-endlich-aber-man-schuttelt-schon-wieder-den-kopf-uber-uns.html?share=reddit\" target=\"_blank\" title=\"Klick, um auf Reddit zu teilen\"><span><\/span><span class=\"sharing-screen-reader-text\">Klick, um auf Reddit zu teilen (Wird in neuem Fenster ge\u00f6ffnet)<\/span><\/a><\/li><li class=\"share-tumblr\"><a rel=\"nofollow noopener noreferrer\" data-shared=\"\" class=\"share-tumblr sd-button share-icon no-text\" href=\"https:\/\/www.bayern-wolln-mer.net\/blog\/index.php\/archives\/franken-bayern\/1102-frankentatort-endlich-aber-man-schuttelt-schon-wieder-den-kopf-uber-uns.html?share=tumblr\" target=\"_blank\" title=\"Klick, um auf Tumblr zu teilen\"><span><\/span><span class=\"sharing-screen-reader-text\">Klick, um auf Tumblr zu teilen (Wird in neuem Fenster ge\u00f6ffnet)<\/span><\/a><\/li><li class=\"share-pinterest\"><a rel=\"nofollow noopener noreferrer\" data-shared=\"sharing-pinterest-1102\" class=\"share-pinterest sd-button share-icon no-text\" href=\"https:\/\/www.bayern-wolln-mer.net\/blog\/index.php\/archives\/franken-bayern\/1102-frankentatort-endlich-aber-man-schuttelt-schon-wieder-den-kopf-uber-uns.html?share=pinterest\" target=\"_blank\" title=\"Klick, um auf Pinterest zu teilen\"><span><\/span><span class=\"sharing-screen-reader-text\">Klick, um auf Pinterest zu teilen (Wird in neuem Fenster ge\u00f6ffnet)<\/span><\/a><\/li><li class=\"share-pocket\"><a rel=\"nofollow noopener noreferrer\" data-shared=\"\" class=\"share-pocket sd-button share-icon no-text\" href=\"https:\/\/www.bayern-wolln-mer.net\/blog\/index.php\/archives\/franken-bayern\/1102-frankentatort-endlich-aber-man-schuttelt-schon-wieder-den-kopf-uber-uns.html?share=pocket\" target=\"_blank\" title=\"Klick, um auf Pocket zu teilen\"><span><\/span><span class=\"sharing-screen-reader-text\">Klick, um auf Pocket zu teilen (Wird in neuem Fenster ge\u00f6ffnet)<\/span><\/a><\/li><li class=\"share-telegram\"><a rel=\"nofollow noopener noreferrer\" data-shared=\"\" class=\"share-telegram sd-button share-icon no-text\" href=\"https:\/\/www.bayern-wolln-mer.net\/blog\/index.php\/archives\/franken-bayern\/1102-frankentatort-endlich-aber-man-schuttelt-schon-wieder-den-kopf-uber-uns.html?share=telegram\" target=\"_blank\" title=\"Klicken, um auf Telegram zu teilen\"><span><\/span><span class=\"sharing-screen-reader-text\">Klicken, um auf Telegram zu teilen (Wird in neuem Fenster ge\u00f6ffnet)<\/span><\/a><\/li><li class=\"share-skype\"><a rel=\"nofollow noopener noreferrer\" data-shared=\"sharing-skype-1102\" class=\"share-skype sd-button share-icon no-text\" href=\"https:\/\/www.bayern-wolln-mer.net\/blog\/index.php\/archives\/franken-bayern\/1102-frankentatort-endlich-aber-man-schuttelt-schon-wieder-den-kopf-uber-uns.html?share=skype\" target=\"_blank\" title=\"Klicken, um in Skype zu teilen\"><span><\/span><span class=\"sharing-screen-reader-text\">Klicken, um in Skype zu teilen (Wird in neuem Fenster ge\u00f6ffnet)<\/span><\/a><\/li><li><a href=\"#\" class=\"sharing-anchor sd-button share-more\"><span>Mehr<\/span><\/a><\/li><li class=\"share-end\"><\/li><\/ul><div class=\"sharing-hidden\"><div class=\"inner\" style=\"display: none;width:150px;\"><ul style=\"background-image:none;\"><li class=\"share-facebook\"><a rel=\"nofollow noopener noreferrer\" data-shared=\"sharing-facebook-1102\" class=\"share-facebook sd-button share-icon no-text\" href=\"https:\/\/www.bayern-wolln-mer.net\/blog\/index.php\/archives\/franken-bayern\/1102-frankentatort-endlich-aber-man-schuttelt-schon-wieder-den-kopf-uber-uns.html?share=facebook\" target=\"_blank\" title=\"Klick, um auf Facebook zu teilen\"><span><\/span><span class=\"sharing-screen-reader-text\">Klick, um auf Facebook zu teilen (Wird in neuem Fenster ge\u00f6ffnet)<\/span><\/a><\/li><li class=\"share-end\"><\/li><\/ul><\/div><\/div><\/div><\/div><\/div>","protected":false},"author":3,"featured_media":0,"comment_status":"open","ping_status":"open","sticky":false,"template":"","format":"standard","meta":{"spay_email":"","jetpack_publicize_message":""},"categories":[4],"tags":[168,60,27,30,90,162,43,55],"jetpack_featured_media_url":"","jetpack_publicize_connections":[],"yoast_head":"<!-- This site is optimized with the Yoast SEO plugin v18.2 - https:\/\/yoast.com\/wordpress\/plugins\/seo\/ -->\n<meta name=\"robots\" content=\"index, follow, max-snippet:-1, max-image-preview:large, max-video-preview:-1\" \/>\n<link rel=\"canonical\" href=\"https:\/\/www.bayern-wolln-mer.net\/blog\/index.php\/archives\/franken-bayern\/1102-frankentatort-endlich-aber-man-schuttelt-schon-wieder-den-kopf-uber-uns.html\" \/>\n<meta property=\"og:locale\" content=\"de_DE\" \/>\n<meta property=\"og:type\" content=\"article\" \/>\n<meta property=\"og:title\" content=\"Frankentatort: Endlich, aber man sch\u00fcttelt schon wieder den Kopf \u00fcber uns! - Bayern-wolln-mer.net\" \/>\n<meta property=\"og:description\" content=\"Es ist nicht lange her, da ist der Bayerische Rundfunk \u00fcber seinen Schatten gesprungen und hat verk\u00fcndet nun endlich auch einen Tatort aus Franken zu bringen. Somit w\u00e4re der BR nicht mehr l\u00e4nger die einzige Sendeanstalt in Deutschland, die sich nur auf eine Stadt beschr\u00e4nkt. So weit, so gut, doch nun hat M\u00fcnchen wieder einen [&hellip;]\" \/>\n<meta property=\"og:url\" content=\"https:\/\/www.bayern-wolln-mer.net\/blog\/index.php\/archives\/franken-bayern\/1102-frankentatort-endlich-aber-man-schuttelt-schon-wieder-den-kopf-uber-uns.html\" \/>\n<meta property=\"og:site_name\" content=\"Bayern-wolln-mer.net\" \/>\n<meta property=\"article:published_time\" content=\"2012-10-20T08:07:47+00:00\" \/>\n<meta property=\"article:modified_time\" content=\"2015-04-10T09:58:32+00:00\" \/>\n<meta property=\"og:image\" content=\"https:\/\/www.bayern-wolln-mer.net\/blog\/wp-content\/uploads\/2012\/10\/Frankentatort.jpg\" \/>\n<meta name=\"twitter:card\" content=\"summary_large_image\" \/>\n<meta name=\"twitter:label1\" content=\"Verfasst von\" \/>\n\t<meta name=\"twitter:data1\" content=\"Andreas Brandl\" \/>\n\t<meta name=\"twitter:label2\" content=\"Gesch\u00e4tzte Lesezeit\" \/>\n\t<meta name=\"twitter:data2\" content=\"3\u00a0Minuten\" \/>\n<script type=\"application\/ld+json\" class=\"yoast-schema-graph\">{\"@context\":\"https:\/\/schema.org\",\"@graph\":[{\"@type\":\"WebSite\",\"@id\":\"https:\/\/www.bayern-wolln-mer.net\/blog\/#website\",\"url\":\"https:\/\/www.bayern-wolln-mer.net\/blog\/\",\"name\":\"Bayern-wolln-mer.net\",\"description\":\"Frankenblog! Frei statt Bayern! Freiheit f\u00fcr Franken!\",\"potentialAction\":[{\"@type\":\"SearchAction\",\"target\":{\"@type\":\"EntryPoint\",\"urlTemplate\":\"https:\/\/www.bayern-wolln-mer.net\/blog\/?s={search_term_string}\"},\"query-input\":\"required name=search_term_string\"}],\"inLanguage\":\"de\"},{\"@type\":\"ImageObject\",\"@id\":\"https:\/\/www.bayern-wolln-mer.net\/blog\/index.php\/archives\/franken-bayern\/1102-frankentatort-endlich-aber-man-schuttelt-schon-wieder-den-kopf-uber-uns.html#primaryimage\",\"inLanguage\":\"de\",\"url\":\"https:\/\/i2.wp.com\/www.bayern-wolln-mer.net\/blog\/wp-content\/uploads\/2012\/10\/Frankentatort.jpg?fit=442%2C232&ssl=1\",\"contentUrl\":\"https:\/\/i2.wp.com\/www.bayern-wolln-mer.net\/blog\/wp-content\/uploads\/2012\/10\/Frankentatort.jpg?fit=442%2C232&ssl=1\",\"width\":\"442\",\"height\":\"232\"},{\"@type\":\"WebPage\",\"@id\":\"https:\/\/www.bayern-wolln-mer.net\/blog\/index.php\/archives\/franken-bayern\/1102-frankentatort-endlich-aber-man-schuttelt-schon-wieder-den-kopf-uber-uns.html#webpage\",\"url\":\"https:\/\/www.bayern-wolln-mer.net\/blog\/index.php\/archives\/franken-bayern\/1102-frankentatort-endlich-aber-man-schuttelt-schon-wieder-den-kopf-uber-uns.html\",\"name\":\"Frankentatort: Endlich, aber man sch\u00fcttelt schon wieder den Kopf \u00fcber uns! - Bayern-wolln-mer.net\",\"isPartOf\":{\"@id\":\"https:\/\/www.bayern-wolln-mer.net\/blog\/#website\"},\"primaryImageOfPage\":{\"@id\":\"https:\/\/www.bayern-wolln-mer.net\/blog\/index.php\/archives\/franken-bayern\/1102-frankentatort-endlich-aber-man-schuttelt-schon-wieder-den-kopf-uber-uns.html#primaryimage\"},\"datePublished\":\"2012-10-20T08:07:47+00:00\",\"dateModified\":\"2015-04-10T09:58:32+00:00\",\"author\":{\"@id\":\"https:\/\/www.bayern-wolln-mer.net\/blog\/#\/schema\/person\/b9fcf524d723fdb81f40a1bed0e52f96\"},\"breadcrumb\":{\"@id\":\"https:\/\/www.bayern-wolln-mer.net\/blog\/index.php\/archives\/franken-bayern\/1102-frankentatort-endlich-aber-man-schuttelt-schon-wieder-den-kopf-uber-uns.html#breadcrumb\"},\"inLanguage\":\"de\",\"potentialAction\":[{\"@type\":\"ReadAction\",\"target\":[\"https:\/\/www.bayern-wolln-mer.net\/blog\/index.php\/archives\/franken-bayern\/1102-frankentatort-endlich-aber-man-schuttelt-schon-wieder-den-kopf-uber-uns.html\"]}]},{\"@type\":\"BreadcrumbList\",\"@id\":\"https:\/\/www.bayern-wolln-mer.net\/blog\/index.php\/archives\/franken-bayern\/1102-frankentatort-endlich-aber-man-schuttelt-schon-wieder-den-kopf-uber-uns.html#breadcrumb\",\"itemListElement\":[{\"@type\":\"ListItem\",\"position\":1,\"name\":\"Startseite\",\"item\":\"https:\/\/www.bayern-wolln-mer.net\/blog\"},{\"@type\":\"ListItem\",\"position\":2,\"name\":\"Frankentatort: Endlich, aber man sch\u00fcttelt schon wieder den Kopf \u00fcber uns!\"}]},{\"@type\":\"Person\",\"@id\":\"https:\/\/www.bayern-wolln-mer.net\/blog\/#\/schema\/person\/b9fcf524d723fdb81f40a1bed0e52f96\",\"name\":\"Andreas Brandl\",\"image\":{\"@type\":\"ImageObject\",\"@id\":\"https:\/\/www.bayern-wolln-mer.net\/blog\/#personlogo\",\"inLanguage\":\"de\",\"url\":\"https:\/\/secure.gravatar.com\/avatar\/7c2e8ddf168a4d43fa09a0495da2d513?s=96&d=mm&r=g\",\"contentUrl\":\"https:\/\/secure.gravatar.com\/avatar\/7c2e8ddf168a4d43fa09a0495da2d513?s=96&d=mm&r=g\",\"caption\":\"Andreas Brandl\"},\"sameAs\":[\"https:\/\/www.bayern-wolln-mer.net\"],\"url\":\"https:\/\/www.bayern-wolln-mer.net\/blog\/index.php\/archives\/author\/andy\"}]}<\/script>\n<!-- \/ Yoast SEO plugin. -->","yoast_head_json":{"robots":{"index":"index","follow":"follow","max-snippet":"max-snippet:-1","max-image-preview":"max-image-preview:large","max-video-preview":"max-video-preview:-1"},"canonical":"https:\/\/www.bayern-wolln-mer.net\/blog\/index.php\/archives\/franken-bayern\/1102-frankentatort-endlich-aber-man-schuttelt-schon-wieder-den-kopf-uber-uns.html","og_locale":"de_DE","og_type":"article","og_title":"Frankentatort: Endlich, aber man sch\u00fcttelt schon wieder den Kopf \u00fcber uns! - Bayern-wolln-mer.net","og_description":"Es ist nicht lange her, da ist der Bayerische Rundfunk \u00fcber seinen Schatten gesprungen und hat verk\u00fcndet nun endlich auch einen Tatort aus Franken zu bringen. Somit w\u00e4re der BR nicht mehr l\u00e4nger die einzige Sendeanstalt in Deutschland, die sich nur auf eine Stadt beschr\u00e4nkt. So weit, so gut, doch nun hat M\u00fcnchen wieder einen [&hellip;]","og_url":"https:\/\/www.bayern-wolln-mer.net\/blog\/index.php\/archives\/franken-bayern\/1102-frankentatort-endlich-aber-man-schuttelt-schon-wieder-den-kopf-uber-uns.html","og_site_name":"Bayern-wolln-mer.net","article_published_time":"2012-10-20T08:07:47+00:00","article_modified_time":"2015-04-10T09:58:32+00:00","og_image":[{"url":"https:\/\/www.bayern-wolln-mer.net\/blog\/wp-content\/uploads\/2012\/10\/Frankentatort.jpg"}],"twitter_card":"summary_large_image","twitter_misc":{"Verfasst von":"Andreas Brandl","Gesch\u00e4tzte Lesezeit":"3\u00a0Minuten"},"schema":{"@context":"https:\/\/schema.org","@graph":[{"@type":"WebSite","@id":"https:\/\/www.bayern-wolln-mer.net\/blog\/#website","url":"https:\/\/www.bayern-wolln-mer.net\/blog\/","name":"Bayern-wolln-mer.net","description":"Frankenblog! Frei statt Bayern! Freiheit f\u00fcr Franken!","potentialAction":[{"@type":"SearchAction","target":{"@type":"EntryPoint","urlTemplate":"https:\/\/www.bayern-wolln-mer.net\/blog\/?s={search_term_string}"},"query-input":"required name=search_term_string"}],"inLanguage":"de"},{"@type":"ImageObject","@id":"https:\/\/www.bayern-wolln-mer.net\/blog\/index.php\/archives\/franken-bayern\/1102-frankentatort-endlich-aber-man-schuttelt-schon-wieder-den-kopf-uber-uns.html#primaryimage","inLanguage":"de","url":"https:\/\/i2.wp.com\/www.bayern-wolln-mer.net\/blog\/wp-content\/uploads\/2012\/10\/Frankentatort.jpg?fit=442%2C232&ssl=1","contentUrl":"https:\/\/i2.wp.com\/www.bayern-wolln-mer.net\/blog\/wp-content\/uploads\/2012\/10\/Frankentatort.jpg?fit=442%2C232&ssl=1","width":"442","height":"232"},{"@type":"WebPage","@id":"https:\/\/www.bayern-wolln-mer.net\/blog\/index.php\/archives\/franken-bayern\/1102-frankentatort-endlich-aber-man-schuttelt-schon-wieder-den-kopf-uber-uns.html#webpage","url":"https:\/\/www.bayern-wolln-mer.net\/blog\/index.php\/archives\/franken-bayern\/1102-frankentatort-endlich-aber-man-schuttelt-schon-wieder-den-kopf-uber-uns.html","name":"Frankentatort: Endlich, aber man sch\u00fcttelt schon wieder den Kopf \u00fcber uns! - Bayern-wolln-mer.net","isPartOf":{"@id":"https:\/\/www.bayern-wolln-mer.net\/blog\/#website"},"primaryImageOfPage":{"@id":"https:\/\/www.bayern-wolln-mer.net\/blog\/index.php\/archives\/franken-bayern\/1102-frankentatort-endlich-aber-man-schuttelt-schon-wieder-den-kopf-uber-uns.html#primaryimage"},"datePublished":"2012-10-20T08:07:47+00:00","dateModified":"2015-04-10T09:58:32+00:00","author":{"@id":"https:\/\/www.bayern-wolln-mer.net\/blog\/#\/schema\/person\/b9fcf524d723fdb81f40a1bed0e52f96"},"breadcrumb":{"@id":"https:\/\/www.bayern-wolln-mer.net\/blog\/index.php\/archives\/franken-bayern\/1102-frankentatort-endlich-aber-man-schuttelt-schon-wieder-den-kopf-uber-uns.html#breadcrumb"},"inLanguage":"de","potentialAction":[{"@type":"ReadAction","target":["https:\/\/www.bayern-wolln-mer.net\/blog\/index.php\/archives\/franken-bayern\/1102-frankentatort-endlich-aber-man-schuttelt-schon-wieder-den-kopf-uber-uns.html"]}]},{"@type":"BreadcrumbList","@id":"https:\/\/www.bayern-wolln-mer.net\/blog\/index.php\/archives\/franken-bayern\/1102-frankentatort-endlich-aber-man-schuttelt-schon-wieder-den-kopf-uber-uns.html#breadcrumb","itemListElement":[{"@type":"ListItem","position":1,"name":"Startseite","item":"https:\/\/www.bayern-wolln-mer.net\/blog"},{"@type":"ListItem","position":2,"name":"Frankentatort: Endlich, aber man sch\u00fcttelt schon wieder den Kopf \u00fcber uns!"}]},{"@type":"Person","@id":"https:\/\/www.bayern-wolln-mer.net\/blog\/#\/schema\/person\/b9fcf524d723fdb81f40a1bed0e52f96","name":"Andreas Brandl","image":{"@type":"ImageObject","@id":"https:\/\/www.bayern-wolln-mer.net\/blog\/#personlogo","inLanguage":"de","url":"https:\/\/secure.gravatar.com\/avatar\/7c2e8ddf168a4d43fa09a0495da2d513?s=96&d=mm&r=g","contentUrl":"https:\/\/secure.gravatar.com\/avatar\/7c2e8ddf168a4d43fa09a0495da2d513?s=96&d=mm&r=g","caption":"Andreas Brandl"},"sameAs":["https:\/\/www.bayern-wolln-mer.net"],"url":"https:\/\/www.bayern-wolln-mer.net\/blog\/index.php\/archives\/author\/andy"}]}},"jetpack_sharing_enabled":true,"jetpack_shortlink":"https:\/\/wp.me\/p7UoAp-hM","jetpack-related-posts":[],"_links":{"self":[{"href":"https:\/\/www.bayern-wolln-mer.net\/blog\/index.php\/wp-json\/wp\/v2\/posts\/1102"}],"collection":[{"href":"https:\/\/www.bayern-wolln-mer.net\/blog\/index.php\/wp-json\/wp\/v2\/posts"}],"about":[{"href":"https:\/\/www.bayern-wolln-mer.net\/blog\/index.php\/wp-json\/wp\/v2\/types\/post"}],"author":[{"embeddable":true,"href":"https:\/\/www.bayern-wolln-mer.net\/blog\/index.php\/wp-json\/wp\/v2\/users\/3"}],"replies":[{"embeddable":true,"href":"https:\/\/www.bayern-wolln-mer.net\/blog\/index.php\/wp-json\/wp\/v2\/comments?post=1102"}],"version-history":[{"count":18,"href":"https:\/\/www.bayern-wolln-mer.net\/blog\/index.php\/wp-json\/wp\/v2\/posts\/1102\/revisions"}],"predecessor-version":[{"id":1422,"href":"https:\/\/www.bayern-wolln-mer.net\/blog\/index.php\/wp-json\/wp\/v2\/posts\/1102\/revisions\/1422"}],"wp:attachment":[{"href":"https:\/\/www.bayern-wolln-mer.net\/blog\/index.php\/wp-json\/wp\/v2\/media?parent=1102"}],"wp:term":[{"taxonomy":"category","embeddable":true,"href":"https:\/\/www.bayern-wolln-mer.net\/blog\/index.php\/wp-json\/wp\/v2\/categories?post=1102"},{"taxonomy":"post_tag","embeddable":true,"href":"https:\/\/www.bayern-wolln-mer.net\/blog\/index.php\/wp-json\/wp\/v2\/tags?post=1102"}],"curies":[{"name":"wp","href":"https:\/\/api.w.org\/{rel}","templated":true}]}}