{"id":111,"date":"2007-10-14T17:05:59","date_gmt":"2007-10-14T15:05:59","guid":{"rendered":"http:\/\/bayern-wolln-mer.net\/blog\/index.php\/archives\/naemberch\/111-wahl-zum-nuernberger-christkind.html"},"modified":"2007-10-14T17:08:29","modified_gmt":"2007-10-14T15:08:29","slug":"wahl-zum-nuernberger-christkind","status":"publish","type":"post","link":"https:\/\/www.bayern-wolln-mer.net\/blog\/index.php\/archives\/naemberch\/111-wahl-zum-nuernberger-christkind.html","title":{"rendered":"Wahl zum N\u00fcrnberger Christkind"},"content":{"rendered":"<p>Alle zwei Jahre wird seit 1969 ein junges M\u00e4dchen zum <strong>N\u00fcrnberger Christkind<\/strong> gew\u00e4hlt, dessen Aufgaben sich nicht nur auf den <a target=\"_blank\" href=\"https:\/\/www.br-online.de\/land-und-leute\/thema\/christkindlesmarkt\/prolog.xml\">Prolog <\/a>zur Er\u00f6ffnung des <a target=\"_blank\" href=\"https:\/\/www.christkindlesmarkt.de\/\"><strong>weltber\u00fchmten Marktes<\/strong><\/a> (<a target=\"_blank\" title=\"Deutsche Lieblingsorte Platz 20 Christkindelsmarkt, N\u00fcrnberg\" href=\"https:\/\/bayern-wolln-mer.net\/blog\/index.php\/archives\/allgemein\/10-christkindlesmarkt-20-lieblingsort-der-deutschen.html\">N\u00fcrnberger Christkindlesmarkt<\/a>) beschr\u00e4nken. \u00dcber mehrere Monate in der Weihnachtszeit wird es als Botschafter der Frankenmetropole u.a. auch ins Ausland reisen.<\/p>\n<p>Zur Zeit steht wieder die Wahl an f\u00fcr das Christkind der Jahre 2007 und 2008 an, quasi die Nachfolgerin f\u00fcr <strong>Eva Sattler<\/strong> (<a target=\"_blank\" href=\"https:\/\/www.spiegel.de\/schulspiegel\/leben\/0,1518,456387,00.html\">Bericht auf spiegel.de<\/a>). <strong>Und sie k\u00f6nnen mit abstimmen!<\/strong><\/p>\n<p>Auf <a target=\"_blank\" title=\"Wahl des N\u00fcrnberger Christkinds 2007\" href=\"https:\/\/www.christkindlesmarkt.de\/index.php?navi=1&#038;rid=82&#038;artid=327\">christkindlesmarkt.de (<strong>Online-Wahl<\/strong> hier)<\/a> finden Sie die zw\u00f6lf Kandidatinnen, die aus insgesamt 61 Bewerberinnen ermittelt wurden. Bis zum Mittwoch, den 24. Oktober 2007 k\u00f6nnen Sie noch mit abstimmen.<\/p>\n<p>Danach werden die Stimmen der Internet-Wahl zusammen mit den bei <strong>N\u00fcrnberger Zeitungen<\/strong> eingereichten Stimmzetteln ausgewertet und die sechs Bewerberinnen mit den meisten Stimmen m\u00fcssen sich im November erneut einer Jury stellen. Erst dann wird das <strong>Christkind 2007\/2008<\/strong> gek\u00fcrt!<\/p>\n<div class=\"sharedaddy sd-sharing-enabled\"><div class=\"robots-nocontent sd-block sd-social sd-social-icon sd-sharing\"><h3 class=\"sd-title\">Share this:<\/h3><div class=\"sd-content\"><ul><li class=\"share-print\"><a rel=\"nofollow noopener noreferrer\" data-shared=\"\" class=\"share-print sd-button share-icon no-text\" href=\"https:\/\/www.bayern-wolln-mer.net\/blog\/index.php\/archives\/naemberch\/111-wahl-zum-nuernberger-christkind.html\" target=\"_blank\" title=\"Klicken zum Ausdrucken\"><span><\/span><span class=\"sharing-screen-reader-text\">Klicken zum Ausdrucken (Wird in neuem Fenster ge\u00f6ffnet)<\/span><\/a><\/li><li class=\"share-email\"><a rel=\"nofollow noopener noreferrer\" data-shared=\"\" class=\"share-email sd-button share-icon no-text\" href=\"https:\/\/www.bayern-wolln-mer.net\/blog\/index.php\/archives\/naemberch\/111-wahl-zum-nuernberger-christkind.html?share=email\" target=\"_blank\" title=\"Klick, um dies einem Freund per E-Mail zu senden\"><span><\/span><span class=\"sharing-screen-reader-text\">Klick, um dies einem Freund per E-Mail zu senden (Wird in neuem Fenster ge\u00f6ffnet)<\/span><\/a><\/li><li class=\"share-twitter\"><a rel=\"nofollow noopener noreferrer\" data-shared=\"sharing-twitter-111\" class=\"share-twitter sd-button share-icon no-text\" href=\"https:\/\/www.bayern-wolln-mer.net\/blog\/index.php\/archives\/naemberch\/111-wahl-zum-nuernberger-christkind.html?share=twitter\" target=\"_blank\" title=\"Klick, um \u00fcber Twitter zu teilen\"><span><\/span><span class=\"sharing-screen-reader-text\">Klick, um \u00fcber Twitter zu teilen (Wird in neuem Fenster ge\u00f6ffnet)<\/span><\/a><\/li><li class=\"share-jetpack-whatsapp\"><a rel=\"nofollow noopener noreferrer\" data-shared=\"\" class=\"share-jetpack-whatsapp sd-button share-icon no-text\" href=\"https:\/\/www.bayern-wolln-mer.net\/blog\/index.php\/archives\/naemberch\/111-wahl-zum-nuernberger-christkind.html?share=jetpack-whatsapp\" target=\"_blank\" title=\"Klicken, um auf WhatsApp zu teilen\"><span><\/span><span class=\"sharing-screen-reader-text\">Klicken, um auf WhatsApp zu teilen (Wird in neuem Fenster ge\u00f6ffnet)<\/span><\/a><\/li><li class=\"share-linkedin\"><a rel=\"nofollow noopener noreferrer\" data-shared=\"sharing-linkedin-111\" class=\"share-linkedin sd-button share-icon no-text\" href=\"https:\/\/www.bayern-wolln-mer.net\/blog\/index.php\/archives\/naemberch\/111-wahl-zum-nuernberger-christkind.html?share=linkedin\" target=\"_blank\" title=\"Klick, um auf LinkedIn zu teilen\"><span><\/span><span class=\"sharing-screen-reader-text\">Klick, um auf LinkedIn zu teilen (Wird in neuem Fenster ge\u00f6ffnet)<\/span><\/a><\/li><li class=\"share-reddit\"><a rel=\"nofollow noopener noreferrer\" data-shared=\"\" class=\"share-reddit sd-button share-icon no-text\" href=\"https:\/\/www.bayern-wolln-mer.net\/blog\/index.php\/archives\/naemberch\/111-wahl-zum-nuernberger-christkind.html?share=reddit\" target=\"_blank\" title=\"Klick, um auf Reddit zu teilen\"><span><\/span><span class=\"sharing-screen-reader-text\">Klick, um auf Reddit zu teilen (Wird in neuem Fenster ge\u00f6ffnet)<\/span><\/a><\/li><li class=\"share-tumblr\"><a rel=\"nofollow noopener noreferrer\" data-shared=\"\" class=\"share-tumblr sd-button share-icon no-text\" href=\"https:\/\/www.bayern-wolln-mer.net\/blog\/index.php\/archives\/naemberch\/111-wahl-zum-nuernberger-christkind.html?share=tumblr\" target=\"_blank\" title=\"Klick, um auf Tumblr zu teilen\"><span><\/span><span class=\"sharing-screen-reader-text\">Klick, um auf Tumblr zu teilen (Wird in neuem Fenster ge\u00f6ffnet)<\/span><\/a><\/li><li class=\"share-pinterest\"><a rel=\"nofollow noopener noreferrer\" data-shared=\"sharing-pinterest-111\" class=\"share-pinterest sd-button share-icon no-text\" href=\"https:\/\/www.bayern-wolln-mer.net\/blog\/index.php\/archives\/naemberch\/111-wahl-zum-nuernberger-christkind.html?share=pinterest\" target=\"_blank\" title=\"Klick, um auf Pinterest zu teilen\"><span><\/span><span class=\"sharing-screen-reader-text\">Klick, um auf Pinterest zu teilen (Wird in neuem Fenster ge\u00f6ffnet)<\/span><\/a><\/li><li class=\"share-pocket\"><a rel=\"nofollow noopener noreferrer\" data-shared=\"\" class=\"share-pocket sd-button share-icon no-text\" href=\"https:\/\/www.bayern-wolln-mer.net\/blog\/index.php\/archives\/naemberch\/111-wahl-zum-nuernberger-christkind.html?share=pocket\" target=\"_blank\" title=\"Klick, um auf Pocket zu teilen\"><span><\/span><span class=\"sharing-screen-reader-text\">Klick, um auf Pocket zu teilen (Wird in neuem Fenster ge\u00f6ffnet)<\/span><\/a><\/li><li class=\"share-telegram\"><a rel=\"nofollow noopener noreferrer\" data-shared=\"\" class=\"share-telegram sd-button share-icon no-text\" href=\"https:\/\/www.bayern-wolln-mer.net\/blog\/index.php\/archives\/naemberch\/111-wahl-zum-nuernberger-christkind.html?share=telegram\" target=\"_blank\" title=\"Klicken, um auf Telegram zu teilen\"><span><\/span><span class=\"sharing-screen-reader-text\">Klicken, um auf Telegram zu teilen (Wird in neuem Fenster ge\u00f6ffnet)<\/span><\/a><\/li><li class=\"share-skype\"><a rel=\"nofollow noopener noreferrer\" data-shared=\"sharing-skype-111\" class=\"share-skype sd-button share-icon no-text\" href=\"https:\/\/www.bayern-wolln-mer.net\/blog\/index.php\/archives\/naemberch\/111-wahl-zum-nuernberger-christkind.html?share=skype\" target=\"_blank\" title=\"Klicken, um in Skype zu teilen\"><span><\/span><span class=\"sharing-screen-reader-text\">Klicken, um in Skype zu teilen (Wird in neuem Fenster ge\u00f6ffnet)<\/span><\/a><\/li><li><a href=\"#\" class=\"sharing-anchor sd-button share-more\"><span>Mehr<\/span><\/a><\/li><li class=\"share-end\"><\/li><\/ul><div class=\"sharing-hidden\"><div class=\"inner\" style=\"display: none;width:150px;\"><ul style=\"background-image:none;\"><li class=\"share-facebook\"><a rel=\"nofollow noopener noreferrer\" data-shared=\"sharing-facebook-111\" class=\"share-facebook sd-button share-icon no-text\" href=\"https:\/\/www.bayern-wolln-mer.net\/blog\/index.php\/archives\/naemberch\/111-wahl-zum-nuernberger-christkind.html?share=facebook\" target=\"_blank\" title=\"Klick, um auf Facebook zu teilen\"><span><\/span><span class=\"sharing-screen-reader-text\">Klick, um auf Facebook zu teilen (Wird in neuem Fenster ge\u00f6ffnet)<\/span><\/a><\/li><li class=\"share-end\"><\/li><\/ul><\/div><\/div><\/div><\/div><\/div>","protected":false},"excerpt":{"rendered":"<p>Alle zwei Jahre wird seit 1969 ein junges M\u00e4dchen zum N\u00fcrnberger Christkind gew\u00e4hlt, dessen Aufgaben sich nicht nur auf den Prolog zur Er\u00f6ffnung des weltber\u00fchmten Marktes (N\u00fcrnberger Christkindlesmarkt) beschr\u00e4nken. \u00dcber mehrere Monate in der Weihnachtszeit wird es als Botschafter der Frankenmetropole u.a. auch ins Ausland reisen. Zur Zeit steht wieder die Wahl an f\u00fcr das [&hellip;]<\/p>\n<div class=\"sharedaddy sd-sharing-enabled\"><div class=\"robots-nocontent sd-block sd-social sd-social-icon sd-sharing\"><h3 class=\"sd-title\">Share this:<\/h3><div class=\"sd-content\"><ul><li class=\"share-print\"><a rel=\"nofollow noopener noreferrer\" data-shared=\"\" class=\"share-print sd-button share-icon no-text\" href=\"https:\/\/www.bayern-wolln-mer.net\/blog\/index.php\/archives\/naemberch\/111-wahl-zum-nuernberger-christkind.html\" target=\"_blank\" title=\"Klicken zum Ausdrucken\"><span><\/span><span class=\"sharing-screen-reader-text\">Klicken zum Ausdrucken (Wird in neuem Fenster ge\u00f6ffnet)<\/span><\/a><\/li><li class=\"share-email\"><a rel=\"nofollow noopener noreferrer\" data-shared=\"\" class=\"share-email sd-button share-icon no-text\" href=\"https:\/\/www.bayern-wolln-mer.net\/blog\/index.php\/archives\/naemberch\/111-wahl-zum-nuernberger-christkind.html?share=email\" target=\"_blank\" title=\"Klick, um dies einem Freund per E-Mail zu senden\"><span><\/span><span class=\"sharing-screen-reader-text\">Klick, um dies einem Freund per E-Mail zu senden (Wird in neuem Fenster ge\u00f6ffnet)<\/span><\/a><\/li><li class=\"share-twitter\"><a rel=\"nofollow noopener noreferrer\" data-shared=\"sharing-twitter-111\" class=\"share-twitter sd-button share-icon no-text\" href=\"https:\/\/www.bayern-wolln-mer.net\/blog\/index.php\/archives\/naemberch\/111-wahl-zum-nuernberger-christkind.html?share=twitter\" target=\"_blank\" title=\"Klick, um \u00fcber Twitter zu teilen\"><span><\/span><span class=\"sharing-screen-reader-text\">Klick, um \u00fcber Twitter zu teilen (Wird in neuem Fenster ge\u00f6ffnet)<\/span><\/a><\/li><li class=\"share-jetpack-whatsapp\"><a rel=\"nofollow noopener noreferrer\" data-shared=\"\" class=\"share-jetpack-whatsapp sd-button share-icon no-text\" href=\"https:\/\/www.bayern-wolln-mer.net\/blog\/index.php\/archives\/naemberch\/111-wahl-zum-nuernberger-christkind.html?share=jetpack-whatsapp\" target=\"_blank\" title=\"Klicken, um auf WhatsApp zu teilen\"><span><\/span><span class=\"sharing-screen-reader-text\">Klicken, um auf WhatsApp zu teilen (Wird in neuem Fenster ge\u00f6ffnet)<\/span><\/a><\/li><li class=\"share-linkedin\"><a rel=\"nofollow noopener noreferrer\" data-shared=\"sharing-linkedin-111\" class=\"share-linkedin sd-button share-icon no-text\" href=\"https:\/\/www.bayern-wolln-mer.net\/blog\/index.php\/archives\/naemberch\/111-wahl-zum-nuernberger-christkind.html?share=linkedin\" target=\"_blank\" title=\"Klick, um auf LinkedIn zu teilen\"><span><\/span><span class=\"sharing-screen-reader-text\">Klick, um auf LinkedIn zu teilen (Wird in neuem Fenster ge\u00f6ffnet)<\/span><\/a><\/li><li class=\"share-reddit\"><a rel=\"nofollow noopener noreferrer\" data-shared=\"\" class=\"share-reddit sd-button share-icon no-text\" href=\"https:\/\/www.bayern-wolln-mer.net\/blog\/index.php\/archives\/naemberch\/111-wahl-zum-nuernberger-christkind.html?share=reddit\" target=\"_blank\" title=\"Klick, um auf Reddit zu teilen\"><span><\/span><span class=\"sharing-screen-reader-text\">Klick, um auf Reddit zu teilen (Wird in neuem Fenster ge\u00f6ffnet)<\/span><\/a><\/li><li class=\"share-tumblr\"><a rel=\"nofollow noopener noreferrer\" data-shared=\"\" class=\"share-tumblr sd-button share-icon no-text\" href=\"https:\/\/www.bayern-wolln-mer.net\/blog\/index.php\/archives\/naemberch\/111-wahl-zum-nuernberger-christkind.html?share=tumblr\" target=\"_blank\" title=\"Klick, um auf Tumblr zu teilen\"><span><\/span><span class=\"sharing-screen-reader-text\">Klick, um auf Tumblr zu teilen (Wird in neuem Fenster ge\u00f6ffnet)<\/span><\/a><\/li><li class=\"share-pinterest\"><a rel=\"nofollow noopener noreferrer\" data-shared=\"sharing-pinterest-111\" class=\"share-pinterest sd-button share-icon no-text\" href=\"https:\/\/www.bayern-wolln-mer.net\/blog\/index.php\/archives\/naemberch\/111-wahl-zum-nuernberger-christkind.html?share=pinterest\" target=\"_blank\" title=\"Klick, um auf Pinterest zu teilen\"><span><\/span><span class=\"sharing-screen-reader-text\">Klick, um auf Pinterest zu teilen (Wird in neuem Fenster ge\u00f6ffnet)<\/span><\/a><\/li><li class=\"share-pocket\"><a rel=\"nofollow noopener noreferrer\" data-shared=\"\" class=\"share-pocket sd-button share-icon no-text\" href=\"https:\/\/www.bayern-wolln-mer.net\/blog\/index.php\/archives\/naemberch\/111-wahl-zum-nuernberger-christkind.html?share=pocket\" target=\"_blank\" title=\"Klick, um auf Pocket zu teilen\"><span><\/span><span class=\"sharing-screen-reader-text\">Klick, um auf Pocket zu teilen (Wird in neuem Fenster ge\u00f6ffnet)<\/span><\/a><\/li><li class=\"share-telegram\"><a rel=\"nofollow noopener noreferrer\" data-shared=\"\" class=\"share-telegram sd-button share-icon no-text\" href=\"https:\/\/www.bayern-wolln-mer.net\/blog\/index.php\/archives\/naemberch\/111-wahl-zum-nuernberger-christkind.html?share=telegram\" target=\"_blank\" title=\"Klicken, um auf Telegram zu teilen\"><span><\/span><span class=\"sharing-screen-reader-text\">Klicken, um auf Telegram zu teilen (Wird in neuem Fenster ge\u00f6ffnet)<\/span><\/a><\/li><li class=\"share-skype\"><a rel=\"nofollow noopener noreferrer\" data-shared=\"sharing-skype-111\" class=\"share-skype sd-button share-icon no-text\" href=\"https:\/\/www.bayern-wolln-mer.net\/blog\/index.php\/archives\/naemberch\/111-wahl-zum-nuernberger-christkind.html?share=skype\" target=\"_blank\" title=\"Klicken, um in Skype zu teilen\"><span><\/span><span class=\"sharing-screen-reader-text\">Klicken, um in Skype zu teilen (Wird in neuem Fenster ge\u00f6ffnet)<\/span><\/a><\/li><li><a href=\"#\" class=\"sharing-anchor sd-button share-more\"><span>Mehr<\/span><\/a><\/li><li class=\"share-end\"><\/li><\/ul><div class=\"sharing-hidden\"><div class=\"inner\" style=\"display: none;width:150px;\"><ul style=\"background-image:none;\"><li class=\"share-facebook\"><a rel=\"nofollow noopener noreferrer\" data-shared=\"sharing-facebook-111\" class=\"share-facebook sd-button share-icon no-text\" href=\"https:\/\/www.bayern-wolln-mer.net\/blog\/index.php\/archives\/naemberch\/111-wahl-zum-nuernberger-christkind.html?share=facebook\" target=\"_blank\" title=\"Klick, um auf Facebook zu teilen\"><span><\/span><span class=\"sharing-screen-reader-text\">Klick, um auf Facebook zu teilen (Wird in neuem Fenster ge\u00f6ffnet)<\/span><\/a><\/li><li class=\"share-end\"><\/li><\/ul><\/div><\/div><\/div><\/div><\/div>","protected":false},"author":3,"featured_media":0,"comment_status":"open","ping_status":"open","sticky":false,"template":"","format":"standard","meta":{"spay_email":"","jetpack_publicize_message":""},"categories":[11],"tags":[52],"jetpack_featured_media_url":"","jetpack_publicize_connections":[],"yoast_head":"<!-- This site is optimized with the Yoast SEO plugin v18.2 - https:\/\/yoast.com\/wordpress\/plugins\/seo\/ -->\n<meta name=\"robots\" content=\"index, follow, max-snippet:-1, max-image-preview:large, max-video-preview:-1\" \/>\n<link rel=\"canonical\" href=\"https:\/\/www.bayern-wolln-mer.net\/blog\/index.php\/archives\/naemberch\/111-wahl-zum-nuernberger-christkind.html\" \/>\n<meta property=\"og:locale\" content=\"de_DE\" \/>\n<meta property=\"og:type\" content=\"article\" \/>\n<meta property=\"og:title\" content=\"Wahl zum N\u00fcrnberger Christkind - Bayern-wolln-mer.net\" \/>\n<meta property=\"og:description\" content=\"Alle zwei Jahre wird seit 1969 ein junges M\u00e4dchen zum N\u00fcrnberger Christkind gew\u00e4hlt, dessen Aufgaben sich nicht nur auf den Prolog zur Er\u00f6ffnung des weltber\u00fchmten Marktes (N\u00fcrnberger Christkindlesmarkt) beschr\u00e4nken. \u00dcber mehrere Monate in der Weihnachtszeit wird es als Botschafter der Frankenmetropole u.a. auch ins Ausland reisen. Zur Zeit steht wieder die Wahl an f\u00fcr das [&hellip;]\" \/>\n<meta property=\"og:url\" content=\"https:\/\/www.bayern-wolln-mer.net\/blog\/index.php\/archives\/naemberch\/111-wahl-zum-nuernberger-christkind.html\" \/>\n<meta property=\"og:site_name\" content=\"Bayern-wolln-mer.net\" \/>\n<meta property=\"article:published_time\" content=\"2007-10-14T15:05:59+00:00\" \/>\n<meta property=\"article:modified_time\" content=\"2007-10-14T15:08:29+00:00\" \/>\n<meta name=\"twitter:card\" content=\"summary_large_image\" \/>\n<meta name=\"twitter:label1\" content=\"Verfasst von\" \/>\n\t<meta name=\"twitter:data1\" content=\"Andreas Brandl\" \/>\n\t<meta name=\"twitter:label2\" content=\"Gesch\u00e4tzte Lesezeit\" \/>\n\t<meta name=\"twitter:data2\" content=\"1\u00a0Minute\" \/>\n<script type=\"application\/ld+json\" class=\"yoast-schema-graph\">{\"@context\":\"https:\/\/schema.org\",\"@graph\":[{\"@type\":\"WebSite\",\"@id\":\"https:\/\/www.bayern-wolln-mer.net\/blog\/#website\",\"url\":\"https:\/\/www.bayern-wolln-mer.net\/blog\/\",\"name\":\"Bayern-wolln-mer.net\",\"description\":\"Frankenblog! Frei statt Bayern! Freiheit f\u00fcr Franken!\",\"potentialAction\":[{\"@type\":\"SearchAction\",\"target\":{\"@type\":\"EntryPoint\",\"urlTemplate\":\"https:\/\/www.bayern-wolln-mer.net\/blog\/?s={search_term_string}\"},\"query-input\":\"required name=search_term_string\"}],\"inLanguage\":\"de\"},{\"@type\":\"WebPage\",\"@id\":\"https:\/\/www.bayern-wolln-mer.net\/blog\/index.php\/archives\/naemberch\/111-wahl-zum-nuernberger-christkind.html#webpage\",\"url\":\"https:\/\/www.bayern-wolln-mer.net\/blog\/index.php\/archives\/naemberch\/111-wahl-zum-nuernberger-christkind.html\",\"name\":\"Wahl zum N\u00fcrnberger Christkind - Bayern-wolln-mer.net\",\"isPartOf\":{\"@id\":\"https:\/\/www.bayern-wolln-mer.net\/blog\/#website\"},\"datePublished\":\"2007-10-14T15:05:59+00:00\",\"dateModified\":\"2007-10-14T15:08:29+00:00\",\"author\":{\"@id\":\"https:\/\/www.bayern-wolln-mer.net\/blog\/#\/schema\/person\/b9fcf524d723fdb81f40a1bed0e52f96\"},\"breadcrumb\":{\"@id\":\"https:\/\/www.bayern-wolln-mer.net\/blog\/index.php\/archives\/naemberch\/111-wahl-zum-nuernberger-christkind.html#breadcrumb\"},\"inLanguage\":\"de\",\"potentialAction\":[{\"@type\":\"ReadAction\",\"target\":[\"https:\/\/www.bayern-wolln-mer.net\/blog\/index.php\/archives\/naemberch\/111-wahl-zum-nuernberger-christkind.html\"]}]},{\"@type\":\"BreadcrumbList\",\"@id\":\"https:\/\/www.bayern-wolln-mer.net\/blog\/index.php\/archives\/naemberch\/111-wahl-zum-nuernberger-christkind.html#breadcrumb\",\"itemListElement\":[{\"@type\":\"ListItem\",\"position\":1,\"name\":\"Startseite\",\"item\":\"https:\/\/www.bayern-wolln-mer.net\/blog\"},{\"@type\":\"ListItem\",\"position\":2,\"name\":\"Wahl zum N\u00fcrnberger Christkind\"}]},{\"@type\":\"Person\",\"@id\":\"https:\/\/www.bayern-wolln-mer.net\/blog\/#\/schema\/person\/b9fcf524d723fdb81f40a1bed0e52f96\",\"name\":\"Andreas Brandl\",\"image\":{\"@type\":\"ImageObject\",\"@id\":\"https:\/\/www.bayern-wolln-mer.net\/blog\/#personlogo\",\"inLanguage\":\"de\",\"url\":\"https:\/\/secure.gravatar.com\/avatar\/7c2e8ddf168a4d43fa09a0495da2d513?s=96&d=mm&r=g\",\"contentUrl\":\"https:\/\/secure.gravatar.com\/avatar\/7c2e8ddf168a4d43fa09a0495da2d513?s=96&d=mm&r=g\",\"caption\":\"Andreas Brandl\"},\"sameAs\":[\"https:\/\/www.bayern-wolln-mer.net\"],\"url\":\"https:\/\/www.bayern-wolln-mer.net\/blog\/index.php\/archives\/author\/andy\"}]}<\/script>\n<!-- \/ Yoast SEO plugin. -->","yoast_head_json":{"robots":{"index":"index","follow":"follow","max-snippet":"max-snippet:-1","max-image-preview":"max-image-preview:large","max-video-preview":"max-video-preview:-1"},"canonical":"https:\/\/www.bayern-wolln-mer.net\/blog\/index.php\/archives\/naemberch\/111-wahl-zum-nuernberger-christkind.html","og_locale":"de_DE","og_type":"article","og_title":"Wahl zum N\u00fcrnberger Christkind - Bayern-wolln-mer.net","og_description":"Alle zwei Jahre wird seit 1969 ein junges M\u00e4dchen zum N\u00fcrnberger Christkind gew\u00e4hlt, dessen Aufgaben sich nicht nur auf den Prolog zur Er\u00f6ffnung des weltber\u00fchmten Marktes (N\u00fcrnberger Christkindlesmarkt) beschr\u00e4nken. \u00dcber mehrere Monate in der Weihnachtszeit wird es als Botschafter der Frankenmetropole u.a. auch ins Ausland reisen. Zur Zeit steht wieder die Wahl an f\u00fcr das [&hellip;]","og_url":"https:\/\/www.bayern-wolln-mer.net\/blog\/index.php\/archives\/naemberch\/111-wahl-zum-nuernberger-christkind.html","og_site_name":"Bayern-wolln-mer.net","article_published_time":"2007-10-14T15:05:59+00:00","article_modified_time":"2007-10-14T15:08:29+00:00","twitter_card":"summary_large_image","twitter_misc":{"Verfasst von":"Andreas Brandl","Gesch\u00e4tzte Lesezeit":"1\u00a0Minute"},"schema":{"@context":"https:\/\/schema.org","@graph":[{"@type":"WebSite","@id":"https:\/\/www.bayern-wolln-mer.net\/blog\/#website","url":"https:\/\/www.bayern-wolln-mer.net\/blog\/","name":"Bayern-wolln-mer.net","description":"Frankenblog! Frei statt Bayern! Freiheit f\u00fcr Franken!","potentialAction":[{"@type":"SearchAction","target":{"@type":"EntryPoint","urlTemplate":"https:\/\/www.bayern-wolln-mer.net\/blog\/?s={search_term_string}"},"query-input":"required name=search_term_string"}],"inLanguage":"de"},{"@type":"WebPage","@id":"https:\/\/www.bayern-wolln-mer.net\/blog\/index.php\/archives\/naemberch\/111-wahl-zum-nuernberger-christkind.html#webpage","url":"https:\/\/www.bayern-wolln-mer.net\/blog\/index.php\/archives\/naemberch\/111-wahl-zum-nuernberger-christkind.html","name":"Wahl zum N\u00fcrnberger Christkind - Bayern-wolln-mer.net","isPartOf":{"@id":"https:\/\/www.bayern-wolln-mer.net\/blog\/#website"},"datePublished":"2007-10-14T15:05:59+00:00","dateModified":"2007-10-14T15:08:29+00:00","author":{"@id":"https:\/\/www.bayern-wolln-mer.net\/blog\/#\/schema\/person\/b9fcf524d723fdb81f40a1bed0e52f96"},"breadcrumb":{"@id":"https:\/\/www.bayern-wolln-mer.net\/blog\/index.php\/archives\/naemberch\/111-wahl-zum-nuernberger-christkind.html#breadcrumb"},"inLanguage":"de","potentialAction":[{"@type":"ReadAction","target":["https:\/\/www.bayern-wolln-mer.net\/blog\/index.php\/archives\/naemberch\/111-wahl-zum-nuernberger-christkind.html"]}]},{"@type":"BreadcrumbList","@id":"https:\/\/www.bayern-wolln-mer.net\/blog\/index.php\/archives\/naemberch\/111-wahl-zum-nuernberger-christkind.html#breadcrumb","itemListElement":[{"@type":"ListItem","position":1,"name":"Startseite","item":"https:\/\/www.bayern-wolln-mer.net\/blog"},{"@type":"ListItem","position":2,"name":"Wahl zum N\u00fcrnberger Christkind"}]},{"@type":"Person","@id":"https:\/\/www.bayern-wolln-mer.net\/blog\/#\/schema\/person\/b9fcf524d723fdb81f40a1bed0e52f96","name":"Andreas Brandl","image":{"@type":"ImageObject","@id":"https:\/\/www.bayern-wolln-mer.net\/blog\/#personlogo","inLanguage":"de","url":"https:\/\/secure.gravatar.com\/avatar\/7c2e8ddf168a4d43fa09a0495da2d513?s=96&d=mm&r=g","contentUrl":"https:\/\/secure.gravatar.com\/avatar\/7c2e8ddf168a4d43fa09a0495da2d513?s=96&d=mm&r=g","caption":"Andreas Brandl"},"sameAs":["https:\/\/www.bayern-wolln-mer.net"],"url":"https:\/\/www.bayern-wolln-mer.net\/blog\/index.php\/archives\/author\/andy"}]}},"jetpack_sharing_enabled":true,"jetpack_shortlink":"https:\/\/wp.me\/p7UoAp-1N","jetpack-related-posts":[],"_links":{"self":[{"href":"https:\/\/www.bayern-wolln-mer.net\/blog\/index.php\/wp-json\/wp\/v2\/posts\/111"}],"collection":[{"href":"https:\/\/www.bayern-wolln-mer.net\/blog\/index.php\/wp-json\/wp\/v2\/posts"}],"about":[{"href":"https:\/\/www.bayern-wolln-mer.net\/blog\/index.php\/wp-json\/wp\/v2\/types\/post"}],"author":[{"embeddable":true,"href":"https:\/\/www.bayern-wolln-mer.net\/blog\/index.php\/wp-json\/wp\/v2\/users\/3"}],"replies":[{"embeddable":true,"href":"https:\/\/www.bayern-wolln-mer.net\/blog\/index.php\/wp-json\/wp\/v2\/comments?post=111"}],"version-history":[{"count":0,"href":"https:\/\/www.bayern-wolln-mer.net\/blog\/index.php\/wp-json\/wp\/v2\/posts\/111\/revisions"}],"wp:attachment":[{"href":"https:\/\/www.bayern-wolln-mer.net\/blog\/index.php\/wp-json\/wp\/v2\/media?parent=111"}],"wp:term":[{"taxonomy":"category","embeddable":true,"href":"https:\/\/www.bayern-wolln-mer.net\/blog\/index.php\/wp-json\/wp\/v2\/categories?post=111"},{"taxonomy":"post_tag","embeddable":true,"href":"https:\/\/www.bayern-wolln-mer.net\/blog\/index.php\/wp-json\/wp\/v2\/tags?post=111"}],"curies":[{"name":"wp","href":"https:\/\/api.w.org\/{rel}","templated":true}]}}