{"id":1285,"date":"2014-01-20T12:49:50","date_gmt":"2014-01-20T11:49:50","guid":{"rendered":"http:\/\/www.bayern-wolln-mer.net\/blog\/?p=1285"},"modified":"2014-03-27T15:16:20","modified_gmt":"2014-03-27T14:16:20","slug":"die-franken-brauchen-dringend-unterstuetzungsunterschriften","status":"publish","type":"post","link":"https:\/\/www.bayern-wolln-mer.net\/blog\/index.php\/archives\/wahlen\/1285-die-franken-brauchen-dringend-unterstuetzungsunterschriften.html","title":{"rendered":"DIE FRANKEN brauchten dringend Unterst\u00fctzungsunterschriften!"},"content":{"rendered":"<p><a href=\"https:\/\/i2.wp.com\/www.bayern-wolln-mer.net\/blog\/wp-content\/uploads\/2013\/09\/20130913-133105.jpg?ssl=1\"><img data-attachment-id=\"1232\" data-permalink=\"https:\/\/www.bayern-wolln-mer.net\/blog\/index.php\/archives\/wahlen\/1233-eine-chance-fur-franken-brandl-fur-die-franken-in-den-landtag.html\/attachment\/20130913-133105-jpg\" data-orig-file=\"https:\/\/i2.wp.com\/www.bayern-wolln-mer.net\/blog\/wp-content\/uploads\/2013\/09\/20130913-133105.jpg?fit=300%2C270&amp;ssl=1\" data-orig-size=\"300,270\" data-comments-opened=\"1\" data-image-meta=\"{&quot;aperture&quot;:&quot;2.4&quot;,&quot;credit&quot;:&quot;&quot;,&quot;camera&quot;:&quot;&quot;,&quot;caption&quot;:&quot;&quot;,&quot;created_timestamp&quot;:&quot;1374325320&quot;,&quot;copyright&quot;:&quot;&quot;,&quot;focal_length&quot;:&quot;4.13&quot;,&quot;iso&quot;:&quot;50&quot;,&quot;shutter_speed&quot;:&quot;0.05&quot;,&quot;title&quot;:&quot;&quot;}\" data-image-title=\"20130913-133105.jpg\" data-image-description=\"\" data-medium-file=\"https:\/\/i2.wp.com\/www.bayern-wolln-mer.net\/blog\/wp-content\/uploads\/2013\/09\/20130913-133105.jpg?fit=300%2C270&amp;ssl=1\" data-large-file=\"https:\/\/i2.wp.com\/www.bayern-wolln-mer.net\/blog\/wp-content\/uploads\/2013\/09\/20130913-133105.jpg?fit=300%2C270&amp;ssl=1\" loading=\"lazy\" class=\"wp-image-1232 alignleft\" alt=\"20130913-133105.jpg\" src=\"https:\/\/i2.wp.com\/www.bayern-wolln-mer.net\/blog\/wp-content\/uploads\/2013\/09\/20130913-133105.jpg?resize=180%2C162&#038;ssl=1\" width=\"180\" height=\"162\" data-recalc-dims=\"1\" \/><\/a>Die erst 2009 gegr\u00fcndete und bei den Landtagswahlen 2013 mit einem Achtungserfolg gestartete Partei f\u00fcr Franken &#8211; DIE FRANKEN musste abermals Unterschriften sammeln, um zur Kommunalwahl 2014 zugelassen zu werden. Leider sieht der Gesetzgeber hier nun vor, dass jeder unterst\u00fctzungswillige Franke dazu auf sein Rathaus gehen muss und unter Vorlage eine g\u00fcltigen Personalausweises dort die Unterschrift leisten muss &#8211; was die Sache nicht nur aufgrund der &#8220;engen&#8221; \u00d6ffnungszeiten nat\u00fcrlich stark erschwert! Doch leider geht es nicht anders, denn<\/p>\n<p>Wer \u00c4nderungen in der Politik will, muss auch bereit sein, etwas f\u00fcr diese \u00c4nderungen \u00a0zu tun!<\/p>\n<p>Darum baten nun DIE FRANKEN die wahlberechtigten B\u00fcrger in<\/p>\n<ul>\n<li><a href=\"https:\/\/mfr.die-franken.eu\/\" target=\"_blank\">Ansbach Land<\/a><\/li>\n<li><a href=\"https:\/\/feucht.die-franken.eu\/\" target=\"_blank\">Feucht<\/a><\/li>\n<li><a href=\"https:\/\/nuernberg-fuerth.die-franken.eu\" target=\"_blank\">F\u00fcrth<\/a><\/li>\n<li><strong>GESAMTER\u00a0<a href=\"https:\/\/nuernberg-fuerth.die-franken.eu\" target=\"_blank\">Landkreis F\u00fcrth<\/a><\/strong><\/li>\n<li><a href=\"https:\/\/ofr.die-franken.eu\/\" target=\"_blank\">Hirschaid<\/a><\/li>\n<li><a href=\"https:\/\/ofr.die-franken.eu\/\" target=\"_blank\">Hof<\/a> (<em><a href=\"https:\/\/ofr.die-franken.eu\/1642-der-ortsverband-hof-der-partei-fuer-franken-die-franken-nominiert-die-kandidaten-zur-stadtratswahl-2014.html\" target=\"_blank\">\u00d6ffnungszeiten hier<\/a><\/em>)<\/li>\n<li><a href=\"https:\/\/lauf.die-franken.eu\/\" target=\"_blank\">Lauf<\/a> (<em><a href=\"https:\/\/lauf.die-franken.eu\/1220-die-franken-brauchen-190-unterschriften-fuer-die-stadtratswahl-2014-in-lauf.html\" target=\"_blank\">\u00d6ffnungszeiten hier<\/a><\/em>)<\/li>\n<li><a href=\"https:\/\/ofr.die-franken.eu\/\" target=\"_blank\">Lautertal<\/a><\/li>\n<li><a href=\"https:\/\/nuernberg-fuerth.die-franken.eu\" target=\"_blank\">N\u00fcrnberg<\/a><\/li>\n<li><strong>GESAMTER\u00a0<a href=\"https:\/\/nuernberger-land.die-franken.eu\/\" target=\"_blank\">Landkreis N\u00fcrnberger Land<\/a><\/strong> (<em><a href=\"https:\/\/nuernberger-land.die-franken.eu\/1385-die-franken-brauchen-430-unterschriften-um-zur-kreistagswahl-zugelassen-zu-werden.html\" target=\"_blank\">\u00d6ffnungszeiten hier<\/a><\/em>)<\/li>\n<li><a href=\"https:\/\/roth.die-franken.eu\/\" target=\"_blank\">Roth<\/a> (<em><a href=\"https:\/\/roth.die-franken.eu\/1202-infostaende-der-die-franken-zur-kommunalwahl-2014.html\" target=\"_blank\">\u00d6ffnungszeiten hier<\/a><\/em>)<\/li>\n<\/ul>\n<p>sich Zeit zu nehmen und auf Ihrem Rathaus auf den Listen der Partei f\u00fcr Franken zu unterschreiben!<\/p>\n<p>F\u00fcr Sie sind mit einer solchen Unterschrift keinerlei Kosten oder Verpflichtungen verbunden:<\/p>\n<ul>\n<li>Eine Unterst\u00fctzer-Unterschrift ist von der endg\u00fcltigen Wahlentscheidung unabh\u00e4ngig.<\/li>\n<li>Es ist KEINE Zusage, der Partei eine Stimme zu geben.<\/li>\n<li>Mit einer Unterst\u00fctzer-Unterschrift sind keinerlei weitere Verpflichtungen verbunden.<\/li>\n<\/ul>\n<p>Bitte nehmen Sie sich 5 Minuten Zeit!<strong><em> Helfen Sie uns, damit wir Franken helfen k\u00f6nnen!<\/em><\/strong><\/p>\n<div class=\"sharedaddy sd-sharing-enabled\"><div class=\"robots-nocontent sd-block sd-social sd-social-icon sd-sharing\"><h3 class=\"sd-title\">Share this:<\/h3><div class=\"sd-content\"><ul><li class=\"share-print\"><a rel=\"nofollow noopener noreferrer\" data-shared=\"\" class=\"share-print sd-button share-icon no-text\" href=\"https:\/\/www.bayern-wolln-mer.net\/blog\/index.php\/archives\/wahlen\/1285-die-franken-brauchen-dringend-unterstuetzungsunterschriften.html\" target=\"_blank\" title=\"Klicken zum Ausdrucken\"><span><\/span><span class=\"sharing-screen-reader-text\">Klicken zum Ausdrucken (Wird in neuem Fenster ge\u00f6ffnet)<\/span><\/a><\/li><li class=\"share-email\"><a rel=\"nofollow noopener noreferrer\" data-shared=\"\" class=\"share-email sd-button share-icon no-text\" href=\"https:\/\/www.bayern-wolln-mer.net\/blog\/index.php\/archives\/wahlen\/1285-die-franken-brauchen-dringend-unterstuetzungsunterschriften.html?share=email\" target=\"_blank\" title=\"Klick, um dies einem Freund per E-Mail zu senden\"><span><\/span><span class=\"sharing-screen-reader-text\">Klick, um dies einem Freund per E-Mail zu senden (Wird in neuem Fenster ge\u00f6ffnet)<\/span><\/a><\/li><li class=\"share-twitter\"><a rel=\"nofollow noopener noreferrer\" data-shared=\"sharing-twitter-1285\" class=\"share-twitter sd-button share-icon no-text\" href=\"https:\/\/www.bayern-wolln-mer.net\/blog\/index.php\/archives\/wahlen\/1285-die-franken-brauchen-dringend-unterstuetzungsunterschriften.html?share=twitter\" target=\"_blank\" title=\"Klick, um \u00fcber Twitter zu teilen\"><span><\/span><span class=\"sharing-screen-reader-text\">Klick, um \u00fcber Twitter zu teilen (Wird in neuem Fenster ge\u00f6ffnet)<\/span><\/a><\/li><li class=\"share-jetpack-whatsapp\"><a rel=\"nofollow noopener noreferrer\" data-shared=\"\" class=\"share-jetpack-whatsapp sd-button share-icon no-text\" href=\"https:\/\/www.bayern-wolln-mer.net\/blog\/index.php\/archives\/wahlen\/1285-die-franken-brauchen-dringend-unterstuetzungsunterschriften.html?share=jetpack-whatsapp\" target=\"_blank\" title=\"Klicken, um auf WhatsApp zu teilen\"><span><\/span><span class=\"sharing-screen-reader-text\">Klicken, um auf WhatsApp zu teilen (Wird in neuem Fenster ge\u00f6ffnet)<\/span><\/a><\/li><li class=\"share-linkedin\"><a rel=\"nofollow noopener noreferrer\" data-shared=\"sharing-linkedin-1285\" class=\"share-linkedin sd-button share-icon no-text\" href=\"https:\/\/www.bayern-wolln-mer.net\/blog\/index.php\/archives\/wahlen\/1285-die-franken-brauchen-dringend-unterstuetzungsunterschriften.html?share=linkedin\" target=\"_blank\" title=\"Klick, um auf LinkedIn zu teilen\"><span><\/span><span class=\"sharing-screen-reader-text\">Klick, um auf LinkedIn zu teilen (Wird in neuem Fenster ge\u00f6ffnet)<\/span><\/a><\/li><li class=\"share-reddit\"><a rel=\"nofollow noopener noreferrer\" data-shared=\"\" class=\"share-reddit sd-button share-icon no-text\" href=\"https:\/\/www.bayern-wolln-mer.net\/blog\/index.php\/archives\/wahlen\/1285-die-franken-brauchen-dringend-unterstuetzungsunterschriften.html?share=reddit\" target=\"_blank\" title=\"Klick, um auf Reddit zu teilen\"><span><\/span><span class=\"sharing-screen-reader-text\">Klick, um auf Reddit zu teilen (Wird in neuem Fenster ge\u00f6ffnet)<\/span><\/a><\/li><li class=\"share-tumblr\"><a rel=\"nofollow noopener noreferrer\" data-shared=\"\" class=\"share-tumblr sd-button share-icon no-text\" href=\"https:\/\/www.bayern-wolln-mer.net\/blog\/index.php\/archives\/wahlen\/1285-die-franken-brauchen-dringend-unterstuetzungsunterschriften.html?share=tumblr\" target=\"_blank\" title=\"Klick, um auf Tumblr zu teilen\"><span><\/span><span class=\"sharing-screen-reader-text\">Klick, um auf Tumblr zu teilen (Wird in neuem Fenster ge\u00f6ffnet)<\/span><\/a><\/li><li class=\"share-pinterest\"><a rel=\"nofollow noopener noreferrer\" data-shared=\"sharing-pinterest-1285\" class=\"share-pinterest sd-button share-icon no-text\" href=\"https:\/\/www.bayern-wolln-mer.net\/blog\/index.php\/archives\/wahlen\/1285-die-franken-brauchen-dringend-unterstuetzungsunterschriften.html?share=pinterest\" target=\"_blank\" title=\"Klick, um auf Pinterest zu teilen\"><span><\/span><span class=\"sharing-screen-reader-text\">Klick, um auf Pinterest zu teilen (Wird in neuem Fenster ge\u00f6ffnet)<\/span><\/a><\/li><li class=\"share-pocket\"><a rel=\"nofollow noopener noreferrer\" data-shared=\"\" class=\"share-pocket sd-button share-icon no-text\" href=\"https:\/\/www.bayern-wolln-mer.net\/blog\/index.php\/archives\/wahlen\/1285-die-franken-brauchen-dringend-unterstuetzungsunterschriften.html?share=pocket\" target=\"_blank\" title=\"Klick, um auf Pocket zu teilen\"><span><\/span><span class=\"sharing-screen-reader-text\">Klick, um auf Pocket zu teilen (Wird in neuem Fenster ge\u00f6ffnet)<\/span><\/a><\/li><li class=\"share-telegram\"><a rel=\"nofollow noopener noreferrer\" data-shared=\"\" class=\"share-telegram sd-button share-icon no-text\" href=\"https:\/\/www.bayern-wolln-mer.net\/blog\/index.php\/archives\/wahlen\/1285-die-franken-brauchen-dringend-unterstuetzungsunterschriften.html?share=telegram\" target=\"_blank\" title=\"Klicken, um auf Telegram zu teilen\"><span><\/span><span class=\"sharing-screen-reader-text\">Klicken, um auf Telegram zu teilen (Wird in neuem Fenster ge\u00f6ffnet)<\/span><\/a><\/li><li class=\"share-skype\"><a rel=\"nofollow noopener noreferrer\" data-shared=\"sharing-skype-1285\" class=\"share-skype sd-button share-icon no-text\" href=\"https:\/\/www.bayern-wolln-mer.net\/blog\/index.php\/archives\/wahlen\/1285-die-franken-brauchen-dringend-unterstuetzungsunterschriften.html?share=skype\" target=\"_blank\" title=\"Klicken, um in Skype zu teilen\"><span><\/span><span class=\"sharing-screen-reader-text\">Klicken, um in Skype zu teilen (Wird in neuem Fenster ge\u00f6ffnet)<\/span><\/a><\/li><li><a href=\"#\" class=\"sharing-anchor sd-button share-more\"><span>Mehr<\/span><\/a><\/li><li class=\"share-end\"><\/li><\/ul><div class=\"sharing-hidden\"><div class=\"inner\" style=\"display: none;width:150px;\"><ul style=\"background-image:none;\"><li class=\"share-facebook\"><a rel=\"nofollow noopener noreferrer\" data-shared=\"sharing-facebook-1285\" class=\"share-facebook sd-button share-icon no-text\" href=\"https:\/\/www.bayern-wolln-mer.net\/blog\/index.php\/archives\/wahlen\/1285-die-franken-brauchen-dringend-unterstuetzungsunterschriften.html?share=facebook\" target=\"_blank\" title=\"Klick, um auf Facebook zu teilen\"><span><\/span><span class=\"sharing-screen-reader-text\">Klick, um auf Facebook zu teilen (Wird in neuem Fenster ge\u00f6ffnet)<\/span><\/a><\/li><li class=\"share-end\"><\/li><\/ul><\/div><\/div><\/div><\/div><\/div>","protected":false},"excerpt":{"rendered":"<p>Die erst 2009 gegr\u00fcndete und bei den Landtagswahlen 2013 mit einem Achtungserfolg gestartete Partei f\u00fcr Franken &#8211; DIE FRANKEN musste abermals Unterschriften sammeln, um zur Kommunalwahl 2014 zugelassen zu werden. Leider sieht der Gesetzgeber hier nun vor, dass jeder unterst\u00fctzungswillige Franke dazu auf sein Rathaus gehen muss und unter Vorlage eine g\u00fcltigen Personalausweises dort die [&hellip;]<\/p>\n<div class=\"sharedaddy sd-sharing-enabled\"><div class=\"robots-nocontent sd-block sd-social sd-social-icon sd-sharing\"><h3 class=\"sd-title\">Share this:<\/h3><div class=\"sd-content\"><ul><li class=\"share-print\"><a rel=\"nofollow noopener noreferrer\" data-shared=\"\" class=\"share-print sd-button share-icon no-text\" href=\"https:\/\/www.bayern-wolln-mer.net\/blog\/index.php\/archives\/wahlen\/1285-die-franken-brauchen-dringend-unterstuetzungsunterschriften.html\" target=\"_blank\" title=\"Klicken zum Ausdrucken\"><span><\/span><span class=\"sharing-screen-reader-text\">Klicken zum Ausdrucken (Wird in neuem Fenster ge\u00f6ffnet)<\/span><\/a><\/li><li class=\"share-email\"><a rel=\"nofollow noopener noreferrer\" data-shared=\"\" class=\"share-email sd-button share-icon no-text\" href=\"https:\/\/www.bayern-wolln-mer.net\/blog\/index.php\/archives\/wahlen\/1285-die-franken-brauchen-dringend-unterstuetzungsunterschriften.html?share=email\" target=\"_blank\" title=\"Klick, um dies einem Freund per E-Mail zu senden\"><span><\/span><span class=\"sharing-screen-reader-text\">Klick, um dies einem Freund per E-Mail zu senden (Wird in neuem Fenster ge\u00f6ffnet)<\/span><\/a><\/li><li class=\"share-twitter\"><a rel=\"nofollow noopener noreferrer\" data-shared=\"sharing-twitter-1285\" class=\"share-twitter sd-button share-icon no-text\" href=\"https:\/\/www.bayern-wolln-mer.net\/blog\/index.php\/archives\/wahlen\/1285-die-franken-brauchen-dringend-unterstuetzungsunterschriften.html?share=twitter\" target=\"_blank\" title=\"Klick, um \u00fcber Twitter zu teilen\"><span><\/span><span class=\"sharing-screen-reader-text\">Klick, um \u00fcber Twitter zu teilen (Wird in neuem Fenster ge\u00f6ffnet)<\/span><\/a><\/li><li class=\"share-jetpack-whatsapp\"><a rel=\"nofollow noopener noreferrer\" data-shared=\"\" class=\"share-jetpack-whatsapp sd-button share-icon no-text\" href=\"https:\/\/www.bayern-wolln-mer.net\/blog\/index.php\/archives\/wahlen\/1285-die-franken-brauchen-dringend-unterstuetzungsunterschriften.html?share=jetpack-whatsapp\" target=\"_blank\" title=\"Klicken, um auf WhatsApp zu teilen\"><span><\/span><span class=\"sharing-screen-reader-text\">Klicken, um auf WhatsApp zu teilen (Wird in neuem Fenster ge\u00f6ffnet)<\/span><\/a><\/li><li class=\"share-linkedin\"><a rel=\"nofollow noopener noreferrer\" data-shared=\"sharing-linkedin-1285\" class=\"share-linkedin sd-button share-icon no-text\" href=\"https:\/\/www.bayern-wolln-mer.net\/blog\/index.php\/archives\/wahlen\/1285-die-franken-brauchen-dringend-unterstuetzungsunterschriften.html?share=linkedin\" target=\"_blank\" title=\"Klick, um auf LinkedIn zu teilen\"><span><\/span><span class=\"sharing-screen-reader-text\">Klick, um auf LinkedIn zu teilen (Wird in neuem Fenster ge\u00f6ffnet)<\/span><\/a><\/li><li class=\"share-reddit\"><a rel=\"nofollow noopener noreferrer\" data-shared=\"\" class=\"share-reddit sd-button share-icon no-text\" href=\"https:\/\/www.bayern-wolln-mer.net\/blog\/index.php\/archives\/wahlen\/1285-die-franken-brauchen-dringend-unterstuetzungsunterschriften.html?share=reddit\" target=\"_blank\" title=\"Klick, um auf Reddit zu teilen\"><span><\/span><span class=\"sharing-screen-reader-text\">Klick, um auf Reddit zu teilen (Wird in neuem Fenster ge\u00f6ffnet)<\/span><\/a><\/li><li class=\"share-tumblr\"><a rel=\"nofollow noopener noreferrer\" data-shared=\"\" class=\"share-tumblr sd-button share-icon no-text\" href=\"https:\/\/www.bayern-wolln-mer.net\/blog\/index.php\/archives\/wahlen\/1285-die-franken-brauchen-dringend-unterstuetzungsunterschriften.html?share=tumblr\" target=\"_blank\" title=\"Klick, um auf Tumblr zu teilen\"><span><\/span><span class=\"sharing-screen-reader-text\">Klick, um auf Tumblr zu teilen (Wird in neuem Fenster ge\u00f6ffnet)<\/span><\/a><\/li><li class=\"share-pinterest\"><a rel=\"nofollow noopener noreferrer\" data-shared=\"sharing-pinterest-1285\" class=\"share-pinterest sd-button share-icon no-text\" href=\"https:\/\/www.bayern-wolln-mer.net\/blog\/index.php\/archives\/wahlen\/1285-die-franken-brauchen-dringend-unterstuetzungsunterschriften.html?share=pinterest\" target=\"_blank\" title=\"Klick, um auf Pinterest zu teilen\"><span><\/span><span class=\"sharing-screen-reader-text\">Klick, um auf Pinterest zu teilen (Wird in neuem Fenster ge\u00f6ffnet)<\/span><\/a><\/li><li class=\"share-pocket\"><a rel=\"nofollow noopener noreferrer\" data-shared=\"\" class=\"share-pocket sd-button share-icon no-text\" href=\"https:\/\/www.bayern-wolln-mer.net\/blog\/index.php\/archives\/wahlen\/1285-die-franken-brauchen-dringend-unterstuetzungsunterschriften.html?share=pocket\" target=\"_blank\" title=\"Klick, um auf Pocket zu teilen\"><span><\/span><span class=\"sharing-screen-reader-text\">Klick, um auf Pocket zu teilen (Wird in neuem Fenster ge\u00f6ffnet)<\/span><\/a><\/li><li class=\"share-telegram\"><a rel=\"nofollow noopener noreferrer\" data-shared=\"\" class=\"share-telegram sd-button share-icon no-text\" href=\"https:\/\/www.bayern-wolln-mer.net\/blog\/index.php\/archives\/wahlen\/1285-die-franken-brauchen-dringend-unterstuetzungsunterschriften.html?share=telegram\" target=\"_blank\" title=\"Klicken, um auf Telegram zu teilen\"><span><\/span><span class=\"sharing-screen-reader-text\">Klicken, um auf Telegram zu teilen (Wird in neuem Fenster ge\u00f6ffnet)<\/span><\/a><\/li><li class=\"share-skype\"><a rel=\"nofollow noopener noreferrer\" data-shared=\"sharing-skype-1285\" class=\"share-skype sd-button share-icon no-text\" href=\"https:\/\/www.bayern-wolln-mer.net\/blog\/index.php\/archives\/wahlen\/1285-die-franken-brauchen-dringend-unterstuetzungsunterschriften.html?share=skype\" target=\"_blank\" title=\"Klicken, um in Skype zu teilen\"><span><\/span><span class=\"sharing-screen-reader-text\">Klicken, um in Skype zu teilen (Wird in neuem Fenster ge\u00f6ffnet)<\/span><\/a><\/li><li><a href=\"#\" class=\"sharing-anchor sd-button share-more\"><span>Mehr<\/span><\/a><\/li><li class=\"share-end\"><\/li><\/ul><div class=\"sharing-hidden\"><div class=\"inner\" style=\"display: none;width:150px;\"><ul style=\"background-image:none;\"><li class=\"share-facebook\"><a rel=\"nofollow noopener noreferrer\" data-shared=\"sharing-facebook-1285\" class=\"share-facebook sd-button share-icon no-text\" href=\"https:\/\/www.bayern-wolln-mer.net\/blog\/index.php\/archives\/wahlen\/1285-die-franken-brauchen-dringend-unterstuetzungsunterschriften.html?share=facebook\" target=\"_blank\" title=\"Klick, um auf Facebook zu teilen\"><span><\/span><span class=\"sharing-screen-reader-text\">Klick, um auf Facebook zu teilen (Wird in neuem Fenster ge\u00f6ffnet)<\/span><\/a><\/li><li class=\"share-end\"><\/li><\/ul><\/div><\/div><\/div><\/div><\/div>","protected":false},"author":3,"featured_media":0,"comment_status":"open","ping_status":"open","sticky":false,"template":"","format":"standard","meta":{"spay_email":"","jetpack_publicize_message":""},"categories":[38],"tags":[180,181,58,182,88,184,185,30,183,90,186,198],"jetpack_featured_media_url":"","jetpack_publicize_connections":[],"yoast_head":"<!-- This site is optimized with the Yoast SEO plugin v18.2 - https:\/\/yoast.com\/wordpress\/plugins\/seo\/ -->\n<meta name=\"robots\" content=\"index, follow, max-snippet:-1, max-image-preview:large, max-video-preview:-1\" \/>\n<link rel=\"canonical\" href=\"https:\/\/www.bayern-wolln-mer.net\/blog\/index.php\/archives\/wahlen\/1285-die-franken-brauchen-dringend-unterstuetzungsunterschriften.html\" \/>\n<meta property=\"og:locale\" content=\"de_DE\" \/>\n<meta property=\"og:type\" content=\"article\" \/>\n<meta property=\"og:title\" content=\"DIE FRANKEN brauchten dringend Unterst\u00fctzungsunterschriften! - Bayern-wolln-mer.net\" \/>\n<meta property=\"og:description\" content=\"Die erst 2009 gegr\u00fcndete und bei den Landtagswahlen 2013 mit einem Achtungserfolg gestartete Partei f\u00fcr Franken &#8211; DIE FRANKEN musste abermals Unterschriften sammeln, um zur Kommunalwahl 2014 zugelassen zu werden. Leider sieht der Gesetzgeber hier nun vor, dass jeder unterst\u00fctzungswillige Franke dazu auf sein Rathaus gehen muss und unter Vorlage eine g\u00fcltigen Personalausweises dort die [&hellip;]\" \/>\n<meta property=\"og:url\" content=\"https:\/\/www.bayern-wolln-mer.net\/blog\/index.php\/archives\/wahlen\/1285-die-franken-brauchen-dringend-unterstuetzungsunterschriften.html\" \/>\n<meta property=\"og:site_name\" content=\"Bayern-wolln-mer.net\" \/>\n<meta property=\"article:published_time\" content=\"2014-01-20T11:49:50+00:00\" \/>\n<meta property=\"article:modified_time\" content=\"2014-03-27T14:16:20+00:00\" \/>\n<meta property=\"og:image\" content=\"https:\/\/www.bayern-wolln-mer.net\/blog\/wp-content\/uploads\/2013\/09\/20130913-133105.jpg\" \/>\n<meta name=\"twitter:card\" content=\"summary_large_image\" \/>\n<meta name=\"twitter:label1\" content=\"Verfasst von\" \/>\n\t<meta name=\"twitter:data1\" content=\"Andreas Brandl\" \/>\n\t<meta name=\"twitter:label2\" content=\"Gesch\u00e4tzte Lesezeit\" \/>\n\t<meta name=\"twitter:data2\" content=\"1\u00a0Minute\" \/>\n<script type=\"application\/ld+json\" class=\"yoast-schema-graph\">{\"@context\":\"https:\/\/schema.org\",\"@graph\":[{\"@type\":\"WebSite\",\"@id\":\"https:\/\/www.bayern-wolln-mer.net\/blog\/#website\",\"url\":\"https:\/\/www.bayern-wolln-mer.net\/blog\/\",\"name\":\"Bayern-wolln-mer.net\",\"description\":\"Frankenblog! Frei statt Bayern! Freiheit f\u00fcr Franken!\",\"potentialAction\":[{\"@type\":\"SearchAction\",\"target\":{\"@type\":\"EntryPoint\",\"urlTemplate\":\"https:\/\/www.bayern-wolln-mer.net\/blog\/?s={search_term_string}\"},\"query-input\":\"required name=search_term_string\"}],\"inLanguage\":\"de\"},{\"@type\":\"ImageObject\",\"@id\":\"https:\/\/www.bayern-wolln-mer.net\/blog\/index.php\/archives\/wahlen\/1285-die-franken-brauchen-dringend-unterstuetzungsunterschriften.html#primaryimage\",\"inLanguage\":\"de\",\"url\":\"https:\/\/i2.wp.com\/www.bayern-wolln-mer.net\/blog\/wp-content\/uploads\/2013\/09\/20130913-133105.jpg?fit=300%2C270&ssl=1\",\"contentUrl\":\"https:\/\/i2.wp.com\/www.bayern-wolln-mer.net\/blog\/wp-content\/uploads\/2013\/09\/20130913-133105.jpg?fit=300%2C270&ssl=1\",\"width\":300,\"height\":270},{\"@type\":\"WebPage\",\"@id\":\"https:\/\/www.bayern-wolln-mer.net\/blog\/index.php\/archives\/wahlen\/1285-die-franken-brauchen-dringend-unterstuetzungsunterschriften.html#webpage\",\"url\":\"https:\/\/www.bayern-wolln-mer.net\/blog\/index.php\/archives\/wahlen\/1285-die-franken-brauchen-dringend-unterstuetzungsunterschriften.html\",\"name\":\"DIE FRANKEN brauchten dringend Unterst\u00fctzungsunterschriften! - Bayern-wolln-mer.net\",\"isPartOf\":{\"@id\":\"https:\/\/www.bayern-wolln-mer.net\/blog\/#website\"},\"primaryImageOfPage\":{\"@id\":\"https:\/\/www.bayern-wolln-mer.net\/blog\/index.php\/archives\/wahlen\/1285-die-franken-brauchen-dringend-unterstuetzungsunterschriften.html#primaryimage\"},\"datePublished\":\"2014-01-20T11:49:50+00:00\",\"dateModified\":\"2014-03-27T14:16:20+00:00\",\"author\":{\"@id\":\"https:\/\/www.bayern-wolln-mer.net\/blog\/#\/schema\/person\/b9fcf524d723fdb81f40a1bed0e52f96\"},\"breadcrumb\":{\"@id\":\"https:\/\/www.bayern-wolln-mer.net\/blog\/index.php\/archives\/wahlen\/1285-die-franken-brauchen-dringend-unterstuetzungsunterschriften.html#breadcrumb\"},\"inLanguage\":\"de\",\"potentialAction\":[{\"@type\":\"ReadAction\",\"target\":[\"https:\/\/www.bayern-wolln-mer.net\/blog\/index.php\/archives\/wahlen\/1285-die-franken-brauchen-dringend-unterstuetzungsunterschriften.html\"]}]},{\"@type\":\"BreadcrumbList\",\"@id\":\"https:\/\/www.bayern-wolln-mer.net\/blog\/index.php\/archives\/wahlen\/1285-die-franken-brauchen-dringend-unterstuetzungsunterschriften.html#breadcrumb\",\"itemListElement\":[{\"@type\":\"ListItem\",\"position\":1,\"name\":\"Startseite\",\"item\":\"https:\/\/www.bayern-wolln-mer.net\/blog\"},{\"@type\":\"ListItem\",\"position\":2,\"name\":\"DIE FRANKEN brauchten dringend Unterst\u00fctzungsunterschriften!\"}]},{\"@type\":\"Person\",\"@id\":\"https:\/\/www.bayern-wolln-mer.net\/blog\/#\/schema\/person\/b9fcf524d723fdb81f40a1bed0e52f96\",\"name\":\"Andreas Brandl\",\"image\":{\"@type\":\"ImageObject\",\"@id\":\"https:\/\/www.bayern-wolln-mer.net\/blog\/#personlogo\",\"inLanguage\":\"de\",\"url\":\"https:\/\/secure.gravatar.com\/avatar\/7c2e8ddf168a4d43fa09a0495da2d513?s=96&d=mm&r=g\",\"contentUrl\":\"https:\/\/secure.gravatar.com\/avatar\/7c2e8ddf168a4d43fa09a0495da2d513?s=96&d=mm&r=g\",\"caption\":\"Andreas Brandl\"},\"sameAs\":[\"https:\/\/www.bayern-wolln-mer.net\"],\"url\":\"https:\/\/www.bayern-wolln-mer.net\/blog\/index.php\/archives\/author\/andy\"}]}<\/script>\n<!-- \/ Yoast SEO plugin. -->","yoast_head_json":{"robots":{"index":"index","follow":"follow","max-snippet":"max-snippet:-1","max-image-preview":"max-image-preview:large","max-video-preview":"max-video-preview:-1"},"canonical":"https:\/\/www.bayern-wolln-mer.net\/blog\/index.php\/archives\/wahlen\/1285-die-franken-brauchen-dringend-unterstuetzungsunterschriften.html","og_locale":"de_DE","og_type":"article","og_title":"DIE FRANKEN brauchten dringend Unterst\u00fctzungsunterschriften! - Bayern-wolln-mer.net","og_description":"Die erst 2009 gegr\u00fcndete und bei den Landtagswahlen 2013 mit einem Achtungserfolg gestartete Partei f\u00fcr Franken &#8211; DIE FRANKEN musste abermals Unterschriften sammeln, um zur Kommunalwahl 2014 zugelassen zu werden. Leider sieht der Gesetzgeber hier nun vor, dass jeder unterst\u00fctzungswillige Franke dazu auf sein Rathaus gehen muss und unter Vorlage eine g\u00fcltigen Personalausweises dort die [&hellip;]","og_url":"https:\/\/www.bayern-wolln-mer.net\/blog\/index.php\/archives\/wahlen\/1285-die-franken-brauchen-dringend-unterstuetzungsunterschriften.html","og_site_name":"Bayern-wolln-mer.net","article_published_time":"2014-01-20T11:49:50+00:00","article_modified_time":"2014-03-27T14:16:20+00:00","og_image":[{"url":"https:\/\/www.bayern-wolln-mer.net\/blog\/wp-content\/uploads\/2013\/09\/20130913-133105.jpg"}],"twitter_card":"summary_large_image","twitter_misc":{"Verfasst von":"Andreas Brandl","Gesch\u00e4tzte Lesezeit":"1\u00a0Minute"},"schema":{"@context":"https:\/\/schema.org","@graph":[{"@type":"WebSite","@id":"https:\/\/www.bayern-wolln-mer.net\/blog\/#website","url":"https:\/\/www.bayern-wolln-mer.net\/blog\/","name":"Bayern-wolln-mer.net","description":"Frankenblog! Frei statt Bayern! Freiheit f\u00fcr Franken!","potentialAction":[{"@type":"SearchAction","target":{"@type":"EntryPoint","urlTemplate":"https:\/\/www.bayern-wolln-mer.net\/blog\/?s={search_term_string}"},"query-input":"required name=search_term_string"}],"inLanguage":"de"},{"@type":"ImageObject","@id":"https:\/\/www.bayern-wolln-mer.net\/blog\/index.php\/archives\/wahlen\/1285-die-franken-brauchen-dringend-unterstuetzungsunterschriften.html#primaryimage","inLanguage":"de","url":"https:\/\/i2.wp.com\/www.bayern-wolln-mer.net\/blog\/wp-content\/uploads\/2013\/09\/20130913-133105.jpg?fit=300%2C270&ssl=1","contentUrl":"https:\/\/i2.wp.com\/www.bayern-wolln-mer.net\/blog\/wp-content\/uploads\/2013\/09\/20130913-133105.jpg?fit=300%2C270&ssl=1","width":300,"height":270},{"@type":"WebPage","@id":"https:\/\/www.bayern-wolln-mer.net\/blog\/index.php\/archives\/wahlen\/1285-die-franken-brauchen-dringend-unterstuetzungsunterschriften.html#webpage","url":"https:\/\/www.bayern-wolln-mer.net\/blog\/index.php\/archives\/wahlen\/1285-die-franken-brauchen-dringend-unterstuetzungsunterschriften.html","name":"DIE FRANKEN brauchten dringend Unterst\u00fctzungsunterschriften! - Bayern-wolln-mer.net","isPartOf":{"@id":"https:\/\/www.bayern-wolln-mer.net\/blog\/#website"},"primaryImageOfPage":{"@id":"https:\/\/www.bayern-wolln-mer.net\/blog\/index.php\/archives\/wahlen\/1285-die-franken-brauchen-dringend-unterstuetzungsunterschriften.html#primaryimage"},"datePublished":"2014-01-20T11:49:50+00:00","dateModified":"2014-03-27T14:16:20+00:00","author":{"@id":"https:\/\/www.bayern-wolln-mer.net\/blog\/#\/schema\/person\/b9fcf524d723fdb81f40a1bed0e52f96"},"breadcrumb":{"@id":"https:\/\/www.bayern-wolln-mer.net\/blog\/index.php\/archives\/wahlen\/1285-die-franken-brauchen-dringend-unterstuetzungsunterschriften.html#breadcrumb"},"inLanguage":"de","potentialAction":[{"@type":"ReadAction","target":["https:\/\/www.bayern-wolln-mer.net\/blog\/index.php\/archives\/wahlen\/1285-die-franken-brauchen-dringend-unterstuetzungsunterschriften.html"]}]},{"@type":"BreadcrumbList","@id":"https:\/\/www.bayern-wolln-mer.net\/blog\/index.php\/archives\/wahlen\/1285-die-franken-brauchen-dringend-unterstuetzungsunterschriften.html#breadcrumb","itemListElement":[{"@type":"ListItem","position":1,"name":"Startseite","item":"https:\/\/www.bayern-wolln-mer.net\/blog"},{"@type":"ListItem","position":2,"name":"DIE FRANKEN brauchten dringend Unterst\u00fctzungsunterschriften!"}]},{"@type":"Person","@id":"https:\/\/www.bayern-wolln-mer.net\/blog\/#\/schema\/person\/b9fcf524d723fdb81f40a1bed0e52f96","name":"Andreas Brandl","image":{"@type":"ImageObject","@id":"https:\/\/www.bayern-wolln-mer.net\/blog\/#personlogo","inLanguage":"de","url":"https:\/\/secure.gravatar.com\/avatar\/7c2e8ddf168a4d43fa09a0495da2d513?s=96&d=mm&r=g","contentUrl":"https:\/\/secure.gravatar.com\/avatar\/7c2e8ddf168a4d43fa09a0495da2d513?s=96&d=mm&r=g","caption":"Andreas Brandl"},"sameAs":["https:\/\/www.bayern-wolln-mer.net"],"url":"https:\/\/www.bayern-wolln-mer.net\/blog\/index.php\/archives\/author\/andy"}]}},"jetpack_sharing_enabled":true,"jetpack_shortlink":"https:\/\/wp.me\/p7UoAp-kJ","jetpack-related-posts":[],"_links":{"self":[{"href":"https:\/\/www.bayern-wolln-mer.net\/blog\/index.php\/wp-json\/wp\/v2\/posts\/1285"}],"collection":[{"href":"https:\/\/www.bayern-wolln-mer.net\/blog\/index.php\/wp-json\/wp\/v2\/posts"}],"about":[{"href":"https:\/\/www.bayern-wolln-mer.net\/blog\/index.php\/wp-json\/wp\/v2\/types\/post"}],"author":[{"embeddable":true,"href":"https:\/\/www.bayern-wolln-mer.net\/blog\/index.php\/wp-json\/wp\/v2\/users\/3"}],"replies":[{"embeddable":true,"href":"https:\/\/www.bayern-wolln-mer.net\/blog\/index.php\/wp-json\/wp\/v2\/comments?post=1285"}],"version-history":[{"count":8,"href":"https:\/\/www.bayern-wolln-mer.net\/blog\/index.php\/wp-json\/wp\/v2\/posts\/1285\/revisions"}],"predecessor-version":[{"id":1312,"href":"https:\/\/www.bayern-wolln-mer.net\/blog\/index.php\/wp-json\/wp\/v2\/posts\/1285\/revisions\/1312"}],"wp:attachment":[{"href":"https:\/\/www.bayern-wolln-mer.net\/blog\/index.php\/wp-json\/wp\/v2\/media?parent=1285"}],"wp:term":[{"taxonomy":"category","embeddable":true,"href":"https:\/\/www.bayern-wolln-mer.net\/blog\/index.php\/wp-json\/wp\/v2\/categories?post=1285"},{"taxonomy":"post_tag","embeddable":true,"href":"https:\/\/www.bayern-wolln-mer.net\/blog\/index.php\/wp-json\/wp\/v2\/tags?post=1285"}],"curies":[{"name":"wp","href":"https:\/\/api.w.org\/{rel}","templated":true}]}}