{"id":132,"date":"2008-01-18T18:43:54","date_gmt":"2008-01-18T17:43:54","guid":{"rendered":"http:\/\/bayern-wolln-mer.net\/blog\/index.php\/archives\/naemberch\/132-zdf-tiergarten-doku-nuernberger-schnauzen.html"},"modified":"2015-03-20T15:45:18","modified_gmt":"2015-03-20T14:45:18","slug":"zdf-tiergarten-doku-nuernberger-schnauzen","status":"publish","type":"post","link":"https:\/\/www.bayern-wolln-mer.net\/blog\/index.php\/archives\/naemberch\/132-zdf-tiergarten-doku-nuernberger-schnauzen.html","title":{"rendered":"ZDF Tiergarten-Doku: N\u00fcrnberger Schnauzen"},"content":{"rendered":"<p><img src=\"https:\/\/i1.wp.com\/www.bayern-wolln-mer.net\/Tiergarten_nuernberg.jpg?ssl=1\" title=\"Robben im Tiergarten N\u00fcrnberg\" alt=\"Robben im Tiergarten N\u00fcrnberg\" align=\"left\" data-recalc-dims=\"1\" \/><a href=\"https:\/\/www.bayern-wolln-mer.net\/blog\/index.php\/archives\/naemberch\/211-nuernberger-schnauzen-neue-folgen.html\" target=\"_blank\">Update: Neue Folgen im Januar 2009 (Infos hier)!<\/a><\/p>\n<p>Was ich bereits im vergangenen Februar nach einer <strong>Radio-F-Meldung<\/strong> freudig angek\u00fcndigt hatte (<a href=\"https:\/\/bayern-wolln-mer.net\/blog\/index.php\/archives\/naemberch\/71-zdf-zoo-geschichten-aus-nuernberg.html\" target=\"_blank\">wie w\u00e4re es z.B. mit &#8220;N\u00e4mbercher Diergaddn Gwaaf&#8221; oder &#8220;Fr\u00e4nkische Zoo-Waffeln&#8221; Oder mein Favorit: &#8220;Schmausenbuck Gschmarre&#8221;<\/a>), geht am kommenden <span style=\"font-weight: bold\">Montag, 21.01.2008<\/span> endlich auf Sendung:<\/p>\n<p style=\"font-weight: bold\">&#8220;N\u00fcrnberger Schnauzen&#8221;<\/p>\n<p>Der <a href=\"https:\/\/tiergarten.nuernberg.de\/v02\/de\/pub\/index.html?navID=69&amp;artikelID=124&amp;typ=liste&amp;suchtxt=zdf&amp;IDS=LMNam9iS\" target=\"_blank\">Tiergarten N\u00fcrnberg<\/a> im <a href=\"https:\/\/www.zdf.de\/ZDFde\/inhalt\/17\/0,1872,7132625,00.html\" target=\"_blank\">ZDF (hier)<\/a>. Eine neue Doku-Serie mit 34 Folgen zeigt Geschichten aus dem <span style=\"font-weight: bold\">Franken-Zoo<\/span>, immer <strong>montags bis freitags um 15:15 Uhr!<\/strong><\/p>\n<p>Nach den bereits bekannten und erfolgreichen &#8220;Berliner-&#8220;, &#8220;Ruhrpott-&#8220;, &#8220;Ostsee-Schnauzen&#8221; sowie den Geschichten aus dem Dresdner und dem K\u00f6lner Zoo werden nun auch noch die Tiere und Menschen aus dem N\u00fcrnberger Tierpark zu Fernsehstars &#8211; wobei &#8220;<span style=\"font-weight: bold\">Franken-Schnauzen<\/span>&#8221; besser in die Reihe gepasst h\u00e4tte, aber ich will ja nicht meckern! \ud83d\ude09<\/p>\n<p>Damit kann nun der Tiergarten N\u00fcrnberg nach dem Hype um <a href=\"https:\/\/bayern-wolln-mer.net\/blog\/index.php\/archives\/naemberch\/140-nuernberger-eisbaerenbaby-heisst-flocke.html\" target=\"_blank\"><strong>Flocke<\/strong><\/a>, als &#8220;<span style=\"font-weight: bold\">einer sch\u00f6nsten Landschaftszoos Europas<\/span>&#8221; (Tiergarten-Direktor <span style=\"font-weight: bold\">Dag Encke<\/span>) weiterhin kr\u00e4ftig die Werbetrommel r\u00fchren. Zur Zeit leben <span style=\"font-weight: bold\">2270 Tiere<\/span> aus 274 Arten in dem Tierpark der Frankenmetropole, dazu hat man in N\u00fcrnberg das einzige <a href=\"https:\/\/de.wikipedia.org\/wiki\/Delfinarium\" target=\"_blank\">Delfinarium<\/a> in S\u00fcddeutschland (Deutschlandweit nur noch Duisburg, M\u00fcnster und Soltau), das aber bald durch die &#8220;<a href=\"https:\/\/www.lagune2000.de\/\" target=\"_blank\">Lagune 2000<\/a>&#8221; ersetzt werden soll&#8230; und nat\u00fcrlich Flocke!<\/p>\n<p>Das<span style=\"font-weight: bold\"> ZDF <\/span>war fast ein Jahr in N\u00fcrnberg und drehte &#8220;<span style=\"font-style: italic\">permanent  mit drei mal drei Teams und zwei mal drei Teams<\/span>&#8221; &#8211; &#8220;<span style=\"font-style: italic\">Jedes Team ist mit 3 Leuten besetzt, dem Autor, dem Kameramann und dem Toningenieur<\/span>&#8220;, so der Koordinator des <a href=\"https:\/\/www.docstation.de\/de\/\" target=\"_blank\">doc.station<\/a>-Teams <a href=\"https:\/\/www.docstation.de\/de\/dokusoap\/zoonuernberg\/index.php\" target=\"_blank\">Rupert Goldbeck<\/a> gegen\u00fcber den <a href=\"https:\/\/www.zabo-nachrichten.de\/index.php?option=com_content&amp;task=view&amp;id=48&amp;Itemid=1&amp;PHPSESSID=6e63325a9d147991807aa6ada6a70407\" target=\"_blank\">Zabo Nachrichten<\/a>. &#8220;<span style=\"font-style: italic\">Wir waren mit dabei, als es <\/span><span style=\"font-weight: bold\">Nachwuchs <\/span>bei den Antilopen gab und schauten zu, wie ein <span style=\"font-weight: bold\">Steinbock <\/span>nach l\u00e4ngerer Krankheit sich wieder als zweiter Revierchef behaupten musste.&#8221; gab er als Besonderheiten zu Protokoll.<\/p>\n<p>Auf der Fimeneigenen Seite <a href=\"https:\/\/www.docstation.de\/de\/dokusoap\/zoonuernberg\/index.php\" target=\"_blank\">doc.station.de<\/a> werden im einzelnen der &#8220;T\u00fcmmler <span style=\"font-weight: bold\">Moby <\/span>und seine Frauen&#8221; und die &#8220;Delfinarium-Crew um <span style=\"font-weight: bold\">Armin Fritz<\/span>&#8221; aufgef\u00fchrt. Dann &#8220;das Verh\u00e4ltnis der drei N\u00fcrnberger Eisb\u00e4ren&#8221;, &#8220;Giraffen und Gorillas im ersten Schnee&#8221; und die &#8220;kleinen Totenkopf\u00e4ffchen&#8221; unter der Betreuung von <span style=\"font-weight: bold\">Dagmar Fr\u00f6hlich<\/span>, <span style=\"font-weight: bold\"> Bruno Regler<\/span>, <span style=\"font-weight: bold\">Rene Kaiser<\/span> und Zootier\u00e4rztin <span style=\"font-weight: bold\">Katrin Baumgartner<\/span>!<\/p>\n<p><span style=\"font-weight: bold\">Das wird, neben dem <a href=\"https:\/\/bayern-wolln-mer.net\/blog\/index.php\/archives\/naemberch\/136-quiz-taxi-in-nuernberg.html\" target=\"_blank\">Quiz-Taxi aus N\u00fcrnberg<\/a>, ein Pflichttermin! <\/span>Freuen wir uns auf herrliche <span style=\"font-weight: bold\">fr\u00e4nkische Dialekt-Einlagen!<\/span> \ud83d\ude42<\/p>\n<p>Nachfolgend ein Tiergarten-Testbericht von <a href=\"https:\/\/www.sueddeutsche.de\/panorama\/artikel\/941\/120788\/\" target=\"_blank\">S\u00fcddeutsche.de<\/a><\/p>\n<p><strong>Anmerkung: <\/strong>Diesen Beitrag verfasste ich zwischen den Jahren, lange bevor die ganze Welt auf das kleine Eisb\u00e4renweibchen schaute (zwei S\u00e4tze habe ich gerade noch eingef\u00fcgt). Eigentlich galt damals der <strong>Starttermin 28.01.<\/strong>, doch vermutlich hat das <strong>ZDF<\/strong> gerade jetzt die Reihe zeigen wollen &#8211; was verst\u00e4ndlich ist!<\/p>\n<p><strong>Update:<\/strong> Wie Radio F vermeldete, wurden die Sendungen des ZDF wirklich aufgrund des Eisb\u00e4renweibchens umgeschnitten, sodass nun <strong>t\u00e4glich aktuelle Bilder von &#8220;Flocke&#8221;<\/strong> zu sehen sind!<\/p>\n<div class=\"sharedaddy sd-sharing-enabled\"><div class=\"robots-nocontent sd-block sd-social sd-social-icon sd-sharing\"><h3 class=\"sd-title\">Share this:<\/h3><div class=\"sd-content\"><ul><li class=\"share-print\"><a rel=\"nofollow noopener noreferrer\" data-shared=\"\" class=\"share-print sd-button share-icon no-text\" href=\"https:\/\/www.bayern-wolln-mer.net\/blog\/index.php\/archives\/naemberch\/132-zdf-tiergarten-doku-nuernberger-schnauzen.html\" target=\"_blank\" title=\"Klicken zum Ausdrucken\"><span><\/span><span class=\"sharing-screen-reader-text\">Klicken zum Ausdrucken (Wird in neuem Fenster ge\u00f6ffnet)<\/span><\/a><\/li><li class=\"share-email\"><a rel=\"nofollow noopener noreferrer\" data-shared=\"\" class=\"share-email sd-button share-icon no-text\" href=\"https:\/\/www.bayern-wolln-mer.net\/blog\/index.php\/archives\/naemberch\/132-zdf-tiergarten-doku-nuernberger-schnauzen.html?share=email\" target=\"_blank\" title=\"Klick, um dies einem Freund per E-Mail zu senden\"><span><\/span><span class=\"sharing-screen-reader-text\">Klick, um dies einem Freund per E-Mail zu senden (Wird in neuem Fenster ge\u00f6ffnet)<\/span><\/a><\/li><li class=\"share-twitter\"><a rel=\"nofollow noopener noreferrer\" data-shared=\"sharing-twitter-132\" class=\"share-twitter sd-button share-icon no-text\" href=\"https:\/\/www.bayern-wolln-mer.net\/blog\/index.php\/archives\/naemberch\/132-zdf-tiergarten-doku-nuernberger-schnauzen.html?share=twitter\" target=\"_blank\" title=\"Klick, um \u00fcber Twitter zu teilen\"><span><\/span><span class=\"sharing-screen-reader-text\">Klick, um \u00fcber Twitter zu teilen (Wird in neuem Fenster ge\u00f6ffnet)<\/span><\/a><\/li><li class=\"share-jetpack-whatsapp\"><a rel=\"nofollow noopener noreferrer\" data-shared=\"\" class=\"share-jetpack-whatsapp sd-button share-icon no-text\" href=\"https:\/\/www.bayern-wolln-mer.net\/blog\/index.php\/archives\/naemberch\/132-zdf-tiergarten-doku-nuernberger-schnauzen.html?share=jetpack-whatsapp\" target=\"_blank\" title=\"Klicken, um auf WhatsApp zu teilen\"><span><\/span><span class=\"sharing-screen-reader-text\">Klicken, um auf WhatsApp zu teilen (Wird in neuem Fenster ge\u00f6ffnet)<\/span><\/a><\/li><li class=\"share-linkedin\"><a rel=\"nofollow noopener noreferrer\" data-shared=\"sharing-linkedin-132\" class=\"share-linkedin sd-button share-icon no-text\" href=\"https:\/\/www.bayern-wolln-mer.net\/blog\/index.php\/archives\/naemberch\/132-zdf-tiergarten-doku-nuernberger-schnauzen.html?share=linkedin\" target=\"_blank\" title=\"Klick, um auf LinkedIn zu teilen\"><span><\/span><span class=\"sharing-screen-reader-text\">Klick, um auf LinkedIn zu teilen (Wird in neuem Fenster ge\u00f6ffnet)<\/span><\/a><\/li><li class=\"share-reddit\"><a rel=\"nofollow noopener noreferrer\" data-shared=\"\" class=\"share-reddit sd-button share-icon no-text\" href=\"https:\/\/www.bayern-wolln-mer.net\/blog\/index.php\/archives\/naemberch\/132-zdf-tiergarten-doku-nuernberger-schnauzen.html?share=reddit\" target=\"_blank\" title=\"Klick, um auf Reddit zu teilen\"><span><\/span><span class=\"sharing-screen-reader-text\">Klick, um auf Reddit zu teilen (Wird in neuem Fenster ge\u00f6ffnet)<\/span><\/a><\/li><li class=\"share-tumblr\"><a rel=\"nofollow noopener noreferrer\" data-shared=\"\" class=\"share-tumblr sd-button share-icon no-text\" href=\"https:\/\/www.bayern-wolln-mer.net\/blog\/index.php\/archives\/naemberch\/132-zdf-tiergarten-doku-nuernberger-schnauzen.html?share=tumblr\" target=\"_blank\" title=\"Klick, um auf Tumblr zu teilen\"><span><\/span><span class=\"sharing-screen-reader-text\">Klick, um auf Tumblr zu teilen (Wird in neuem Fenster ge\u00f6ffnet)<\/span><\/a><\/li><li class=\"share-pinterest\"><a rel=\"nofollow noopener noreferrer\" data-shared=\"sharing-pinterest-132\" class=\"share-pinterest sd-button share-icon no-text\" href=\"https:\/\/www.bayern-wolln-mer.net\/blog\/index.php\/archives\/naemberch\/132-zdf-tiergarten-doku-nuernberger-schnauzen.html?share=pinterest\" target=\"_blank\" title=\"Klick, um auf Pinterest zu teilen\"><span><\/span><span class=\"sharing-screen-reader-text\">Klick, um auf Pinterest zu teilen (Wird in neuem Fenster ge\u00f6ffnet)<\/span><\/a><\/li><li class=\"share-pocket\"><a rel=\"nofollow noopener noreferrer\" data-shared=\"\" class=\"share-pocket sd-button share-icon no-text\" href=\"https:\/\/www.bayern-wolln-mer.net\/blog\/index.php\/archives\/naemberch\/132-zdf-tiergarten-doku-nuernberger-schnauzen.html?share=pocket\" target=\"_blank\" title=\"Klick, um auf Pocket zu teilen\"><span><\/span><span class=\"sharing-screen-reader-text\">Klick, um auf Pocket zu teilen (Wird in neuem Fenster ge\u00f6ffnet)<\/span><\/a><\/li><li class=\"share-telegram\"><a rel=\"nofollow noopener noreferrer\" data-shared=\"\" class=\"share-telegram sd-button share-icon no-text\" href=\"https:\/\/www.bayern-wolln-mer.net\/blog\/index.php\/archives\/naemberch\/132-zdf-tiergarten-doku-nuernberger-schnauzen.html?share=telegram\" target=\"_blank\" title=\"Klicken, um auf Telegram zu teilen\"><span><\/span><span class=\"sharing-screen-reader-text\">Klicken, um auf Telegram zu teilen (Wird in neuem Fenster ge\u00f6ffnet)<\/span><\/a><\/li><li class=\"share-skype\"><a rel=\"nofollow noopener noreferrer\" data-shared=\"sharing-skype-132\" class=\"share-skype sd-button share-icon no-text\" href=\"https:\/\/www.bayern-wolln-mer.net\/blog\/index.php\/archives\/naemberch\/132-zdf-tiergarten-doku-nuernberger-schnauzen.html?share=skype\" target=\"_blank\" title=\"Klicken, um in Skype zu teilen\"><span><\/span><span class=\"sharing-screen-reader-text\">Klicken, um in Skype zu teilen (Wird in neuem Fenster ge\u00f6ffnet)<\/span><\/a><\/li><li><a href=\"#\" class=\"sharing-anchor sd-button share-more\"><span>Mehr<\/span><\/a><\/li><li class=\"share-end\"><\/li><\/ul><div class=\"sharing-hidden\"><div class=\"inner\" style=\"display: none;width:150px;\"><ul style=\"background-image:none;\"><li class=\"share-facebook\"><a rel=\"nofollow noopener noreferrer\" data-shared=\"sharing-facebook-132\" class=\"share-facebook sd-button share-icon no-text\" href=\"https:\/\/www.bayern-wolln-mer.net\/blog\/index.php\/archives\/naemberch\/132-zdf-tiergarten-doku-nuernberger-schnauzen.html?share=facebook\" target=\"_blank\" title=\"Klick, um auf Facebook zu teilen\"><span><\/span><span class=\"sharing-screen-reader-text\">Klick, um auf Facebook zu teilen (Wird in neuem Fenster ge\u00f6ffnet)<\/span><\/a><\/li><li class=\"share-end\"><\/li><\/ul><\/div><\/div><\/div><\/div><\/div>","protected":false},"excerpt":{"rendered":"<p>Update: Neue Folgen im Januar 2009 (Infos hier)! Was ich bereits im vergangenen Februar nach einer Radio-F-Meldung freudig angek\u00fcndigt hatte (wie w\u00e4re es z.B. mit &#8220;N\u00e4mbercher Diergaddn Gwaaf&#8221; oder &#8220;Fr\u00e4nkische Zoo-Waffeln&#8221; Oder mein Favorit: &#8220;Schmausenbuck Gschmarre&#8221;), geht am kommenden Montag, 21.01.2008 endlich auf Sendung: &#8220;N\u00fcrnberger Schnauzen&#8221; Der Tiergarten N\u00fcrnberg im ZDF (hier). Eine neue Doku-Serie [&hellip;]<\/p>\n<div class=\"sharedaddy sd-sharing-enabled\"><div class=\"robots-nocontent sd-block sd-social sd-social-icon sd-sharing\"><h3 class=\"sd-title\">Share this:<\/h3><div class=\"sd-content\"><ul><li class=\"share-print\"><a rel=\"nofollow noopener noreferrer\" data-shared=\"\" class=\"share-print sd-button share-icon no-text\" href=\"https:\/\/www.bayern-wolln-mer.net\/blog\/index.php\/archives\/naemberch\/132-zdf-tiergarten-doku-nuernberger-schnauzen.html\" target=\"_blank\" title=\"Klicken zum Ausdrucken\"><span><\/span><span class=\"sharing-screen-reader-text\">Klicken zum Ausdrucken (Wird in neuem Fenster ge\u00f6ffnet)<\/span><\/a><\/li><li class=\"share-email\"><a rel=\"nofollow noopener noreferrer\" data-shared=\"\" class=\"share-email sd-button share-icon no-text\" href=\"https:\/\/www.bayern-wolln-mer.net\/blog\/index.php\/archives\/naemberch\/132-zdf-tiergarten-doku-nuernberger-schnauzen.html?share=email\" target=\"_blank\" title=\"Klick, um dies einem Freund per E-Mail zu senden\"><span><\/span><span class=\"sharing-screen-reader-text\">Klick, um dies einem Freund per E-Mail zu senden (Wird in neuem Fenster ge\u00f6ffnet)<\/span><\/a><\/li><li class=\"share-twitter\"><a rel=\"nofollow noopener noreferrer\" data-shared=\"sharing-twitter-132\" class=\"share-twitter sd-button share-icon no-text\" href=\"https:\/\/www.bayern-wolln-mer.net\/blog\/index.php\/archives\/naemberch\/132-zdf-tiergarten-doku-nuernberger-schnauzen.html?share=twitter\" target=\"_blank\" title=\"Klick, um \u00fcber Twitter zu teilen\"><span><\/span><span class=\"sharing-screen-reader-text\">Klick, um \u00fcber Twitter zu teilen (Wird in neuem Fenster ge\u00f6ffnet)<\/span><\/a><\/li><li class=\"share-jetpack-whatsapp\"><a rel=\"nofollow noopener noreferrer\" data-shared=\"\" class=\"share-jetpack-whatsapp sd-button share-icon no-text\" href=\"https:\/\/www.bayern-wolln-mer.net\/blog\/index.php\/archives\/naemberch\/132-zdf-tiergarten-doku-nuernberger-schnauzen.html?share=jetpack-whatsapp\" target=\"_blank\" title=\"Klicken, um auf WhatsApp zu teilen\"><span><\/span><span class=\"sharing-screen-reader-text\">Klicken, um auf WhatsApp zu teilen (Wird in neuem Fenster ge\u00f6ffnet)<\/span><\/a><\/li><li class=\"share-linkedin\"><a rel=\"nofollow noopener noreferrer\" data-shared=\"sharing-linkedin-132\" class=\"share-linkedin sd-button share-icon no-text\" href=\"https:\/\/www.bayern-wolln-mer.net\/blog\/index.php\/archives\/naemberch\/132-zdf-tiergarten-doku-nuernberger-schnauzen.html?share=linkedin\" target=\"_blank\" title=\"Klick, um auf LinkedIn zu teilen\"><span><\/span><span class=\"sharing-screen-reader-text\">Klick, um auf LinkedIn zu teilen (Wird in neuem Fenster ge\u00f6ffnet)<\/span><\/a><\/li><li class=\"share-reddit\"><a rel=\"nofollow noopener noreferrer\" data-shared=\"\" class=\"share-reddit sd-button share-icon no-text\" href=\"https:\/\/www.bayern-wolln-mer.net\/blog\/index.php\/archives\/naemberch\/132-zdf-tiergarten-doku-nuernberger-schnauzen.html?share=reddit\" target=\"_blank\" title=\"Klick, um auf Reddit zu teilen\"><span><\/span><span class=\"sharing-screen-reader-text\">Klick, um auf Reddit zu teilen (Wird in neuem Fenster ge\u00f6ffnet)<\/span><\/a><\/li><li class=\"share-tumblr\"><a rel=\"nofollow noopener noreferrer\" data-shared=\"\" class=\"share-tumblr sd-button share-icon no-text\" href=\"https:\/\/www.bayern-wolln-mer.net\/blog\/index.php\/archives\/naemberch\/132-zdf-tiergarten-doku-nuernberger-schnauzen.html?share=tumblr\" target=\"_blank\" title=\"Klick, um auf Tumblr zu teilen\"><span><\/span><span class=\"sharing-screen-reader-text\">Klick, um auf Tumblr zu teilen (Wird in neuem Fenster ge\u00f6ffnet)<\/span><\/a><\/li><li class=\"share-pinterest\"><a rel=\"nofollow noopener noreferrer\" data-shared=\"sharing-pinterest-132\" class=\"share-pinterest sd-button share-icon no-text\" href=\"https:\/\/www.bayern-wolln-mer.net\/blog\/index.php\/archives\/naemberch\/132-zdf-tiergarten-doku-nuernberger-schnauzen.html?share=pinterest\" target=\"_blank\" title=\"Klick, um auf Pinterest zu teilen\"><span><\/span><span class=\"sharing-screen-reader-text\">Klick, um auf Pinterest zu teilen (Wird in neuem Fenster ge\u00f6ffnet)<\/span><\/a><\/li><li class=\"share-pocket\"><a rel=\"nofollow noopener noreferrer\" data-shared=\"\" class=\"share-pocket sd-button share-icon no-text\" href=\"https:\/\/www.bayern-wolln-mer.net\/blog\/index.php\/archives\/naemberch\/132-zdf-tiergarten-doku-nuernberger-schnauzen.html?share=pocket\" target=\"_blank\" title=\"Klick, um auf Pocket zu teilen\"><span><\/span><span class=\"sharing-screen-reader-text\">Klick, um auf Pocket zu teilen (Wird in neuem Fenster ge\u00f6ffnet)<\/span><\/a><\/li><li class=\"share-telegram\"><a rel=\"nofollow noopener noreferrer\" data-shared=\"\" class=\"share-telegram sd-button share-icon no-text\" href=\"https:\/\/www.bayern-wolln-mer.net\/blog\/index.php\/archives\/naemberch\/132-zdf-tiergarten-doku-nuernberger-schnauzen.html?share=telegram\" target=\"_blank\" title=\"Klicken, um auf Telegram zu teilen\"><span><\/span><span class=\"sharing-screen-reader-text\">Klicken, um auf Telegram zu teilen (Wird in neuem Fenster ge\u00f6ffnet)<\/span><\/a><\/li><li class=\"share-skype\"><a rel=\"nofollow noopener noreferrer\" data-shared=\"sharing-skype-132\" class=\"share-skype sd-button share-icon no-text\" href=\"https:\/\/www.bayern-wolln-mer.net\/blog\/index.php\/archives\/naemberch\/132-zdf-tiergarten-doku-nuernberger-schnauzen.html?share=skype\" target=\"_blank\" title=\"Klicken, um in Skype zu teilen\"><span><\/span><span class=\"sharing-screen-reader-text\">Klicken, um in Skype zu teilen (Wird in neuem Fenster ge\u00f6ffnet)<\/span><\/a><\/li><li><a href=\"#\" class=\"sharing-anchor sd-button share-more\"><span>Mehr<\/span><\/a><\/li><li class=\"share-end\"><\/li><\/ul><div class=\"sharing-hidden\"><div class=\"inner\" style=\"display: none;width:150px;\"><ul style=\"background-image:none;\"><li class=\"share-facebook\"><a rel=\"nofollow noopener noreferrer\" data-shared=\"sharing-facebook-132\" class=\"share-facebook sd-button share-icon no-text\" href=\"https:\/\/www.bayern-wolln-mer.net\/blog\/index.php\/archives\/naemberch\/132-zdf-tiergarten-doku-nuernberger-schnauzen.html?share=facebook\" target=\"_blank\" title=\"Klick, um auf Facebook zu teilen\"><span><\/span><span class=\"sharing-screen-reader-text\">Klick, um auf Facebook zu teilen (Wird in neuem Fenster ge\u00f6ffnet)<\/span><\/a><\/li><li class=\"share-end\"><\/li><\/ul><\/div><\/div><\/div><\/div><\/div>","protected":false},"author":3,"featured_media":0,"comment_status":"open","ping_status":"open","sticky":false,"template":"","format":"standard","meta":{"spay_email":"","jetpack_publicize_message":""},"categories":[11],"tags":[191,98,37,43],"jetpack_featured_media_url":"","jetpack_publicize_connections":[],"yoast_head":"<!-- This site is optimized with the Yoast SEO plugin v18.2 - https:\/\/yoast.com\/wordpress\/plugins\/seo\/ -->\n<meta name=\"robots\" content=\"index, follow, max-snippet:-1, max-image-preview:large, max-video-preview:-1\" \/>\n<link rel=\"canonical\" href=\"https:\/\/www.bayern-wolln-mer.net\/blog\/index.php\/archives\/naemberch\/132-zdf-tiergarten-doku-nuernberger-schnauzen.html\" \/>\n<meta property=\"og:locale\" content=\"de_DE\" \/>\n<meta property=\"og:type\" content=\"article\" \/>\n<meta property=\"og:title\" content=\"ZDF Tiergarten-Doku: N\u00fcrnberger Schnauzen - Bayern-wolln-mer.net\" \/>\n<meta property=\"og:description\" content=\"Update: Neue Folgen im Januar 2009 (Infos hier)! Was ich bereits im vergangenen Februar nach einer Radio-F-Meldung freudig angek\u00fcndigt hatte (wie w\u00e4re es z.B. mit &#8220;N\u00e4mbercher Diergaddn Gwaaf&#8221; oder &#8220;Fr\u00e4nkische Zoo-Waffeln&#8221; Oder mein Favorit: &#8220;Schmausenbuck Gschmarre&#8221;), geht am kommenden Montag, 21.01.2008 endlich auf Sendung: &#8220;N\u00fcrnberger Schnauzen&#8221; Der Tiergarten N\u00fcrnberg im ZDF (hier). Eine neue Doku-Serie [&hellip;]\" \/>\n<meta property=\"og:url\" content=\"https:\/\/www.bayern-wolln-mer.net\/blog\/index.php\/archives\/naemberch\/132-zdf-tiergarten-doku-nuernberger-schnauzen.html\" \/>\n<meta property=\"og:site_name\" content=\"Bayern-wolln-mer.net\" \/>\n<meta property=\"article:published_time\" content=\"2008-01-18T17:43:54+00:00\" \/>\n<meta property=\"article:modified_time\" content=\"2015-03-20T14:45:18+00:00\" \/>\n<meta property=\"og:image\" content=\"https:\/\/www.bayern-wolln-mer.net\/Tiergarten_nuernberg.jpg\" \/>\n<meta name=\"twitter:card\" content=\"summary_large_image\" \/>\n<meta name=\"twitter:label1\" content=\"Verfasst von\" \/>\n\t<meta name=\"twitter:data1\" content=\"Andreas Brandl\" \/>\n\t<meta name=\"twitter:label2\" content=\"Gesch\u00e4tzte Lesezeit\" \/>\n\t<meta name=\"twitter:data2\" content=\"2\u00a0Minuten\" \/>\n<script type=\"application\/ld+json\" class=\"yoast-schema-graph\">{\"@context\":\"https:\/\/schema.org\",\"@graph\":[{\"@type\":\"WebSite\",\"@id\":\"https:\/\/www.bayern-wolln-mer.net\/blog\/#website\",\"url\":\"https:\/\/www.bayern-wolln-mer.net\/blog\/\",\"name\":\"Bayern-wolln-mer.net\",\"description\":\"Frankenblog! Frei statt Bayern! Freiheit f\u00fcr Franken!\",\"potentialAction\":[{\"@type\":\"SearchAction\",\"target\":{\"@type\":\"EntryPoint\",\"urlTemplate\":\"https:\/\/www.bayern-wolln-mer.net\/blog\/?s={search_term_string}\"},\"query-input\":\"required name=search_term_string\"}],\"inLanguage\":\"de\"},{\"@type\":\"ImageObject\",\"@id\":\"https:\/\/www.bayern-wolln-mer.net\/blog\/index.php\/archives\/naemberch\/132-zdf-tiergarten-doku-nuernberger-schnauzen.html#primaryimage\",\"inLanguage\":\"de\",\"url\":\"https:\/\/www.bayern-wolln-mer.net\/Tiergarten_nuernberg.jpg\",\"contentUrl\":\"https:\/\/www.bayern-wolln-mer.net\/Tiergarten_nuernberg.jpg\"},{\"@type\":\"WebPage\",\"@id\":\"https:\/\/www.bayern-wolln-mer.net\/blog\/index.php\/archives\/naemberch\/132-zdf-tiergarten-doku-nuernberger-schnauzen.html#webpage\",\"url\":\"https:\/\/www.bayern-wolln-mer.net\/blog\/index.php\/archives\/naemberch\/132-zdf-tiergarten-doku-nuernberger-schnauzen.html\",\"name\":\"ZDF Tiergarten-Doku: N\u00fcrnberger Schnauzen - Bayern-wolln-mer.net\",\"isPartOf\":{\"@id\":\"https:\/\/www.bayern-wolln-mer.net\/blog\/#website\"},\"primaryImageOfPage\":{\"@id\":\"https:\/\/www.bayern-wolln-mer.net\/blog\/index.php\/archives\/naemberch\/132-zdf-tiergarten-doku-nuernberger-schnauzen.html#primaryimage\"},\"datePublished\":\"2008-01-18T17:43:54+00:00\",\"dateModified\":\"2015-03-20T14:45:18+00:00\",\"author\":{\"@id\":\"https:\/\/www.bayern-wolln-mer.net\/blog\/#\/schema\/person\/b9fcf524d723fdb81f40a1bed0e52f96\"},\"breadcrumb\":{\"@id\":\"https:\/\/www.bayern-wolln-mer.net\/blog\/index.php\/archives\/naemberch\/132-zdf-tiergarten-doku-nuernberger-schnauzen.html#breadcrumb\"},\"inLanguage\":\"de\",\"potentialAction\":[{\"@type\":\"ReadAction\",\"target\":[\"https:\/\/www.bayern-wolln-mer.net\/blog\/index.php\/archives\/naemberch\/132-zdf-tiergarten-doku-nuernberger-schnauzen.html\"]}]},{\"@type\":\"BreadcrumbList\",\"@id\":\"https:\/\/www.bayern-wolln-mer.net\/blog\/index.php\/archives\/naemberch\/132-zdf-tiergarten-doku-nuernberger-schnauzen.html#breadcrumb\",\"itemListElement\":[{\"@type\":\"ListItem\",\"position\":1,\"name\":\"Startseite\",\"item\":\"https:\/\/www.bayern-wolln-mer.net\/blog\"},{\"@type\":\"ListItem\",\"position\":2,\"name\":\"ZDF Tiergarten-Doku: N\u00fcrnberger Schnauzen\"}]},{\"@type\":\"Person\",\"@id\":\"https:\/\/www.bayern-wolln-mer.net\/blog\/#\/schema\/person\/b9fcf524d723fdb81f40a1bed0e52f96\",\"name\":\"Andreas Brandl\",\"image\":{\"@type\":\"ImageObject\",\"@id\":\"https:\/\/www.bayern-wolln-mer.net\/blog\/#personlogo\",\"inLanguage\":\"de\",\"url\":\"https:\/\/secure.gravatar.com\/avatar\/7c2e8ddf168a4d43fa09a0495da2d513?s=96&d=mm&r=g\",\"contentUrl\":\"https:\/\/secure.gravatar.com\/avatar\/7c2e8ddf168a4d43fa09a0495da2d513?s=96&d=mm&r=g\",\"caption\":\"Andreas Brandl\"},\"sameAs\":[\"https:\/\/www.bayern-wolln-mer.net\"],\"url\":\"https:\/\/www.bayern-wolln-mer.net\/blog\/index.php\/archives\/author\/andy\"}]}<\/script>\n<!-- \/ Yoast SEO plugin. -->","yoast_head_json":{"robots":{"index":"index","follow":"follow","max-snippet":"max-snippet:-1","max-image-preview":"max-image-preview:large","max-video-preview":"max-video-preview:-1"},"canonical":"https:\/\/www.bayern-wolln-mer.net\/blog\/index.php\/archives\/naemberch\/132-zdf-tiergarten-doku-nuernberger-schnauzen.html","og_locale":"de_DE","og_type":"article","og_title":"ZDF Tiergarten-Doku: N\u00fcrnberger Schnauzen - Bayern-wolln-mer.net","og_description":"Update: Neue Folgen im Januar 2009 (Infos hier)! Was ich bereits im vergangenen Februar nach einer Radio-F-Meldung freudig angek\u00fcndigt hatte (wie w\u00e4re es z.B. mit &#8220;N\u00e4mbercher Diergaddn Gwaaf&#8221; oder &#8220;Fr\u00e4nkische Zoo-Waffeln&#8221; Oder mein Favorit: &#8220;Schmausenbuck Gschmarre&#8221;), geht am kommenden Montag, 21.01.2008 endlich auf Sendung: &#8220;N\u00fcrnberger Schnauzen&#8221; Der Tiergarten N\u00fcrnberg im ZDF (hier). Eine neue Doku-Serie [&hellip;]","og_url":"https:\/\/www.bayern-wolln-mer.net\/blog\/index.php\/archives\/naemberch\/132-zdf-tiergarten-doku-nuernberger-schnauzen.html","og_site_name":"Bayern-wolln-mer.net","article_published_time":"2008-01-18T17:43:54+00:00","article_modified_time":"2015-03-20T14:45:18+00:00","og_image":[{"url":"https:\/\/www.bayern-wolln-mer.net\/Tiergarten_nuernberg.jpg"}],"twitter_card":"summary_large_image","twitter_misc":{"Verfasst von":"Andreas Brandl","Gesch\u00e4tzte Lesezeit":"2\u00a0Minuten"},"schema":{"@context":"https:\/\/schema.org","@graph":[{"@type":"WebSite","@id":"https:\/\/www.bayern-wolln-mer.net\/blog\/#website","url":"https:\/\/www.bayern-wolln-mer.net\/blog\/","name":"Bayern-wolln-mer.net","description":"Frankenblog! Frei statt Bayern! Freiheit f\u00fcr Franken!","potentialAction":[{"@type":"SearchAction","target":{"@type":"EntryPoint","urlTemplate":"https:\/\/www.bayern-wolln-mer.net\/blog\/?s={search_term_string}"},"query-input":"required name=search_term_string"}],"inLanguage":"de"},{"@type":"ImageObject","@id":"https:\/\/www.bayern-wolln-mer.net\/blog\/index.php\/archives\/naemberch\/132-zdf-tiergarten-doku-nuernberger-schnauzen.html#primaryimage","inLanguage":"de","url":"https:\/\/www.bayern-wolln-mer.net\/Tiergarten_nuernberg.jpg","contentUrl":"https:\/\/www.bayern-wolln-mer.net\/Tiergarten_nuernberg.jpg"},{"@type":"WebPage","@id":"https:\/\/www.bayern-wolln-mer.net\/blog\/index.php\/archives\/naemberch\/132-zdf-tiergarten-doku-nuernberger-schnauzen.html#webpage","url":"https:\/\/www.bayern-wolln-mer.net\/blog\/index.php\/archives\/naemberch\/132-zdf-tiergarten-doku-nuernberger-schnauzen.html","name":"ZDF Tiergarten-Doku: N\u00fcrnberger Schnauzen - Bayern-wolln-mer.net","isPartOf":{"@id":"https:\/\/www.bayern-wolln-mer.net\/blog\/#website"},"primaryImageOfPage":{"@id":"https:\/\/www.bayern-wolln-mer.net\/blog\/index.php\/archives\/naemberch\/132-zdf-tiergarten-doku-nuernberger-schnauzen.html#primaryimage"},"datePublished":"2008-01-18T17:43:54+00:00","dateModified":"2015-03-20T14:45:18+00:00","author":{"@id":"https:\/\/www.bayern-wolln-mer.net\/blog\/#\/schema\/person\/b9fcf524d723fdb81f40a1bed0e52f96"},"breadcrumb":{"@id":"https:\/\/www.bayern-wolln-mer.net\/blog\/index.php\/archives\/naemberch\/132-zdf-tiergarten-doku-nuernberger-schnauzen.html#breadcrumb"},"inLanguage":"de","potentialAction":[{"@type":"ReadAction","target":["https:\/\/www.bayern-wolln-mer.net\/blog\/index.php\/archives\/naemberch\/132-zdf-tiergarten-doku-nuernberger-schnauzen.html"]}]},{"@type":"BreadcrumbList","@id":"https:\/\/www.bayern-wolln-mer.net\/blog\/index.php\/archives\/naemberch\/132-zdf-tiergarten-doku-nuernberger-schnauzen.html#breadcrumb","itemListElement":[{"@type":"ListItem","position":1,"name":"Startseite","item":"https:\/\/www.bayern-wolln-mer.net\/blog"},{"@type":"ListItem","position":2,"name":"ZDF Tiergarten-Doku: N\u00fcrnberger Schnauzen"}]},{"@type":"Person","@id":"https:\/\/www.bayern-wolln-mer.net\/blog\/#\/schema\/person\/b9fcf524d723fdb81f40a1bed0e52f96","name":"Andreas Brandl","image":{"@type":"ImageObject","@id":"https:\/\/www.bayern-wolln-mer.net\/blog\/#personlogo","inLanguage":"de","url":"https:\/\/secure.gravatar.com\/avatar\/7c2e8ddf168a4d43fa09a0495da2d513?s=96&d=mm&r=g","contentUrl":"https:\/\/secure.gravatar.com\/avatar\/7c2e8ddf168a4d43fa09a0495da2d513?s=96&d=mm&r=g","caption":"Andreas Brandl"},"sameAs":["https:\/\/www.bayern-wolln-mer.net"],"url":"https:\/\/www.bayern-wolln-mer.net\/blog\/index.php\/archives\/author\/andy"}]}},"jetpack_sharing_enabled":true,"jetpack_shortlink":"https:\/\/wp.me\/p7UoAp-28","jetpack-related-posts":[],"_links":{"self":[{"href":"https:\/\/www.bayern-wolln-mer.net\/blog\/index.php\/wp-json\/wp\/v2\/posts\/132"}],"collection":[{"href":"https:\/\/www.bayern-wolln-mer.net\/blog\/index.php\/wp-json\/wp\/v2\/posts"}],"about":[{"href":"https:\/\/www.bayern-wolln-mer.net\/blog\/index.php\/wp-json\/wp\/v2\/types\/post"}],"author":[{"embeddable":true,"href":"https:\/\/www.bayern-wolln-mer.net\/blog\/index.php\/wp-json\/wp\/v2\/users\/3"}],"replies":[{"embeddable":true,"href":"https:\/\/www.bayern-wolln-mer.net\/blog\/index.php\/wp-json\/wp\/v2\/comments?post=132"}],"version-history":[{"count":1,"href":"https:\/\/www.bayern-wolln-mer.net\/blog\/index.php\/wp-json\/wp\/v2\/posts\/132\/revisions"}],"predecessor-version":[{"id":1390,"href":"https:\/\/www.bayern-wolln-mer.net\/blog\/index.php\/wp-json\/wp\/v2\/posts\/132\/revisions\/1390"}],"wp:attachment":[{"href":"https:\/\/www.bayern-wolln-mer.net\/blog\/index.php\/wp-json\/wp\/v2\/media?parent=132"}],"wp:term":[{"taxonomy":"category","embeddable":true,"href":"https:\/\/www.bayern-wolln-mer.net\/blog\/index.php\/wp-json\/wp\/v2\/categories?post=132"},{"taxonomy":"post_tag","embeddable":true,"href":"https:\/\/www.bayern-wolln-mer.net\/blog\/index.php\/wp-json\/wp\/v2\/tags?post=132"}],"curies":[{"name":"wp","href":"https:\/\/api.w.org\/{rel}","templated":true}]}}