{"id":1320,"date":"2014-04-16T18:06:32","date_gmt":"2014-04-16T16:06:32","guid":{"rendered":"http:\/\/www.bayern-wolln-mer.net\/blog\/?p=1320"},"modified":"2017-10-10T16:09:26","modified_gmt":"2017-10-10T14:09:26","slug":"arbeitslosenquoten-in-bayern-schlusslicht-nuernberg","status":"publish","type":"post","link":"https:\/\/www.bayern-wolln-mer.net\/blog\/index.php\/archives\/franken-bayern\/1320-arbeitslosenquoten-in-bayern-schlusslicht-nuernberg.html","title":{"rendered":"Arbeitslosenquoten in Bayern: Schlu\u00dflicht N\u00fcrnberg"},"content":{"rendered":"<p>Ich hatte ja vor einiger Zeit schon mal darauf aufmerksam gemacht, dass man bei <a href=\"https:\/\/www.bayern-wolln-mer.net\/blog\/index.php\/archives\/franken-bayern\/820-bei-den-arbeitslosenzahlen-sollte-man-mal-genauer-hinsehen.html\" target=\"_blank\" rel=\"noopener noreferrer\">Statistiken zur Arbeitslosigkeit speziell in Bayern genauer hinsehen<\/a> sollte &#8211; gerade als Franke! Denn die Region um M\u00fcnchen bzw. Oberbayern ist weiterhin derma\u00dfen stark, dass der gesamte Durchschnitt Bayerns nach oben gezogen wird. Folge davon ist, dass auch die Menschen in Oberfranken in der Zeitung zu lesen bekommen, dass es den Menschen in diesem Bundesland im Vergleich zu anderen Gegenden in Deutschland extrem gut gehe. Das haben sie dann wohl auch bei der n\u00e4chsten Landtagswahl im Hinterkopf.<\/p>\n<p>Macht man sich aber mal die M\u00fche, die <a href=\"https:\/\/statistik.arbeitsagentur.de\/Navigation\/Statistik\/Statistik-nach-Regionen\/Politische-Gebietsstruktur\/Bayern-Nav.html\" target=\"_blank\" rel=\"noopener noreferrer\">offiziellen Zahlen der Arbeitsagentur<\/a> f\u00fcr die 96 Stadt- und Landkreise aufzulisten und zu sortieren, so kommt doch wieder auf das altbekannte Ungleichgewicht bzw. S\u00fcd-Nord-Gef\u00e4lle innerhalb Bayerns ans Tageslicht, dass die <a href=\"https:\/\/www.partei-fuer-franken.de\/\" target=\"_blank\" rel=\"noopener noreferrer\">Partei f\u00fcr Franken<\/a> schon lange anprangert. So kann man dann erkennen, dass sich unter den 10\u00a0Stadt- und Landkreisen\u00a0mit der geringsten Arbeitslosenquote nur eine aus Franken, jedoch 6 aus Oberbayern befinden. Am anderen Ende findet man unter den 10 mit der h\u00f6chsten Arbeitslosigkeit allein schon 5 aus Franken, 2 aus der Oberpfalz und keinen aus Oberbayern. Schlusslicht ist wie seit Jahren weiterhin N\u00fcrnberg mit 8,0%!<\/p>\n<table border=\"0\" width=\"397\" cellspacing=\"0\" cellpadding=\"0\">\n<colgroup>\n<col width=\"42\" \/>\n<col width=\"275\" \/>\n<col width=\"80\" \/> <\/colgroup>\n<tbody>\n<tr>\n<td width=\"42\" height=\"20\"><strong>Rang<\/strong><\/td>\n<td width=\"275\"><strong>Landkreise<\/strong><\/td>\n<td style=\"text-align: right;\" width=\"80\"><strong>Arbeitslosenquote insgesamt<\/strong><\/td>\n<\/tr>\n<tr>\n<td height=\"20\">1<\/td>\n<td>Eichst\u00e4tt (Oberbayern)<\/td>\n<td align=\"right\">1,6<\/td>\n<\/tr>\n<tr>\n<td height=\"20\">2<\/td>\n<td>Donau &#8211; Ries (Schwaben)<\/td>\n<td align=\"right\">2,2<\/td>\n<\/tr>\n<tr>\n<td height=\"20\">3<\/td>\n<td>Erding (Oberbayern)<\/td>\n<td align=\"right\">2,3<\/td>\n<\/tr>\n<tr>\n<td height=\"20\">4<\/td>\n<td>Pfaffenhofen a. d. Ilm (Oberbayern)<\/td>\n<td align=\"right\">2,3<\/td>\n<\/tr>\n<tr>\n<td height=\"20\">5<\/td>\n<td>Neuburg &#8211; Schrobenhausen (Obb)<\/td>\n<td align=\"right\">2,4<\/td>\n<\/tr>\n<tr>\n<td height=\"20\">6<\/td>\n<td>Unterallg\u00e4u (Schwaben)<\/td>\n<td align=\"right\">2,4<\/td>\n<\/tr>\n<tr>\n<td height=\"20\">7<\/td>\n<td>Erlangen &#8211; H\u00f6chstadt (Mittelfranken)<\/td>\n<td align=\"right\">2,5<\/td>\n<\/tr>\n<tr>\n<td height=\"20\">8<\/td>\n<td>Dachau (Oberbayern)<\/td>\n<td align=\"right\">2,6<\/td>\n<\/tr>\n<tr>\n<td height=\"20\">9<\/td>\n<td>Ebersberg (Oberbayern)<\/td>\n<td align=\"right\">2,6<\/td>\n<\/tr>\n<tr>\n<td height=\"20\">10<\/td>\n<td>Neumarkt i. d. OPf. (Oberpfalz)<\/td>\n<td align=\"right\">2,6<\/td>\n<\/tr>\n<tr>\n<td height=\"20\">11<\/td>\n<td>Dillingen a. d. Donau<\/td>\n<td align=\"right\">2,7<\/td>\n<\/tr>\n<tr>\n<td height=\"20\">12<\/td>\n<td>Regensburg<\/td>\n<td align=\"right\">2,7<\/td>\n<\/tr>\n<tr>\n<td height=\"20\">13<\/td>\n<td>Freising<\/td>\n<td align=\"right\">2,8<\/td>\n<\/tr>\n<tr>\n<td height=\"20\">14<\/td>\n<td>Main &#8211; Spessart<\/td>\n<td align=\"right\">2,8<\/td>\n<\/tr>\n<tr>\n<td height=\"20\">15<\/td>\n<td>Neustadt a. d. Aisch &#8211; Bad Windsheim<\/td>\n<td align=\"right\">2,8<\/td>\n<\/tr>\n<tr>\n<td height=\"20\">16<\/td>\n<td>W\u00fcrzburg<\/td>\n<td align=\"right\">2,9<\/td>\n<\/tr>\n<tr>\n<td height=\"20\">17<\/td>\n<td>Aichach &#8211; Friedberg<\/td>\n<td align=\"right\">3,0<\/td>\n<\/tr>\n<tr>\n<td height=\"20\">18<\/td>\n<td>Landshut<\/td>\n<td align=\"right\">3,0<\/td>\n<\/tr>\n<tr>\n<td height=\"20\">19<\/td>\n<td>Rosenheim<\/td>\n<td align=\"right\">3,0<\/td>\n<\/tr>\n<tr>\n<td height=\"20\">20<\/td>\n<td>Augsburg<\/td>\n<td align=\"right\">3,1<\/td>\n<\/tr>\n<tr>\n<td height=\"20\">21<\/td>\n<td>Dingolfing &#8211; Landau<\/td>\n<td align=\"right\">3,1<\/td>\n<\/tr>\n<tr>\n<td height=\"20\">22<\/td>\n<td>M\u00fcnchen<\/td>\n<td align=\"right\">3,1<\/td>\n<\/tr>\n<tr>\n<td height=\"20\">23<\/td>\n<td>Ostallg\u00e4u<\/td>\n<td align=\"right\">3,1<\/td>\n<\/tr>\n<tr>\n<td height=\"20\">24<\/td>\n<td>Roth<\/td>\n<td align=\"right\">3,1<\/td>\n<\/tr>\n<tr>\n<td height=\"20\">25<\/td>\n<td>Schweinfurt<\/td>\n<td align=\"right\">3,1<\/td>\n<\/tr>\n<tr>\n<td height=\"20\">26<\/td>\n<td>Weilheim &#8211; Schongau<\/td>\n<td align=\"right\">3,1<\/td>\n<\/tr>\n<tr>\n<td height=\"20\">27<\/td>\n<td>Bad T\u00f6lz &#8211; Wolfratshausen<\/td>\n<td align=\"right\">3,2<\/td>\n<\/tr>\n<tr>\n<td height=\"20\">28<\/td>\n<td>F\u00fcrstenfeldbruck<\/td>\n<td align=\"right\">3,2<\/td>\n<\/tr>\n<tr>\n<td height=\"20\">29<\/td>\n<td>G\u00fcnzburg<\/td>\n<td align=\"right\">3,2<\/td>\n<\/tr>\n<tr>\n<td height=\"20\">30<\/td>\n<td>Landsberg am Lech<\/td>\n<td align=\"right\">3,2<\/td>\n<\/tr>\n<tr>\n<td height=\"20\">31<\/td>\n<td>Lindau (Bodensee)<\/td>\n<td align=\"right\">3,2<\/td>\n<\/tr>\n<tr>\n<td height=\"20\">32<\/td>\n<td>N\u00fcrnberger Land<\/td>\n<td align=\"right\">3,2<\/td>\n<\/tr>\n<tr>\n<td height=\"20\">33<\/td>\n<td>Oberallg\u00e4u<\/td>\n<td align=\"right\">3,2<\/td>\n<\/tr>\n<tr>\n<td height=\"20\">34<\/td>\n<td>Starnberg<\/td>\n<td align=\"right\">3,2<\/td>\n<\/tr>\n<tr>\n<td height=\"20\">35<\/td>\n<td>Aschaffenburg<\/td>\n<td align=\"right\">3,3<\/td>\n<\/tr>\n<tr>\n<td height=\"20\">36<\/td>\n<td>Bamberg<\/td>\n<td align=\"right\">3,3<\/td>\n<\/tr>\n<tr>\n<td height=\"20\">37<\/td>\n<td>Kelheim<\/td>\n<td align=\"right\">3,3<\/td>\n<\/tr>\n<tr>\n<td height=\"20\">38<\/td>\n<td>Miesbach<\/td>\n<td align=\"right\">3,3<\/td>\n<\/tr>\n<tr>\n<td height=\"20\">39<\/td>\n<td>Neu &#8211; Ulm<\/td>\n<td align=\"right\">3,3<\/td>\n<\/tr>\n<tr>\n<td height=\"20\">40<\/td>\n<td>F\u00fcrth<\/td>\n<td align=\"right\">3,4<\/td>\n<\/tr>\n<tr>\n<td height=\"20\">41<\/td>\n<td>Rh\u00f6n &#8211; Grabfeld<\/td>\n<td align=\"right\">3,5<\/td>\n<\/tr>\n<tr>\n<td height=\"20\">42<\/td>\n<td>Straubing &#8211; Bogen<\/td>\n<td align=\"right\">3,5<\/td>\n<\/tr>\n<tr>\n<td height=\"20\">43<\/td>\n<td>Amberg &#8211; Sulzbach<\/td>\n<td align=\"right\">3,6<\/td>\n<\/tr>\n<tr>\n<td height=\"20\">44<\/td>\n<td>Ansbach<\/td>\n<td align=\"right\">3,6<\/td>\n<\/tr>\n<tr>\n<td height=\"20\">45<\/td>\n<td>Deggendorf<\/td>\n<td align=\"right\">3,6<\/td>\n<\/tr>\n<tr>\n<td height=\"20\">46<\/td>\n<td>Forchheim<\/td>\n<td align=\"right\">3,6<\/td>\n<\/tr>\n<tr>\n<td height=\"20\">47<\/td>\n<td>Kitzingen<\/td>\n<td align=\"right\">3,6<\/td>\n<\/tr>\n<tr>\n<td height=\"20\">48<\/td>\n<td>Traunstein<\/td>\n<td align=\"right\">3,6<\/td>\n<\/tr>\n<tr>\n<td height=\"20\">49<\/td>\n<td>Miltenberg<\/td>\n<td align=\"right\">3,7<\/td>\n<\/tr>\n<tr>\n<td height=\"20\">50<\/td>\n<td>Alt\u00f6tting<\/td>\n<td align=\"right\">3,8<\/td>\n<\/tr>\n<tr>\n<td height=\"20\">51<\/td>\n<td>Ha\u00dfberge<\/td>\n<td align=\"right\">3,9<\/td>\n<\/tr>\n<tr>\n<td height=\"20\">52<\/td>\n<td>Ingolstadt, Stadt<\/td>\n<td align=\"right\">3,9<\/td>\n<\/tr>\n<tr>\n<td height=\"20\">53<\/td>\n<td>Schwandorf<\/td>\n<td align=\"right\">3,9<\/td>\n<\/tr>\n<tr>\n<td height=\"20\">54<\/td>\n<td>Wei\u00dfenburg &#8211; Gunzenhausen<\/td>\n<td align=\"right\">3,9<\/td>\n<\/tr>\n<tr>\n<td height=\"20\">55<\/td>\n<td>Rottal &#8211; Inn<\/td>\n<td align=\"right\">4,0<\/td>\n<\/tr>\n<tr>\n<td height=\"20\">56<\/td>\n<td>Bad Kissingen<\/td>\n<td align=\"right\">4,1<\/td>\n<\/tr>\n<tr>\n<td height=\"20\">57<\/td>\n<td>Erlangen, Stadt<\/td>\n<td align=\"right\">4,2<\/td>\n<\/tr>\n<tr>\n<td height=\"20\">58<\/td>\n<td>Memmingen, Stadt<\/td>\n<td align=\"right\">4,2<\/td>\n<\/tr>\n<tr>\n<td height=\"20\">59<\/td>\n<td>Bayreuth<\/td>\n<td align=\"right\">4,3<\/td>\n<\/tr>\n<tr>\n<td height=\"20\">60<\/td>\n<td>Garmisch &#8211; Partenkirchen<\/td>\n<td align=\"right\">4,3<\/td>\n<\/tr>\n<tr>\n<td height=\"20\">61<\/td>\n<td>M\u00fchldorf a. Inn<\/td>\n<td align=\"right\">4,4<\/td>\n<\/tr>\n<tr>\n<td height=\"20\">62<\/td>\n<td>Neustadt a. d. Waldnaab<\/td>\n<td align=\"right\">4,4<\/td>\n<\/tr>\n<tr>\n<td height=\"20\">63<\/td>\n<td>Coburg<\/td>\n<td align=\"right\">4,5<\/td>\n<\/tr>\n<tr>\n<td height=\"20\">64<\/td>\n<td>Passau<\/td>\n<td align=\"right\">4,6<\/td>\n<\/tr>\n<tr>\n<td height=\"20\">65<\/td>\n<td>Schwabach, Stadt<\/td>\n<td align=\"right\">4,6<\/td>\n<\/tr>\n<tr>\n<td height=\"20\">66<\/td>\n<td>Cham<\/td>\n<td align=\"right\">4,7<\/td>\n<\/tr>\n<tr>\n<td height=\"20\">67<\/td>\n<td>Regensburg, Stadt<\/td>\n<td align=\"right\">4,7<\/td>\n<\/tr>\n<tr>\n<td height=\"20\">68<\/td>\n<td>Hof<\/td>\n<td align=\"right\">4,8<\/td>\n<\/tr>\n<tr>\n<td height=\"20\">69<\/td>\n<td>W\u00fcrzburg, Stadt<\/td>\n<td align=\"right\">4,8<\/td>\n<\/tr>\n<tr>\n<td height=\"20\">70<\/td>\n<td>Kempten (Allg\u00e4u), Stadt<\/td>\n<td align=\"right\">5,0<\/td>\n<\/tr>\n<tr>\n<td height=\"20\">71<\/td>\n<td>Kronach<\/td>\n<td align=\"right\">5,0<\/td>\n<\/tr>\n<tr>\n<td height=\"20\">72<\/td>\n<td>Lichtenfels<\/td>\n<td align=\"right\">5,0<\/td>\n<\/tr>\n<tr>\n<td height=\"20\">73<\/td>\n<td>Regen<\/td>\n<td align=\"right\">5,0<\/td>\n<\/tr>\n<tr>\n<td height=\"20\">74<\/td>\n<td>Berchtesgadener Land<\/td>\n<td align=\"right\">5,1<\/td>\n<\/tr>\n<tr>\n<td height=\"20\">75<\/td>\n<td>Freyung &#8211; Grafenau<\/td>\n<td align=\"right\">5,1<\/td>\n<\/tr>\n<tr>\n<td height=\"20\">76<\/td>\n<td>Ansbach, Stadt<\/td>\n<td align=\"right\">5,3<\/td>\n<\/tr>\n<tr>\n<td height=\"20\">77<\/td>\n<td>Bamberg, Stadt<\/td>\n<td align=\"right\">5,3<\/td>\n<\/tr>\n<tr>\n<td height=\"20\">78<\/td>\n<td>Kulmbach<\/td>\n<td align=\"right\">5,3<\/td>\n<\/tr>\n<tr>\n<td height=\"20\">79<\/td>\n<td>Landshut, Stadt<\/td>\n<td align=\"right\">5,3<\/td>\n<\/tr>\n<tr>\n<td height=\"20\">80<\/td>\n<td>Rosenheim, Stadt<\/td>\n<td align=\"right\">5,4<\/td>\n<\/tr>\n<tr>\n<td height=\"20\">81<\/td>\n<td>Tirschenreuth<\/td>\n<td align=\"right\">5,4<\/td>\n<\/tr>\n<tr>\n<td height=\"20\">82<\/td>\n<td>M\u00fcnchen, Landeshauptstadt<\/td>\n<td align=\"right\">5,5<\/td>\n<\/tr>\n<tr>\n<td height=\"20\">83<\/td>\n<td>Passau, Stadt<\/td>\n<td align=\"right\">5,9<\/td>\n<\/tr>\n<tr>\n<td height=\"20\">84<\/td>\n<td>Coburg, Stadt<\/td>\n<td align=\"right\">6,0<\/td>\n<\/tr>\n<tr>\n<td height=\"20\">85<\/td>\n<td>Aschaffenburg, Stadt<\/td>\n<td align=\"right\">6,2<\/td>\n<\/tr>\n<tr>\n<td height=\"20\">86<\/td>\n<td><a href=\"https:\/\/bayreuth-hof-kulmbach-wunsiedel.die-franken.eu\" target=\"_blank\" rel=\"noopener noreferrer\">Wunsiedel i. Fichtelgebirge<\/a><\/td>\n<td align=\"right\">6,2<\/td>\n<\/tr>\n<tr>\n<td height=\"20\">87<\/td>\n<td>Kaufbeuren, Stadt (Schwaben)<\/td>\n<td align=\"right\">6,3<\/td>\n<\/tr>\n<tr>\n<td height=\"20\">88<\/td>\n<td>Schweinfurt, Stadt (Unterfranken)<\/td>\n<td align=\"right\">6,3<\/td>\n<\/tr>\n<tr>\n<td height=\"20\">89<\/td>\n<td>Amberg, Stadt (Oberpfalz)<\/td>\n<td align=\"right\">6,4<\/td>\n<\/tr>\n<tr>\n<td height=\"20\">90<\/td>\n<td>Straubing, Stadt (Niederbayern)<\/td>\n<td align=\"right\">6,4<\/td>\n<\/tr>\n<tr>\n<td height=\"20\">91<\/td>\n<td>Bayreuth, Stadt (Oberfranken)<\/td>\n<td align=\"right\">6,9<\/td>\n<\/tr>\n<tr>\n<td height=\"20\">92<\/td>\n<td>Augsburg, Stadt (Schwaben)<\/td>\n<td align=\"right\">7,0<\/td>\n<\/tr>\n<tr>\n<td height=\"20\">93<\/td>\n<td>F\u00fcrth, Stadt (Mittelfranken)<\/td>\n<td align=\"right\">7,1<\/td>\n<\/tr>\n<tr>\n<td height=\"20\">94<\/td>\n<td>Hof, Stadt (Oberfranken)<\/td>\n<td align=\"right\">7,5<\/td>\n<\/tr>\n<tr>\n<td height=\"20\">95<\/td>\n<td>Weiden i. d. OPf., Stadt (Oberpfalz)<\/td>\n<td align=\"right\">7,6<\/td>\n<\/tr>\n<tr>\n<td height=\"20\">96<\/td>\n<td>N\u00fcrnberg, Stadt (Mittelfranken)<\/td>\n<td align=\"right\">8,0<\/td>\n<\/tr>\n<\/tbody>\n<\/table>\n<p>&nbsp;<\/p>\n<p>Es handelt sich hierbei um\u00a0<a href=\"https:\/\/statistik.arbeitsagentur.de\/Navigation\/Statistik\/Statistik-nach-Regionen\/Politische-Gebietsstruktur\/Bayern-Nav.html\" target=\"_blank\" rel=\"noopener noreferrer\">offizielle Zahlen der Arbeitsagentur<\/a>\u00a0(Stand M\u00e4rz 2014), die von jedermann im Internet eingesehen werden k\u00f6nnen und die eine <a href=\"https:\/\/www.franken-sind-keine-baiern.de\/politik\/2574-benachteiligung-frankens-ist-greifbar.html\" target=\"_blank\" rel=\"noopener noreferrer\">deutliche Sprache<\/a> sprechen. Und das sind keine Probleme der letzten Jahre, sondern eher eine <a href=\"https:\/\/www.franken-sind-keine-baiern.de\/geschichte-frankens\/5185-185-franken-und-bayern-im-19-und-20-jahrhundert.html\" target=\"_blank\" rel=\"noopener noreferrer\">Entwicklung seit Jahrzehnten<\/a>.<\/p>\n<p><a href=\"https:\/\/www.partei-fuer-franken.de\/\" target=\"_blank\" rel=\"noopener noreferrer\"><strong>H\u00f6chste Zeit also f\u00fcr eine Politik von Franken f\u00fcr Franken!<\/strong><\/a><\/p>\n<div class=\"sharedaddy sd-sharing-enabled\"><div class=\"robots-nocontent sd-block sd-social sd-social-icon sd-sharing\"><h3 class=\"sd-title\">Share this:<\/h3><div class=\"sd-content\"><ul><li class=\"share-print\"><a rel=\"nofollow noopener noreferrer\" data-shared=\"\" class=\"share-print sd-button share-icon no-text\" href=\"https:\/\/www.bayern-wolln-mer.net\/blog\/index.php\/archives\/franken-bayern\/1320-arbeitslosenquoten-in-bayern-schlusslicht-nuernberg.html\" target=\"_blank\" title=\"Klicken zum Ausdrucken\"><span><\/span><span class=\"sharing-screen-reader-text\">Klicken zum Ausdrucken (Wird in neuem Fenster ge\u00f6ffnet)<\/span><\/a><\/li><li class=\"share-email\"><a rel=\"nofollow noopener noreferrer\" data-shared=\"\" class=\"share-email sd-button share-icon no-text\" href=\"https:\/\/www.bayern-wolln-mer.net\/blog\/index.php\/archives\/franken-bayern\/1320-arbeitslosenquoten-in-bayern-schlusslicht-nuernberg.html?share=email\" target=\"_blank\" title=\"Klick, um dies einem Freund per E-Mail zu senden\"><span><\/span><span class=\"sharing-screen-reader-text\">Klick, um dies einem Freund per E-Mail zu senden (Wird in neuem Fenster ge\u00f6ffnet)<\/span><\/a><\/li><li class=\"share-twitter\"><a rel=\"nofollow noopener noreferrer\" data-shared=\"sharing-twitter-1320\" class=\"share-twitter sd-button share-icon no-text\" href=\"https:\/\/www.bayern-wolln-mer.net\/blog\/index.php\/archives\/franken-bayern\/1320-arbeitslosenquoten-in-bayern-schlusslicht-nuernberg.html?share=twitter\" target=\"_blank\" title=\"Klick, um \u00fcber Twitter zu teilen\"><span><\/span><span class=\"sharing-screen-reader-text\">Klick, um \u00fcber Twitter zu teilen (Wird in neuem Fenster ge\u00f6ffnet)<\/span><\/a><\/li><li class=\"share-jetpack-whatsapp\"><a rel=\"nofollow noopener noreferrer\" data-shared=\"\" class=\"share-jetpack-whatsapp sd-button share-icon no-text\" href=\"https:\/\/www.bayern-wolln-mer.net\/blog\/index.php\/archives\/franken-bayern\/1320-arbeitslosenquoten-in-bayern-schlusslicht-nuernberg.html?share=jetpack-whatsapp\" target=\"_blank\" title=\"Klicken, um auf WhatsApp zu teilen\"><span><\/span><span class=\"sharing-screen-reader-text\">Klicken, um auf WhatsApp zu teilen (Wird in neuem Fenster ge\u00f6ffnet)<\/span><\/a><\/li><li class=\"share-linkedin\"><a rel=\"nofollow noopener noreferrer\" data-shared=\"sharing-linkedin-1320\" class=\"share-linkedin sd-button share-icon no-text\" href=\"https:\/\/www.bayern-wolln-mer.net\/blog\/index.php\/archives\/franken-bayern\/1320-arbeitslosenquoten-in-bayern-schlusslicht-nuernberg.html?share=linkedin\" target=\"_blank\" title=\"Klick, um auf LinkedIn zu teilen\"><span><\/span><span class=\"sharing-screen-reader-text\">Klick, um auf LinkedIn zu teilen (Wird in neuem Fenster ge\u00f6ffnet)<\/span><\/a><\/li><li class=\"share-reddit\"><a rel=\"nofollow noopener noreferrer\" data-shared=\"\" class=\"share-reddit sd-button share-icon no-text\" href=\"https:\/\/www.bayern-wolln-mer.net\/blog\/index.php\/archives\/franken-bayern\/1320-arbeitslosenquoten-in-bayern-schlusslicht-nuernberg.html?share=reddit\" target=\"_blank\" title=\"Klick, um auf Reddit zu teilen\"><span><\/span><span class=\"sharing-screen-reader-text\">Klick, um auf Reddit zu teilen (Wird in neuem Fenster ge\u00f6ffnet)<\/span><\/a><\/li><li class=\"share-tumblr\"><a rel=\"nofollow noopener noreferrer\" data-shared=\"\" class=\"share-tumblr sd-button share-icon no-text\" href=\"https:\/\/www.bayern-wolln-mer.net\/blog\/index.php\/archives\/franken-bayern\/1320-arbeitslosenquoten-in-bayern-schlusslicht-nuernberg.html?share=tumblr\" target=\"_blank\" title=\"Klick, um auf Tumblr zu teilen\"><span><\/span><span class=\"sharing-screen-reader-text\">Klick, um auf Tumblr zu teilen (Wird in neuem Fenster ge\u00f6ffnet)<\/span><\/a><\/li><li class=\"share-pinterest\"><a rel=\"nofollow noopener noreferrer\" data-shared=\"sharing-pinterest-1320\" class=\"share-pinterest sd-button share-icon no-text\" href=\"https:\/\/www.bayern-wolln-mer.net\/blog\/index.php\/archives\/franken-bayern\/1320-arbeitslosenquoten-in-bayern-schlusslicht-nuernberg.html?share=pinterest\" target=\"_blank\" title=\"Klick, um auf Pinterest zu teilen\"><span><\/span><span class=\"sharing-screen-reader-text\">Klick, um auf Pinterest zu teilen (Wird in neuem Fenster ge\u00f6ffnet)<\/span><\/a><\/li><li class=\"share-pocket\"><a rel=\"nofollow noopener noreferrer\" data-shared=\"\" class=\"share-pocket sd-button share-icon no-text\" href=\"https:\/\/www.bayern-wolln-mer.net\/blog\/index.php\/archives\/franken-bayern\/1320-arbeitslosenquoten-in-bayern-schlusslicht-nuernberg.html?share=pocket\" target=\"_blank\" title=\"Klick, um auf Pocket zu teilen\"><span><\/span><span class=\"sharing-screen-reader-text\">Klick, um auf Pocket zu teilen (Wird in neuem Fenster ge\u00f6ffnet)<\/span><\/a><\/li><li class=\"share-telegram\"><a rel=\"nofollow noopener noreferrer\" data-shared=\"\" class=\"share-telegram sd-button share-icon no-text\" href=\"https:\/\/www.bayern-wolln-mer.net\/blog\/index.php\/archives\/franken-bayern\/1320-arbeitslosenquoten-in-bayern-schlusslicht-nuernberg.html?share=telegram\" target=\"_blank\" title=\"Klicken, um auf Telegram zu teilen\"><span><\/span><span class=\"sharing-screen-reader-text\">Klicken, um auf Telegram zu teilen (Wird in neuem Fenster ge\u00f6ffnet)<\/span><\/a><\/li><li class=\"share-skype\"><a rel=\"nofollow noopener noreferrer\" data-shared=\"sharing-skype-1320\" class=\"share-skype sd-button share-icon no-text\" href=\"https:\/\/www.bayern-wolln-mer.net\/blog\/index.php\/archives\/franken-bayern\/1320-arbeitslosenquoten-in-bayern-schlusslicht-nuernberg.html?share=skype\" target=\"_blank\" title=\"Klicken, um in Skype zu teilen\"><span><\/span><span class=\"sharing-screen-reader-text\">Klicken, um in Skype zu teilen (Wird in neuem Fenster ge\u00f6ffnet)<\/span><\/a><\/li><li><a href=\"#\" class=\"sharing-anchor sd-button share-more\"><span>Mehr<\/span><\/a><\/li><li class=\"share-end\"><\/li><\/ul><div class=\"sharing-hidden\"><div class=\"inner\" style=\"display: none;width:150px;\"><ul style=\"background-image:none;\"><li class=\"share-facebook\"><a rel=\"nofollow noopener noreferrer\" data-shared=\"sharing-facebook-1320\" class=\"share-facebook sd-button share-icon no-text\" href=\"https:\/\/www.bayern-wolln-mer.net\/blog\/index.php\/archives\/franken-bayern\/1320-arbeitslosenquoten-in-bayern-schlusslicht-nuernberg.html?share=facebook\" target=\"_blank\" title=\"Klick, um auf Facebook zu teilen\"><span><\/span><span class=\"sharing-screen-reader-text\">Klick, um auf Facebook zu teilen (Wird in neuem Fenster ge\u00f6ffnet)<\/span><\/a><\/li><li class=\"share-end\"><\/li><\/ul><\/div><\/div><\/div><\/div><\/div>","protected":false},"excerpt":{"rendered":"<p>Ich hatte ja vor einiger Zeit schon mal darauf aufmerksam gemacht, dass man bei Statistiken zur Arbeitslosigkeit speziell in Bayern genauer hinsehen sollte &#8211; gerade als Franke! Denn die Region um M\u00fcnchen bzw. Oberbayern ist weiterhin derma\u00dfen stark, dass der gesamte Durchschnitt Bayerns nach oben gezogen wird. Folge davon ist, dass auch die Menschen in [&hellip;]<\/p>\n<div class=\"sharedaddy sd-sharing-enabled\"><div class=\"robots-nocontent sd-block sd-social sd-social-icon sd-sharing\"><h3 class=\"sd-title\">Share this:<\/h3><div class=\"sd-content\"><ul><li class=\"share-print\"><a rel=\"nofollow noopener noreferrer\" data-shared=\"\" class=\"share-print sd-button share-icon no-text\" href=\"https:\/\/www.bayern-wolln-mer.net\/blog\/index.php\/archives\/franken-bayern\/1320-arbeitslosenquoten-in-bayern-schlusslicht-nuernberg.html\" target=\"_blank\" title=\"Klicken zum Ausdrucken\"><span><\/span><span class=\"sharing-screen-reader-text\">Klicken zum Ausdrucken (Wird in neuem Fenster ge\u00f6ffnet)<\/span><\/a><\/li><li class=\"share-email\"><a rel=\"nofollow noopener noreferrer\" data-shared=\"\" class=\"share-email sd-button share-icon no-text\" href=\"https:\/\/www.bayern-wolln-mer.net\/blog\/index.php\/archives\/franken-bayern\/1320-arbeitslosenquoten-in-bayern-schlusslicht-nuernberg.html?share=email\" target=\"_blank\" title=\"Klick, um dies einem Freund per E-Mail zu senden\"><span><\/span><span class=\"sharing-screen-reader-text\">Klick, um dies einem Freund per E-Mail zu senden (Wird in neuem Fenster ge\u00f6ffnet)<\/span><\/a><\/li><li class=\"share-twitter\"><a rel=\"nofollow noopener noreferrer\" data-shared=\"sharing-twitter-1320\" class=\"share-twitter sd-button share-icon no-text\" href=\"https:\/\/www.bayern-wolln-mer.net\/blog\/index.php\/archives\/franken-bayern\/1320-arbeitslosenquoten-in-bayern-schlusslicht-nuernberg.html?share=twitter\" target=\"_blank\" title=\"Klick, um \u00fcber Twitter zu teilen\"><span><\/span><span class=\"sharing-screen-reader-text\">Klick, um \u00fcber Twitter zu teilen (Wird in neuem Fenster ge\u00f6ffnet)<\/span><\/a><\/li><li class=\"share-jetpack-whatsapp\"><a rel=\"nofollow noopener noreferrer\" data-shared=\"\" class=\"share-jetpack-whatsapp sd-button share-icon no-text\" href=\"https:\/\/www.bayern-wolln-mer.net\/blog\/index.php\/archives\/franken-bayern\/1320-arbeitslosenquoten-in-bayern-schlusslicht-nuernberg.html?share=jetpack-whatsapp\" target=\"_blank\" title=\"Klicken, um auf WhatsApp zu teilen\"><span><\/span><span class=\"sharing-screen-reader-text\">Klicken, um auf WhatsApp zu teilen (Wird in neuem Fenster ge\u00f6ffnet)<\/span><\/a><\/li><li class=\"share-linkedin\"><a rel=\"nofollow noopener noreferrer\" data-shared=\"sharing-linkedin-1320\" class=\"share-linkedin sd-button share-icon no-text\" href=\"https:\/\/www.bayern-wolln-mer.net\/blog\/index.php\/archives\/franken-bayern\/1320-arbeitslosenquoten-in-bayern-schlusslicht-nuernberg.html?share=linkedin\" target=\"_blank\" title=\"Klick, um auf LinkedIn zu teilen\"><span><\/span><span class=\"sharing-screen-reader-text\">Klick, um auf LinkedIn zu teilen (Wird in neuem Fenster ge\u00f6ffnet)<\/span><\/a><\/li><li class=\"share-reddit\"><a rel=\"nofollow noopener noreferrer\" data-shared=\"\" class=\"share-reddit sd-button share-icon no-text\" href=\"https:\/\/www.bayern-wolln-mer.net\/blog\/index.php\/archives\/franken-bayern\/1320-arbeitslosenquoten-in-bayern-schlusslicht-nuernberg.html?share=reddit\" target=\"_blank\" title=\"Klick, um auf Reddit zu teilen\"><span><\/span><span class=\"sharing-screen-reader-text\">Klick, um auf Reddit zu teilen (Wird in neuem Fenster ge\u00f6ffnet)<\/span><\/a><\/li><li class=\"share-tumblr\"><a rel=\"nofollow noopener noreferrer\" data-shared=\"\" class=\"share-tumblr sd-button share-icon no-text\" href=\"https:\/\/www.bayern-wolln-mer.net\/blog\/index.php\/archives\/franken-bayern\/1320-arbeitslosenquoten-in-bayern-schlusslicht-nuernberg.html?share=tumblr\" target=\"_blank\" title=\"Klick, um auf Tumblr zu teilen\"><span><\/span><span class=\"sharing-screen-reader-text\">Klick, um auf Tumblr zu teilen (Wird in neuem Fenster ge\u00f6ffnet)<\/span><\/a><\/li><li class=\"share-pinterest\"><a rel=\"nofollow noopener noreferrer\" data-shared=\"sharing-pinterest-1320\" class=\"share-pinterest sd-button share-icon no-text\" href=\"https:\/\/www.bayern-wolln-mer.net\/blog\/index.php\/archives\/franken-bayern\/1320-arbeitslosenquoten-in-bayern-schlusslicht-nuernberg.html?share=pinterest\" target=\"_blank\" title=\"Klick, um auf Pinterest zu teilen\"><span><\/span><span class=\"sharing-screen-reader-text\">Klick, um auf Pinterest zu teilen (Wird in neuem Fenster ge\u00f6ffnet)<\/span><\/a><\/li><li class=\"share-pocket\"><a rel=\"nofollow noopener noreferrer\" data-shared=\"\" class=\"share-pocket sd-button share-icon no-text\" href=\"https:\/\/www.bayern-wolln-mer.net\/blog\/index.php\/archives\/franken-bayern\/1320-arbeitslosenquoten-in-bayern-schlusslicht-nuernberg.html?share=pocket\" target=\"_blank\" title=\"Klick, um auf Pocket zu teilen\"><span><\/span><span class=\"sharing-screen-reader-text\">Klick, um auf Pocket zu teilen (Wird in neuem Fenster ge\u00f6ffnet)<\/span><\/a><\/li><li class=\"share-telegram\"><a rel=\"nofollow noopener noreferrer\" data-shared=\"\" class=\"share-telegram sd-button share-icon no-text\" href=\"https:\/\/www.bayern-wolln-mer.net\/blog\/index.php\/archives\/franken-bayern\/1320-arbeitslosenquoten-in-bayern-schlusslicht-nuernberg.html?share=telegram\" target=\"_blank\" title=\"Klicken, um auf Telegram zu teilen\"><span><\/span><span class=\"sharing-screen-reader-text\">Klicken, um auf Telegram zu teilen (Wird in neuem Fenster ge\u00f6ffnet)<\/span><\/a><\/li><li class=\"share-skype\"><a rel=\"nofollow noopener noreferrer\" data-shared=\"sharing-skype-1320\" class=\"share-skype sd-button share-icon no-text\" href=\"https:\/\/www.bayern-wolln-mer.net\/blog\/index.php\/archives\/franken-bayern\/1320-arbeitslosenquoten-in-bayern-schlusslicht-nuernberg.html?share=skype\" target=\"_blank\" title=\"Klicken, um in Skype zu teilen\"><span><\/span><span class=\"sharing-screen-reader-text\">Klicken, um in Skype zu teilen (Wird in neuem Fenster ge\u00f6ffnet)<\/span><\/a><\/li><li><a href=\"#\" class=\"sharing-anchor sd-button share-more\"><span>Mehr<\/span><\/a><\/li><li class=\"share-end\"><\/li><\/ul><div class=\"sharing-hidden\"><div class=\"inner\" style=\"display: none;width:150px;\"><ul style=\"background-image:none;\"><li class=\"share-facebook\"><a rel=\"nofollow noopener noreferrer\" data-shared=\"sharing-facebook-1320\" class=\"share-facebook sd-button share-icon no-text\" href=\"https:\/\/www.bayern-wolln-mer.net\/blog\/index.php\/archives\/franken-bayern\/1320-arbeitslosenquoten-in-bayern-schlusslicht-nuernberg.html?share=facebook\" target=\"_blank\" title=\"Klick, um auf Facebook zu teilen\"><span><\/span><span class=\"sharing-screen-reader-text\">Klick, um auf Facebook zu teilen (Wird in neuem Fenster ge\u00f6ffnet)<\/span><\/a><\/li><li class=\"share-end\"><\/li><\/ul><\/div><\/div><\/div><\/div><\/div>","protected":false},"author":3,"featured_media":0,"comment_status":"open","ping_status":"open","sticky":false,"template":"","format":"standard","meta":{"spay_email":"","jetpack_publicize_message":""},"categories":[4],"tags":[146,30,128],"jetpack_featured_media_url":"","jetpack_publicize_connections":[],"yoast_head":"<!-- This site is optimized with the Yoast SEO plugin v18.2 - https:\/\/yoast.com\/wordpress\/plugins\/seo\/ -->\n<meta name=\"robots\" content=\"index, follow, max-snippet:-1, max-image-preview:large, max-video-preview:-1\" \/>\n<link rel=\"canonical\" href=\"https:\/\/www.bayern-wolln-mer.net\/blog\/index.php\/archives\/franken-bayern\/1320-arbeitslosenquoten-in-bayern-schlusslicht-nuernberg.html\" \/>\n<meta property=\"og:locale\" content=\"de_DE\" \/>\n<meta property=\"og:type\" content=\"article\" \/>\n<meta property=\"og:title\" content=\"Arbeitslosenquoten in Bayern: Schlu\u00dflicht N\u00fcrnberg - Bayern-wolln-mer.net\" \/>\n<meta property=\"og:description\" content=\"Ich hatte ja vor einiger Zeit schon mal darauf aufmerksam gemacht, dass man bei Statistiken zur Arbeitslosigkeit speziell in Bayern genauer hinsehen sollte &#8211; gerade als Franke! Denn die Region um M\u00fcnchen bzw. Oberbayern ist weiterhin derma\u00dfen stark, dass der gesamte Durchschnitt Bayerns nach oben gezogen wird. Folge davon ist, dass auch die Menschen in [&hellip;]\" \/>\n<meta property=\"og:url\" content=\"https:\/\/www.bayern-wolln-mer.net\/blog\/index.php\/archives\/franken-bayern\/1320-arbeitslosenquoten-in-bayern-schlusslicht-nuernberg.html\" \/>\n<meta property=\"og:site_name\" content=\"Bayern-wolln-mer.net\" \/>\n<meta property=\"article:published_time\" content=\"2014-04-16T16:06:32+00:00\" \/>\n<meta property=\"article:modified_time\" content=\"2017-10-10T14:09:26+00:00\" \/>\n<meta name=\"twitter:card\" content=\"summary_large_image\" \/>\n<meta name=\"twitter:label1\" content=\"Verfasst von\" \/>\n\t<meta name=\"twitter:data1\" content=\"Andreas Brandl\" \/>\n\t<meta name=\"twitter:label2\" content=\"Gesch\u00e4tzte Lesezeit\" \/>\n\t<meta name=\"twitter:data2\" content=\"2\u00a0Minuten\" \/>\n<script type=\"application\/ld+json\" class=\"yoast-schema-graph\">{\"@context\":\"https:\/\/schema.org\",\"@graph\":[{\"@type\":\"WebSite\",\"@id\":\"https:\/\/www.bayern-wolln-mer.net\/blog\/#website\",\"url\":\"https:\/\/www.bayern-wolln-mer.net\/blog\/\",\"name\":\"Bayern-wolln-mer.net\",\"description\":\"Frankenblog! Frei statt Bayern! Freiheit f\u00fcr Franken!\",\"potentialAction\":[{\"@type\":\"SearchAction\",\"target\":{\"@type\":\"EntryPoint\",\"urlTemplate\":\"https:\/\/www.bayern-wolln-mer.net\/blog\/?s={search_term_string}\"},\"query-input\":\"required name=search_term_string\"}],\"inLanguage\":\"de\"},{\"@type\":\"WebPage\",\"@id\":\"https:\/\/www.bayern-wolln-mer.net\/blog\/index.php\/archives\/franken-bayern\/1320-arbeitslosenquoten-in-bayern-schlusslicht-nuernberg.html#webpage\",\"url\":\"https:\/\/www.bayern-wolln-mer.net\/blog\/index.php\/archives\/franken-bayern\/1320-arbeitslosenquoten-in-bayern-schlusslicht-nuernberg.html\",\"name\":\"Arbeitslosenquoten in Bayern: Schlu\u00dflicht N\u00fcrnberg - Bayern-wolln-mer.net\",\"isPartOf\":{\"@id\":\"https:\/\/www.bayern-wolln-mer.net\/blog\/#website\"},\"datePublished\":\"2014-04-16T16:06:32+00:00\",\"dateModified\":\"2017-10-10T14:09:26+00:00\",\"author\":{\"@id\":\"https:\/\/www.bayern-wolln-mer.net\/blog\/#\/schema\/person\/b9fcf524d723fdb81f40a1bed0e52f96\"},\"breadcrumb\":{\"@id\":\"https:\/\/www.bayern-wolln-mer.net\/blog\/index.php\/archives\/franken-bayern\/1320-arbeitslosenquoten-in-bayern-schlusslicht-nuernberg.html#breadcrumb\"},\"inLanguage\":\"de\",\"potentialAction\":[{\"@type\":\"ReadAction\",\"target\":[\"https:\/\/www.bayern-wolln-mer.net\/blog\/index.php\/archives\/franken-bayern\/1320-arbeitslosenquoten-in-bayern-schlusslicht-nuernberg.html\"]}]},{\"@type\":\"BreadcrumbList\",\"@id\":\"https:\/\/www.bayern-wolln-mer.net\/blog\/index.php\/archives\/franken-bayern\/1320-arbeitslosenquoten-in-bayern-schlusslicht-nuernberg.html#breadcrumb\",\"itemListElement\":[{\"@type\":\"ListItem\",\"position\":1,\"name\":\"Startseite\",\"item\":\"https:\/\/www.bayern-wolln-mer.net\/blog\"},{\"@type\":\"ListItem\",\"position\":2,\"name\":\"Arbeitslosenquoten in Bayern: Schlu\u00dflicht N\u00fcrnberg\"}]},{\"@type\":\"Person\",\"@id\":\"https:\/\/www.bayern-wolln-mer.net\/blog\/#\/schema\/person\/b9fcf524d723fdb81f40a1bed0e52f96\",\"name\":\"Andreas Brandl\",\"image\":{\"@type\":\"ImageObject\",\"@id\":\"https:\/\/www.bayern-wolln-mer.net\/blog\/#personlogo\",\"inLanguage\":\"de\",\"url\":\"https:\/\/secure.gravatar.com\/avatar\/7c2e8ddf168a4d43fa09a0495da2d513?s=96&d=mm&r=g\",\"contentUrl\":\"https:\/\/secure.gravatar.com\/avatar\/7c2e8ddf168a4d43fa09a0495da2d513?s=96&d=mm&r=g\",\"caption\":\"Andreas Brandl\"},\"sameAs\":[\"https:\/\/www.bayern-wolln-mer.net\"],\"url\":\"https:\/\/www.bayern-wolln-mer.net\/blog\/index.php\/archives\/author\/andy\"}]}<\/script>\n<!-- \/ Yoast SEO plugin. -->","yoast_head_json":{"robots":{"index":"index","follow":"follow","max-snippet":"max-snippet:-1","max-image-preview":"max-image-preview:large","max-video-preview":"max-video-preview:-1"},"canonical":"https:\/\/www.bayern-wolln-mer.net\/blog\/index.php\/archives\/franken-bayern\/1320-arbeitslosenquoten-in-bayern-schlusslicht-nuernberg.html","og_locale":"de_DE","og_type":"article","og_title":"Arbeitslosenquoten in Bayern: Schlu\u00dflicht N\u00fcrnberg - Bayern-wolln-mer.net","og_description":"Ich hatte ja vor einiger Zeit schon mal darauf aufmerksam gemacht, dass man bei Statistiken zur Arbeitslosigkeit speziell in Bayern genauer hinsehen sollte &#8211; gerade als Franke! Denn die Region um M\u00fcnchen bzw. Oberbayern ist weiterhin derma\u00dfen stark, dass der gesamte Durchschnitt Bayerns nach oben gezogen wird. Folge davon ist, dass auch die Menschen in [&hellip;]","og_url":"https:\/\/www.bayern-wolln-mer.net\/blog\/index.php\/archives\/franken-bayern\/1320-arbeitslosenquoten-in-bayern-schlusslicht-nuernberg.html","og_site_name":"Bayern-wolln-mer.net","article_published_time":"2014-04-16T16:06:32+00:00","article_modified_time":"2017-10-10T14:09:26+00:00","twitter_card":"summary_large_image","twitter_misc":{"Verfasst von":"Andreas Brandl","Gesch\u00e4tzte Lesezeit":"2\u00a0Minuten"},"schema":{"@context":"https:\/\/schema.org","@graph":[{"@type":"WebSite","@id":"https:\/\/www.bayern-wolln-mer.net\/blog\/#website","url":"https:\/\/www.bayern-wolln-mer.net\/blog\/","name":"Bayern-wolln-mer.net","description":"Frankenblog! Frei statt Bayern! Freiheit f\u00fcr Franken!","potentialAction":[{"@type":"SearchAction","target":{"@type":"EntryPoint","urlTemplate":"https:\/\/www.bayern-wolln-mer.net\/blog\/?s={search_term_string}"},"query-input":"required name=search_term_string"}],"inLanguage":"de"},{"@type":"WebPage","@id":"https:\/\/www.bayern-wolln-mer.net\/blog\/index.php\/archives\/franken-bayern\/1320-arbeitslosenquoten-in-bayern-schlusslicht-nuernberg.html#webpage","url":"https:\/\/www.bayern-wolln-mer.net\/blog\/index.php\/archives\/franken-bayern\/1320-arbeitslosenquoten-in-bayern-schlusslicht-nuernberg.html","name":"Arbeitslosenquoten in Bayern: Schlu\u00dflicht N\u00fcrnberg - Bayern-wolln-mer.net","isPartOf":{"@id":"https:\/\/www.bayern-wolln-mer.net\/blog\/#website"},"datePublished":"2014-04-16T16:06:32+00:00","dateModified":"2017-10-10T14:09:26+00:00","author":{"@id":"https:\/\/www.bayern-wolln-mer.net\/blog\/#\/schema\/person\/b9fcf524d723fdb81f40a1bed0e52f96"},"breadcrumb":{"@id":"https:\/\/www.bayern-wolln-mer.net\/blog\/index.php\/archives\/franken-bayern\/1320-arbeitslosenquoten-in-bayern-schlusslicht-nuernberg.html#breadcrumb"},"inLanguage":"de","potentialAction":[{"@type":"ReadAction","target":["https:\/\/www.bayern-wolln-mer.net\/blog\/index.php\/archives\/franken-bayern\/1320-arbeitslosenquoten-in-bayern-schlusslicht-nuernberg.html"]}]},{"@type":"BreadcrumbList","@id":"https:\/\/www.bayern-wolln-mer.net\/blog\/index.php\/archives\/franken-bayern\/1320-arbeitslosenquoten-in-bayern-schlusslicht-nuernberg.html#breadcrumb","itemListElement":[{"@type":"ListItem","position":1,"name":"Startseite","item":"https:\/\/www.bayern-wolln-mer.net\/blog"},{"@type":"ListItem","position":2,"name":"Arbeitslosenquoten in Bayern: Schlu\u00dflicht N\u00fcrnberg"}]},{"@type":"Person","@id":"https:\/\/www.bayern-wolln-mer.net\/blog\/#\/schema\/person\/b9fcf524d723fdb81f40a1bed0e52f96","name":"Andreas Brandl","image":{"@type":"ImageObject","@id":"https:\/\/www.bayern-wolln-mer.net\/blog\/#personlogo","inLanguage":"de","url":"https:\/\/secure.gravatar.com\/avatar\/7c2e8ddf168a4d43fa09a0495da2d513?s=96&d=mm&r=g","contentUrl":"https:\/\/secure.gravatar.com\/avatar\/7c2e8ddf168a4d43fa09a0495da2d513?s=96&d=mm&r=g","caption":"Andreas Brandl"},"sameAs":["https:\/\/www.bayern-wolln-mer.net"],"url":"https:\/\/www.bayern-wolln-mer.net\/blog\/index.php\/archives\/author\/andy"}]}},"jetpack_sharing_enabled":true,"jetpack_shortlink":"https:\/\/wp.me\/p7UoAp-li","jetpack-related-posts":[],"_links":{"self":[{"href":"https:\/\/www.bayern-wolln-mer.net\/blog\/index.php\/wp-json\/wp\/v2\/posts\/1320"}],"collection":[{"href":"https:\/\/www.bayern-wolln-mer.net\/blog\/index.php\/wp-json\/wp\/v2\/posts"}],"about":[{"href":"https:\/\/www.bayern-wolln-mer.net\/blog\/index.php\/wp-json\/wp\/v2\/types\/post"}],"author":[{"embeddable":true,"href":"https:\/\/www.bayern-wolln-mer.net\/blog\/index.php\/wp-json\/wp\/v2\/users\/3"}],"replies":[{"embeddable":true,"href":"https:\/\/www.bayern-wolln-mer.net\/blog\/index.php\/wp-json\/wp\/v2\/comments?post=1320"}],"version-history":[{"count":6,"href":"https:\/\/www.bayern-wolln-mer.net\/blog\/index.php\/wp-json\/wp\/v2\/posts\/1320\/revisions"}],"predecessor-version":[{"id":1563,"href":"https:\/\/www.bayern-wolln-mer.net\/blog\/index.php\/wp-json\/wp\/v2\/posts\/1320\/revisions\/1563"}],"wp:attachment":[{"href":"https:\/\/www.bayern-wolln-mer.net\/blog\/index.php\/wp-json\/wp\/v2\/media?parent=1320"}],"wp:term":[{"taxonomy":"category","embeddable":true,"href":"https:\/\/www.bayern-wolln-mer.net\/blog\/index.php\/wp-json\/wp\/v2\/categories?post=1320"},{"taxonomy":"post_tag","embeddable":true,"href":"https:\/\/www.bayern-wolln-mer.net\/blog\/index.php\/wp-json\/wp\/v2\/tags?post=1320"}],"curies":[{"name":"wp","href":"https:\/\/api.w.org\/{rel}","templated":true}]}}