{"id":1519,"date":"2017-03-15T15:59:46","date_gmt":"2017-03-15T14:59:46","guid":{"rendered":"http:\/\/www.bayern-wolln-mer.net\/blog\/?p=1519"},"modified":"2017-03-15T17:21:30","modified_gmt":"2017-03-15T16:21:30","slug":"lebensqualitaet-in-nuernberg-auf-platz-24","status":"publish","type":"post","link":"https:\/\/www.bayern-wolln-mer.net\/blog\/index.php\/archives\/naemberch\/1519-lebensqualitaet-in-nuernberg-auf-platz-24.html","title":{"rendered":"Lebensqualit\u00e4t in N\u00fcrnberg auf Platz 24"},"content":{"rendered":"<p><img data-attachment-id=\"1437\" data-permalink=\"https:\/\/www.bayern-wolln-mer.net\/blog\/?attachment_id=1437\" data-orig-file=\"https:\/\/i0.wp.com\/www.bayern-wolln-mer.net\/blog\/wp-content\/uploads\/2015\/08\/Burg_025.jpg?fit=2592%2C1944&amp;ssl=1\" data-orig-size=\"2592,1944\" data-comments-opened=\"1\" data-image-meta=\"{&quot;aperture&quot;:&quot;6.3&quot;,&quot;credit&quot;:&quot;&quot;,&quot;camera&quot;:&quot;DSC-W1&quot;,&quot;caption&quot;:&quot;&quot;,&quot;created_timestamp&quot;:&quot;1160237729&quot;,&quot;copyright&quot;:&quot;&quot;,&quot;focal_length&quot;:&quot;10.7&quot;,&quot;iso&quot;:&quot;100&quot;,&quot;shutter_speed&quot;:&quot;0.004&quot;,&quot;title&quot;:&quot;&quot;,&quot;orientation&quot;:&quot;1&quot;}\" data-image-title=\"Burg_025\" data-image-description=\"\" data-medium-file=\"https:\/\/i0.wp.com\/www.bayern-wolln-mer.net\/blog\/wp-content\/uploads\/2015\/08\/Burg_025.jpg?fit=300%2C225&amp;ssl=1\" data-large-file=\"https:\/\/i0.wp.com\/www.bayern-wolln-mer.net\/blog\/wp-content\/uploads\/2015\/08\/Burg_025.jpg?fit=1024%2C768&amp;ssl=1\" loading=\"lazy\" class=\"alignleft size-medium wp-image-1437\" src=\"https:\/\/i0.wp.com\/www.bayern-wolln-mer.net\/blog\/wp-content\/uploads\/2015\/08\/Burg_025.jpg?resize=300%2C225&#038;ssl=1\" alt=\"\" width=\"300\" height=\"225\" srcset=\"https:\/\/i0.wp.com\/www.bayern-wolln-mer.net\/blog\/wp-content\/uploads\/2015\/08\/Burg_025.jpg?resize=300%2C225&amp;ssl=1 300w, https:\/\/i0.wp.com\/www.bayern-wolln-mer.net\/blog\/wp-content\/uploads\/2015\/08\/Burg_025.jpg?resize=1024%2C768&amp;ssl=1 1024w, https:\/\/i0.wp.com\/www.bayern-wolln-mer.net\/blog\/wp-content\/uploads\/2015\/08\/Burg_025.jpg?w=2000&amp;ssl=1 2000w\" sizes=\"(max-width: 300px) 100vw, 300px\" data-recalc-dims=\"1\" \/>Die <a href=\"https:\/\/www.mercer.com\" target=\"_blank\">Beratungsgesellschaft Mercer<\/a> hat wieder ein Ranking der Gro\u00dfst\u00e4dte mit der h\u00f6chsten Lebensqualit\u00e4t erstellt. N\u00fcrnberg steht im weltweiten Vergleich weiterhin grandios da: Unter Ber\u00fccksichtigung von politischen, sozialen, wirtschaftlichen und umweltorientierten Aspekten ergibt das f\u00fcr die Stadt an der Pegnitz einen hervorragenden 24. Platz unter den Gro\u00dfst\u00e4dten der Welt!<\/p>\n<p>Im Jahr <a href=\"https:\/\/www.bayern-wolln-mer.net\/blog\/index.php\/archives\/naemberch\/169-nuernberger-leben-weltweit-auf-platz-23.html\" target=\"_blank\">2008 hatte der Frankenblog<\/a> schon einmal \u00fcber dieses Ranking berichtet, gegen\u00fcber damals ist N\u00fcrnberg zwar um einen Platz gefallen, gegen\u00fcber 2016 abrt um einen Platz gestiegen. &#8220;<em>Die Noris liegt nur knapp hinter Montreal (23), aber sogar vor San Francisco (29) und Rom (57)<\/em>&#8221; vergleichen die <a href=\"https:\/\/www.nordbayern.de\/region\/nuernberg\/lebensqualitat-nurnberg-toppt-rom-und-san-francisco-1.5881587\" target=\"_blank\">N\u00fcrnberger Nachrichten<\/a>.<\/p>\n<p><strong>Ein sicherer und lebenswerter Standort<\/strong><\/p>\n<p>Das tut in der Frankenmetropole gerade jetzt sehr gut, da sie vor kurzem als &#8220;<a href=\"https:\/\/www.nordbayern.de\/region\/nurnberg-ist-die-unsicherste-grossstadt-bayerns-1.5880901\" target=\"_blank\">unsicherste Gro\u00dfstadt Bayerns<\/a>&#8221; gebrandmarkt wurde. Aber Innenminister Joachim Herrmann hat das alles schon relativiert, indem er erkl\u00e4rte, dass eben in N\u00fcrnberg sehr viel kontrolliert w\u00fcrde und darum diese Quote so hoch sei. Bleibt abzuwarten, wann sich die anderen St\u00e4dte \u00fcber diesen &#8220;Umkehrschlu\u00df&#8221; beschweren. \ud83d\ude09<\/p>\n<p>Da schauen wir uns doch lieber noch ein Bisschen das Rankinig an: Auf Platz 1 liegt zu wiederholten Male die <a href=\"https:\/\/www.n-town.de\/glubbblog\/index.php\/archives\/em\/390-wienspruch-des-tages.html\" target=\"_blank\">\u00f6sterreichische Hauptstadt Wien<\/a> vor Z\u00fcrich (Schweiz) und Auckland (Neuseeland). Aus deutscher Sicht ist M\u00fcnchen auf Platz 4, D\u00fcsseldorf auf Platz 6 und Frankfurt auf Platz 7 in den Top Ten. Berlin (13) und Hamburg (19) liegen noch vor <a href=\"https:\/\/www.wohnmobile-distler.de\" target=\"_blank\">N\u00fcrnberg<\/a>, Stuttgart auf 26 schon dahinter &#8211; Leipzig ist auf 61 schon fast abgeschlagen. Hinter N\u00fcrnberg befinden sich so klangvolle Namen wie Singapur (25), Paris (38) und London (40). Im internationalen Vergleich bildet Bagdad wie auch in den vergangenen Jahren das Schlusslicht.<\/p>\n<div class=\"sharedaddy sd-sharing-enabled\"><div class=\"robots-nocontent sd-block sd-social sd-social-icon sd-sharing\"><h3 class=\"sd-title\">Share this:<\/h3><div class=\"sd-content\"><ul><li class=\"share-print\"><a rel=\"nofollow noopener noreferrer\" data-shared=\"\" class=\"share-print sd-button share-icon no-text\" href=\"https:\/\/www.bayern-wolln-mer.net\/blog\/index.php\/archives\/naemberch\/1519-lebensqualitaet-in-nuernberg-auf-platz-24.html\" target=\"_blank\" title=\"Klicken zum Ausdrucken\"><span><\/span><span class=\"sharing-screen-reader-text\">Klicken zum Ausdrucken (Wird in neuem Fenster ge\u00f6ffnet)<\/span><\/a><\/li><li class=\"share-email\"><a rel=\"nofollow noopener noreferrer\" data-shared=\"\" class=\"share-email sd-button share-icon no-text\" href=\"https:\/\/www.bayern-wolln-mer.net\/blog\/index.php\/archives\/naemberch\/1519-lebensqualitaet-in-nuernberg-auf-platz-24.html?share=email\" target=\"_blank\" title=\"Klick, um dies einem Freund per E-Mail zu senden\"><span><\/span><span class=\"sharing-screen-reader-text\">Klick, um dies einem Freund per E-Mail zu senden (Wird in neuem Fenster ge\u00f6ffnet)<\/span><\/a><\/li><li class=\"share-twitter\"><a rel=\"nofollow noopener noreferrer\" data-shared=\"sharing-twitter-1519\" class=\"share-twitter sd-button share-icon no-text\" href=\"https:\/\/www.bayern-wolln-mer.net\/blog\/index.php\/archives\/naemberch\/1519-lebensqualitaet-in-nuernberg-auf-platz-24.html?share=twitter\" target=\"_blank\" title=\"Klick, um \u00fcber Twitter zu teilen\"><span><\/span><span class=\"sharing-screen-reader-text\">Klick, um \u00fcber Twitter zu teilen (Wird in neuem Fenster ge\u00f6ffnet)<\/span><\/a><\/li><li class=\"share-jetpack-whatsapp\"><a rel=\"nofollow noopener noreferrer\" data-shared=\"\" class=\"share-jetpack-whatsapp sd-button share-icon no-text\" href=\"https:\/\/www.bayern-wolln-mer.net\/blog\/index.php\/archives\/naemberch\/1519-lebensqualitaet-in-nuernberg-auf-platz-24.html?share=jetpack-whatsapp\" target=\"_blank\" title=\"Klicken, um auf WhatsApp zu teilen\"><span><\/span><span class=\"sharing-screen-reader-text\">Klicken, um auf WhatsApp zu teilen (Wird in neuem Fenster ge\u00f6ffnet)<\/span><\/a><\/li><li class=\"share-linkedin\"><a rel=\"nofollow noopener noreferrer\" data-shared=\"sharing-linkedin-1519\" class=\"share-linkedin sd-button share-icon no-text\" href=\"https:\/\/www.bayern-wolln-mer.net\/blog\/index.php\/archives\/naemberch\/1519-lebensqualitaet-in-nuernberg-auf-platz-24.html?share=linkedin\" target=\"_blank\" title=\"Klick, um auf LinkedIn zu teilen\"><span><\/span><span class=\"sharing-screen-reader-text\">Klick, um auf LinkedIn zu teilen (Wird in neuem Fenster ge\u00f6ffnet)<\/span><\/a><\/li><li class=\"share-reddit\"><a rel=\"nofollow noopener noreferrer\" data-shared=\"\" class=\"share-reddit sd-button share-icon no-text\" href=\"https:\/\/www.bayern-wolln-mer.net\/blog\/index.php\/archives\/naemberch\/1519-lebensqualitaet-in-nuernberg-auf-platz-24.html?share=reddit\" target=\"_blank\" title=\"Klick, um auf Reddit zu teilen\"><span><\/span><span class=\"sharing-screen-reader-text\">Klick, um auf Reddit zu teilen (Wird in neuem Fenster ge\u00f6ffnet)<\/span><\/a><\/li><li class=\"share-tumblr\"><a rel=\"nofollow noopener noreferrer\" data-shared=\"\" class=\"share-tumblr sd-button share-icon no-text\" href=\"https:\/\/www.bayern-wolln-mer.net\/blog\/index.php\/archives\/naemberch\/1519-lebensqualitaet-in-nuernberg-auf-platz-24.html?share=tumblr\" target=\"_blank\" title=\"Klick, um auf Tumblr zu teilen\"><span><\/span><span class=\"sharing-screen-reader-text\">Klick, um auf Tumblr zu teilen (Wird in neuem Fenster ge\u00f6ffnet)<\/span><\/a><\/li><li class=\"share-pinterest\"><a rel=\"nofollow noopener noreferrer\" data-shared=\"sharing-pinterest-1519\" class=\"share-pinterest sd-button share-icon no-text\" href=\"https:\/\/www.bayern-wolln-mer.net\/blog\/index.php\/archives\/naemberch\/1519-lebensqualitaet-in-nuernberg-auf-platz-24.html?share=pinterest\" target=\"_blank\" title=\"Klick, um auf Pinterest zu teilen\"><span><\/span><span class=\"sharing-screen-reader-text\">Klick, um auf Pinterest zu teilen (Wird in neuem Fenster ge\u00f6ffnet)<\/span><\/a><\/li><li class=\"share-pocket\"><a rel=\"nofollow noopener noreferrer\" data-shared=\"\" class=\"share-pocket sd-button share-icon no-text\" href=\"https:\/\/www.bayern-wolln-mer.net\/blog\/index.php\/archives\/naemberch\/1519-lebensqualitaet-in-nuernberg-auf-platz-24.html?share=pocket\" target=\"_blank\" title=\"Klick, um auf Pocket zu teilen\"><span><\/span><span class=\"sharing-screen-reader-text\">Klick, um auf Pocket zu teilen (Wird in neuem Fenster ge\u00f6ffnet)<\/span><\/a><\/li><li class=\"share-telegram\"><a rel=\"nofollow noopener noreferrer\" data-shared=\"\" class=\"share-telegram sd-button share-icon no-text\" href=\"https:\/\/www.bayern-wolln-mer.net\/blog\/index.php\/archives\/naemberch\/1519-lebensqualitaet-in-nuernberg-auf-platz-24.html?share=telegram\" target=\"_blank\" title=\"Klicken, um auf Telegram zu teilen\"><span><\/span><span class=\"sharing-screen-reader-text\">Klicken, um auf Telegram zu teilen (Wird in neuem Fenster ge\u00f6ffnet)<\/span><\/a><\/li><li class=\"share-skype\"><a rel=\"nofollow noopener noreferrer\" data-shared=\"sharing-skype-1519\" class=\"share-skype sd-button share-icon no-text\" href=\"https:\/\/www.bayern-wolln-mer.net\/blog\/index.php\/archives\/naemberch\/1519-lebensqualitaet-in-nuernberg-auf-platz-24.html?share=skype\" target=\"_blank\" title=\"Klicken, um in Skype zu teilen\"><span><\/span><span class=\"sharing-screen-reader-text\">Klicken, um in Skype zu teilen (Wird in neuem Fenster ge\u00f6ffnet)<\/span><\/a><\/li><li><a href=\"#\" class=\"sharing-anchor sd-button share-more\"><span>Mehr<\/span><\/a><\/li><li class=\"share-end\"><\/li><\/ul><div class=\"sharing-hidden\"><div class=\"inner\" style=\"display: none;width:150px;\"><ul style=\"background-image:none;\"><li class=\"share-facebook\"><a rel=\"nofollow noopener noreferrer\" data-shared=\"sharing-facebook-1519\" class=\"share-facebook sd-button share-icon no-text\" href=\"https:\/\/www.bayern-wolln-mer.net\/blog\/index.php\/archives\/naemberch\/1519-lebensqualitaet-in-nuernberg-auf-platz-24.html?share=facebook\" target=\"_blank\" title=\"Klick, um auf Facebook zu teilen\"><span><\/span><span class=\"sharing-screen-reader-text\">Klick, um auf Facebook zu teilen (Wird in neuem Fenster ge\u00f6ffnet)<\/span><\/a><\/li><li class=\"share-end\"><\/li><\/ul><\/div><\/div><\/div><\/div><\/div>","protected":false},"excerpt":{"rendered":"<p>Die Beratungsgesellschaft Mercer hat wieder ein Ranking der Gro\u00dfst\u00e4dte mit der h\u00f6chsten Lebensqualit\u00e4t erstellt. N\u00fcrnberg steht im weltweiten Vergleich weiterhin grandios da: Unter Ber\u00fccksichtigung von politischen, sozialen, wirtschaftlichen und umweltorientierten Aspekten ergibt das f\u00fcr die Stadt an der Pegnitz einen hervorragenden 24. Platz unter den Gro\u00dfst\u00e4dten der Welt! Im Jahr 2008 hatte der Frankenblog schon [&hellip;]<\/p>\n<div class=\"sharedaddy sd-sharing-enabled\"><div class=\"robots-nocontent sd-block sd-social sd-social-icon sd-sharing\"><h3 class=\"sd-title\">Share this:<\/h3><div class=\"sd-content\"><ul><li class=\"share-print\"><a rel=\"nofollow noopener noreferrer\" data-shared=\"\" class=\"share-print sd-button share-icon no-text\" href=\"https:\/\/www.bayern-wolln-mer.net\/blog\/index.php\/archives\/naemberch\/1519-lebensqualitaet-in-nuernberg-auf-platz-24.html\" target=\"_blank\" title=\"Klicken zum Ausdrucken\"><span><\/span><span class=\"sharing-screen-reader-text\">Klicken zum Ausdrucken (Wird in neuem Fenster ge\u00f6ffnet)<\/span><\/a><\/li><li class=\"share-email\"><a rel=\"nofollow noopener noreferrer\" data-shared=\"\" class=\"share-email sd-button share-icon no-text\" href=\"https:\/\/www.bayern-wolln-mer.net\/blog\/index.php\/archives\/naemberch\/1519-lebensqualitaet-in-nuernberg-auf-platz-24.html?share=email\" target=\"_blank\" title=\"Klick, um dies einem Freund per E-Mail zu senden\"><span><\/span><span class=\"sharing-screen-reader-text\">Klick, um dies einem Freund per E-Mail zu senden (Wird in neuem Fenster ge\u00f6ffnet)<\/span><\/a><\/li><li class=\"share-twitter\"><a rel=\"nofollow noopener noreferrer\" data-shared=\"sharing-twitter-1519\" class=\"share-twitter sd-button share-icon no-text\" href=\"https:\/\/www.bayern-wolln-mer.net\/blog\/index.php\/archives\/naemberch\/1519-lebensqualitaet-in-nuernberg-auf-platz-24.html?share=twitter\" target=\"_blank\" title=\"Klick, um \u00fcber Twitter zu teilen\"><span><\/span><span class=\"sharing-screen-reader-text\">Klick, um \u00fcber Twitter zu teilen (Wird in neuem Fenster ge\u00f6ffnet)<\/span><\/a><\/li><li class=\"share-jetpack-whatsapp\"><a rel=\"nofollow noopener noreferrer\" data-shared=\"\" class=\"share-jetpack-whatsapp sd-button share-icon no-text\" href=\"https:\/\/www.bayern-wolln-mer.net\/blog\/index.php\/archives\/naemberch\/1519-lebensqualitaet-in-nuernberg-auf-platz-24.html?share=jetpack-whatsapp\" target=\"_blank\" title=\"Klicken, um auf WhatsApp zu teilen\"><span><\/span><span class=\"sharing-screen-reader-text\">Klicken, um auf WhatsApp zu teilen (Wird in neuem Fenster ge\u00f6ffnet)<\/span><\/a><\/li><li class=\"share-linkedin\"><a rel=\"nofollow noopener noreferrer\" data-shared=\"sharing-linkedin-1519\" class=\"share-linkedin sd-button share-icon no-text\" href=\"https:\/\/www.bayern-wolln-mer.net\/blog\/index.php\/archives\/naemberch\/1519-lebensqualitaet-in-nuernberg-auf-platz-24.html?share=linkedin\" target=\"_blank\" title=\"Klick, um auf LinkedIn zu teilen\"><span><\/span><span class=\"sharing-screen-reader-text\">Klick, um auf LinkedIn zu teilen (Wird in neuem Fenster ge\u00f6ffnet)<\/span><\/a><\/li><li class=\"share-reddit\"><a rel=\"nofollow noopener noreferrer\" data-shared=\"\" class=\"share-reddit sd-button share-icon no-text\" href=\"https:\/\/www.bayern-wolln-mer.net\/blog\/index.php\/archives\/naemberch\/1519-lebensqualitaet-in-nuernberg-auf-platz-24.html?share=reddit\" target=\"_blank\" title=\"Klick, um auf Reddit zu teilen\"><span><\/span><span class=\"sharing-screen-reader-text\">Klick, um auf Reddit zu teilen (Wird in neuem Fenster ge\u00f6ffnet)<\/span><\/a><\/li><li class=\"share-tumblr\"><a rel=\"nofollow noopener noreferrer\" data-shared=\"\" class=\"share-tumblr sd-button share-icon no-text\" href=\"https:\/\/www.bayern-wolln-mer.net\/blog\/index.php\/archives\/naemberch\/1519-lebensqualitaet-in-nuernberg-auf-platz-24.html?share=tumblr\" target=\"_blank\" title=\"Klick, um auf Tumblr zu teilen\"><span><\/span><span class=\"sharing-screen-reader-text\">Klick, um auf Tumblr zu teilen (Wird in neuem Fenster ge\u00f6ffnet)<\/span><\/a><\/li><li class=\"share-pinterest\"><a rel=\"nofollow noopener noreferrer\" data-shared=\"sharing-pinterest-1519\" class=\"share-pinterest sd-button share-icon no-text\" href=\"https:\/\/www.bayern-wolln-mer.net\/blog\/index.php\/archives\/naemberch\/1519-lebensqualitaet-in-nuernberg-auf-platz-24.html?share=pinterest\" target=\"_blank\" title=\"Klick, um auf Pinterest zu teilen\"><span><\/span><span class=\"sharing-screen-reader-text\">Klick, um auf Pinterest zu teilen (Wird in neuem Fenster ge\u00f6ffnet)<\/span><\/a><\/li><li class=\"share-pocket\"><a rel=\"nofollow noopener noreferrer\" data-shared=\"\" class=\"share-pocket sd-button share-icon no-text\" href=\"https:\/\/www.bayern-wolln-mer.net\/blog\/index.php\/archives\/naemberch\/1519-lebensqualitaet-in-nuernberg-auf-platz-24.html?share=pocket\" target=\"_blank\" title=\"Klick, um auf Pocket zu teilen\"><span><\/span><span class=\"sharing-screen-reader-text\">Klick, um auf Pocket zu teilen (Wird in neuem Fenster ge\u00f6ffnet)<\/span><\/a><\/li><li class=\"share-telegram\"><a rel=\"nofollow noopener noreferrer\" data-shared=\"\" class=\"share-telegram sd-button share-icon no-text\" href=\"https:\/\/www.bayern-wolln-mer.net\/blog\/index.php\/archives\/naemberch\/1519-lebensqualitaet-in-nuernberg-auf-platz-24.html?share=telegram\" target=\"_blank\" title=\"Klicken, um auf Telegram zu teilen\"><span><\/span><span class=\"sharing-screen-reader-text\">Klicken, um auf Telegram zu teilen (Wird in neuem Fenster ge\u00f6ffnet)<\/span><\/a><\/li><li class=\"share-skype\"><a rel=\"nofollow noopener noreferrer\" data-shared=\"sharing-skype-1519\" class=\"share-skype sd-button share-icon no-text\" href=\"https:\/\/www.bayern-wolln-mer.net\/blog\/index.php\/archives\/naemberch\/1519-lebensqualitaet-in-nuernberg-auf-platz-24.html?share=skype\" target=\"_blank\" title=\"Klicken, um in Skype zu teilen\"><span><\/span><span class=\"sharing-screen-reader-text\">Klicken, um in Skype zu teilen (Wird in neuem Fenster ge\u00f6ffnet)<\/span><\/a><\/li><li><a href=\"#\" class=\"sharing-anchor sd-button share-more\"><span>Mehr<\/span><\/a><\/li><li class=\"share-end\"><\/li><\/ul><div class=\"sharing-hidden\"><div class=\"inner\" style=\"display: none;width:150px;\"><ul style=\"background-image:none;\"><li class=\"share-facebook\"><a rel=\"nofollow noopener noreferrer\" data-shared=\"sharing-facebook-1519\" class=\"share-facebook sd-button share-icon no-text\" href=\"https:\/\/www.bayern-wolln-mer.net\/blog\/index.php\/archives\/naemberch\/1519-lebensqualitaet-in-nuernberg-auf-platz-24.html?share=facebook\" target=\"_blank\" title=\"Klick, um auf Facebook zu teilen\"><span><\/span><span class=\"sharing-screen-reader-text\">Klick, um auf Facebook zu teilen (Wird in neuem Fenster ge\u00f6ffnet)<\/span><\/a><\/li><li class=\"share-end\"><\/li><\/ul><\/div><\/div><\/div><\/div><\/div>","protected":false},"author":3,"featured_media":0,"comment_status":"open","ping_status":"open","sticky":false,"template":"","format":"standard","meta":{"spay_email":"","jetpack_publicize_message":""},"categories":[11],"tags":[30,128],"jetpack_featured_media_url":"","jetpack_publicize_connections":[],"yoast_head":"<!-- This site is optimized with the Yoast SEO plugin v18.2 - https:\/\/yoast.com\/wordpress\/plugins\/seo\/ -->\n<meta name=\"robots\" content=\"index, follow, max-snippet:-1, max-image-preview:large, max-video-preview:-1\" \/>\n<link rel=\"canonical\" href=\"https:\/\/www.bayern-wolln-mer.net\/blog\/index.php\/archives\/naemberch\/1519-lebensqualitaet-in-nuernberg-auf-platz-24.html\" \/>\n<meta property=\"og:locale\" content=\"de_DE\" \/>\n<meta property=\"og:type\" content=\"article\" \/>\n<meta property=\"og:title\" content=\"Lebensqualit\u00e4t in N\u00fcrnberg auf Platz 24 - Bayern-wolln-mer.net\" \/>\n<meta property=\"og:description\" content=\"Die Beratungsgesellschaft Mercer hat wieder ein Ranking der Gro\u00dfst\u00e4dte mit der h\u00f6chsten Lebensqualit\u00e4t erstellt. N\u00fcrnberg steht im weltweiten Vergleich weiterhin grandios da: Unter Ber\u00fccksichtigung von politischen, sozialen, wirtschaftlichen und umweltorientierten Aspekten ergibt das f\u00fcr die Stadt an der Pegnitz einen hervorragenden 24. Platz unter den Gro\u00dfst\u00e4dten der Welt! Im Jahr 2008 hatte der Frankenblog schon [&hellip;]\" \/>\n<meta property=\"og:url\" content=\"https:\/\/www.bayern-wolln-mer.net\/blog\/index.php\/archives\/naemberch\/1519-lebensqualitaet-in-nuernberg-auf-platz-24.html\" \/>\n<meta property=\"og:site_name\" content=\"Bayern-wolln-mer.net\" \/>\n<meta property=\"article:published_time\" content=\"2017-03-15T14:59:46+00:00\" \/>\n<meta property=\"article:modified_time\" content=\"2017-03-15T16:21:30+00:00\" \/>\n<meta property=\"og:image\" content=\"https:\/\/www.bayern-wolln-mer.net\/blog\/wp-content\/uploads\/2015\/08\/Burg_025-300x225.jpg\" \/>\n<meta name=\"twitter:card\" content=\"summary_large_image\" \/>\n<meta name=\"twitter:label1\" content=\"Verfasst von\" \/>\n\t<meta name=\"twitter:data1\" content=\"Andreas Brandl\" \/>\n\t<meta name=\"twitter:label2\" content=\"Gesch\u00e4tzte Lesezeit\" \/>\n\t<meta name=\"twitter:data2\" content=\"1\u00a0Minute\" \/>\n<script type=\"application\/ld+json\" class=\"yoast-schema-graph\">{\"@context\":\"https:\/\/schema.org\",\"@graph\":[{\"@type\":\"WebSite\",\"@id\":\"https:\/\/www.bayern-wolln-mer.net\/blog\/#website\",\"url\":\"https:\/\/www.bayern-wolln-mer.net\/blog\/\",\"name\":\"Bayern-wolln-mer.net\",\"description\":\"Frankenblog! Frei statt Bayern! Freiheit f\u00fcr Franken!\",\"potentialAction\":[{\"@type\":\"SearchAction\",\"target\":{\"@type\":\"EntryPoint\",\"urlTemplate\":\"https:\/\/www.bayern-wolln-mer.net\/blog\/?s={search_term_string}\"},\"query-input\":\"required name=search_term_string\"}],\"inLanguage\":\"de\"},{\"@type\":\"ImageObject\",\"@id\":\"https:\/\/www.bayern-wolln-mer.net\/blog\/index.php\/archives\/naemberch\/1519-lebensqualitaet-in-nuernberg-auf-platz-24.html#primaryimage\",\"inLanguage\":\"de\",\"url\":\"https:\/\/i0.wp.com\/www.bayern-wolln-mer.net\/blog\/wp-content\/uploads\/2015\/08\/Burg_025.jpg?fit=2592%2C1944&ssl=1\",\"contentUrl\":\"https:\/\/i0.wp.com\/www.bayern-wolln-mer.net\/blog\/wp-content\/uploads\/2015\/08\/Burg_025.jpg?fit=2592%2C1944&ssl=1\",\"width\":2592,\"height\":1944},{\"@type\":\"WebPage\",\"@id\":\"https:\/\/www.bayern-wolln-mer.net\/blog\/index.php\/archives\/naemberch\/1519-lebensqualitaet-in-nuernberg-auf-platz-24.html#webpage\",\"url\":\"https:\/\/www.bayern-wolln-mer.net\/blog\/index.php\/archives\/naemberch\/1519-lebensqualitaet-in-nuernberg-auf-platz-24.html\",\"name\":\"Lebensqualit\u00e4t in N\u00fcrnberg auf Platz 24 - Bayern-wolln-mer.net\",\"isPartOf\":{\"@id\":\"https:\/\/www.bayern-wolln-mer.net\/blog\/#website\"},\"primaryImageOfPage\":{\"@id\":\"https:\/\/www.bayern-wolln-mer.net\/blog\/index.php\/archives\/naemberch\/1519-lebensqualitaet-in-nuernberg-auf-platz-24.html#primaryimage\"},\"datePublished\":\"2017-03-15T14:59:46+00:00\",\"dateModified\":\"2017-03-15T16:21:30+00:00\",\"author\":{\"@id\":\"https:\/\/www.bayern-wolln-mer.net\/blog\/#\/schema\/person\/b9fcf524d723fdb81f40a1bed0e52f96\"},\"breadcrumb\":{\"@id\":\"https:\/\/www.bayern-wolln-mer.net\/blog\/index.php\/archives\/naemberch\/1519-lebensqualitaet-in-nuernberg-auf-platz-24.html#breadcrumb\"},\"inLanguage\":\"de\",\"potentialAction\":[{\"@type\":\"ReadAction\",\"target\":[\"https:\/\/www.bayern-wolln-mer.net\/blog\/index.php\/archives\/naemberch\/1519-lebensqualitaet-in-nuernberg-auf-platz-24.html\"]}]},{\"@type\":\"BreadcrumbList\",\"@id\":\"https:\/\/www.bayern-wolln-mer.net\/blog\/index.php\/archives\/naemberch\/1519-lebensqualitaet-in-nuernberg-auf-platz-24.html#breadcrumb\",\"itemListElement\":[{\"@type\":\"ListItem\",\"position\":1,\"name\":\"Startseite\",\"item\":\"https:\/\/www.bayern-wolln-mer.net\/blog\"},{\"@type\":\"ListItem\",\"position\":2,\"name\":\"Lebensqualit\u00e4t in N\u00fcrnberg auf Platz 24\"}]},{\"@type\":\"Person\",\"@id\":\"https:\/\/www.bayern-wolln-mer.net\/blog\/#\/schema\/person\/b9fcf524d723fdb81f40a1bed0e52f96\",\"name\":\"Andreas Brandl\",\"image\":{\"@type\":\"ImageObject\",\"@id\":\"https:\/\/www.bayern-wolln-mer.net\/blog\/#personlogo\",\"inLanguage\":\"de\",\"url\":\"https:\/\/secure.gravatar.com\/avatar\/7c2e8ddf168a4d43fa09a0495da2d513?s=96&d=mm&r=g\",\"contentUrl\":\"https:\/\/secure.gravatar.com\/avatar\/7c2e8ddf168a4d43fa09a0495da2d513?s=96&d=mm&r=g\",\"caption\":\"Andreas Brandl\"},\"sameAs\":[\"https:\/\/www.bayern-wolln-mer.net\"],\"url\":\"https:\/\/www.bayern-wolln-mer.net\/blog\/index.php\/archives\/author\/andy\"}]}<\/script>\n<!-- \/ Yoast SEO plugin. -->","yoast_head_json":{"robots":{"index":"index","follow":"follow","max-snippet":"max-snippet:-1","max-image-preview":"max-image-preview:large","max-video-preview":"max-video-preview:-1"},"canonical":"https:\/\/www.bayern-wolln-mer.net\/blog\/index.php\/archives\/naemberch\/1519-lebensqualitaet-in-nuernberg-auf-platz-24.html","og_locale":"de_DE","og_type":"article","og_title":"Lebensqualit\u00e4t in N\u00fcrnberg auf Platz 24 - Bayern-wolln-mer.net","og_description":"Die Beratungsgesellschaft Mercer hat wieder ein Ranking der Gro\u00dfst\u00e4dte mit der h\u00f6chsten Lebensqualit\u00e4t erstellt. N\u00fcrnberg steht im weltweiten Vergleich weiterhin grandios da: Unter Ber\u00fccksichtigung von politischen, sozialen, wirtschaftlichen und umweltorientierten Aspekten ergibt das f\u00fcr die Stadt an der Pegnitz einen hervorragenden 24. Platz unter den Gro\u00dfst\u00e4dten der Welt! Im Jahr 2008 hatte der Frankenblog schon [&hellip;]","og_url":"https:\/\/www.bayern-wolln-mer.net\/blog\/index.php\/archives\/naemberch\/1519-lebensqualitaet-in-nuernberg-auf-platz-24.html","og_site_name":"Bayern-wolln-mer.net","article_published_time":"2017-03-15T14:59:46+00:00","article_modified_time":"2017-03-15T16:21:30+00:00","og_image":[{"url":"https:\/\/www.bayern-wolln-mer.net\/blog\/wp-content\/uploads\/2015\/08\/Burg_025-300x225.jpg"}],"twitter_card":"summary_large_image","twitter_misc":{"Verfasst von":"Andreas Brandl","Gesch\u00e4tzte Lesezeit":"1\u00a0Minute"},"schema":{"@context":"https:\/\/schema.org","@graph":[{"@type":"WebSite","@id":"https:\/\/www.bayern-wolln-mer.net\/blog\/#website","url":"https:\/\/www.bayern-wolln-mer.net\/blog\/","name":"Bayern-wolln-mer.net","description":"Frankenblog! Frei statt Bayern! Freiheit f\u00fcr Franken!","potentialAction":[{"@type":"SearchAction","target":{"@type":"EntryPoint","urlTemplate":"https:\/\/www.bayern-wolln-mer.net\/blog\/?s={search_term_string}"},"query-input":"required name=search_term_string"}],"inLanguage":"de"},{"@type":"ImageObject","@id":"https:\/\/www.bayern-wolln-mer.net\/blog\/index.php\/archives\/naemberch\/1519-lebensqualitaet-in-nuernberg-auf-platz-24.html#primaryimage","inLanguage":"de","url":"https:\/\/i0.wp.com\/www.bayern-wolln-mer.net\/blog\/wp-content\/uploads\/2015\/08\/Burg_025.jpg?fit=2592%2C1944&ssl=1","contentUrl":"https:\/\/i0.wp.com\/www.bayern-wolln-mer.net\/blog\/wp-content\/uploads\/2015\/08\/Burg_025.jpg?fit=2592%2C1944&ssl=1","width":2592,"height":1944},{"@type":"WebPage","@id":"https:\/\/www.bayern-wolln-mer.net\/blog\/index.php\/archives\/naemberch\/1519-lebensqualitaet-in-nuernberg-auf-platz-24.html#webpage","url":"https:\/\/www.bayern-wolln-mer.net\/blog\/index.php\/archives\/naemberch\/1519-lebensqualitaet-in-nuernberg-auf-platz-24.html","name":"Lebensqualit\u00e4t in N\u00fcrnberg auf Platz 24 - Bayern-wolln-mer.net","isPartOf":{"@id":"https:\/\/www.bayern-wolln-mer.net\/blog\/#website"},"primaryImageOfPage":{"@id":"https:\/\/www.bayern-wolln-mer.net\/blog\/index.php\/archives\/naemberch\/1519-lebensqualitaet-in-nuernberg-auf-platz-24.html#primaryimage"},"datePublished":"2017-03-15T14:59:46+00:00","dateModified":"2017-03-15T16:21:30+00:00","author":{"@id":"https:\/\/www.bayern-wolln-mer.net\/blog\/#\/schema\/person\/b9fcf524d723fdb81f40a1bed0e52f96"},"breadcrumb":{"@id":"https:\/\/www.bayern-wolln-mer.net\/blog\/index.php\/archives\/naemberch\/1519-lebensqualitaet-in-nuernberg-auf-platz-24.html#breadcrumb"},"inLanguage":"de","potentialAction":[{"@type":"ReadAction","target":["https:\/\/www.bayern-wolln-mer.net\/blog\/index.php\/archives\/naemberch\/1519-lebensqualitaet-in-nuernberg-auf-platz-24.html"]}]},{"@type":"BreadcrumbList","@id":"https:\/\/www.bayern-wolln-mer.net\/blog\/index.php\/archives\/naemberch\/1519-lebensqualitaet-in-nuernberg-auf-platz-24.html#breadcrumb","itemListElement":[{"@type":"ListItem","position":1,"name":"Startseite","item":"https:\/\/www.bayern-wolln-mer.net\/blog"},{"@type":"ListItem","position":2,"name":"Lebensqualit\u00e4t in N\u00fcrnberg auf Platz 24"}]},{"@type":"Person","@id":"https:\/\/www.bayern-wolln-mer.net\/blog\/#\/schema\/person\/b9fcf524d723fdb81f40a1bed0e52f96","name":"Andreas Brandl","image":{"@type":"ImageObject","@id":"https:\/\/www.bayern-wolln-mer.net\/blog\/#personlogo","inLanguage":"de","url":"https:\/\/secure.gravatar.com\/avatar\/7c2e8ddf168a4d43fa09a0495da2d513?s=96&d=mm&r=g","contentUrl":"https:\/\/secure.gravatar.com\/avatar\/7c2e8ddf168a4d43fa09a0495da2d513?s=96&d=mm&r=g","caption":"Andreas Brandl"},"sameAs":["https:\/\/www.bayern-wolln-mer.net"],"url":"https:\/\/www.bayern-wolln-mer.net\/blog\/index.php\/archives\/author\/andy"}]}},"jetpack_sharing_enabled":true,"jetpack_shortlink":"https:\/\/wp.me\/p7UoAp-ov","jetpack-related-posts":[],"_links":{"self":[{"href":"https:\/\/www.bayern-wolln-mer.net\/blog\/index.php\/wp-json\/wp\/v2\/posts\/1519"}],"collection":[{"href":"https:\/\/www.bayern-wolln-mer.net\/blog\/index.php\/wp-json\/wp\/v2\/posts"}],"about":[{"href":"https:\/\/www.bayern-wolln-mer.net\/blog\/index.php\/wp-json\/wp\/v2\/types\/post"}],"author":[{"embeddable":true,"href":"https:\/\/www.bayern-wolln-mer.net\/blog\/index.php\/wp-json\/wp\/v2\/users\/3"}],"replies":[{"embeddable":true,"href":"https:\/\/www.bayern-wolln-mer.net\/blog\/index.php\/wp-json\/wp\/v2\/comments?post=1519"}],"version-history":[{"count":6,"href":"https:\/\/www.bayern-wolln-mer.net\/blog\/index.php\/wp-json\/wp\/v2\/posts\/1519\/revisions"}],"predecessor-version":[{"id":1530,"href":"https:\/\/www.bayern-wolln-mer.net\/blog\/index.php\/wp-json\/wp\/v2\/posts\/1519\/revisions\/1530"}],"wp:attachment":[{"href":"https:\/\/www.bayern-wolln-mer.net\/blog\/index.php\/wp-json\/wp\/v2\/media?parent=1519"}],"wp:term":[{"taxonomy":"category","embeddable":true,"href":"https:\/\/www.bayern-wolln-mer.net\/blog\/index.php\/wp-json\/wp\/v2\/categories?post=1519"},{"taxonomy":"post_tag","embeddable":true,"href":"https:\/\/www.bayern-wolln-mer.net\/blog\/index.php\/wp-json\/wp\/v2\/tags?post=1519"}],"curies":[{"name":"wp","href":"https:\/\/api.w.org\/{rel}","templated":true}]}}