{"id":1626,"date":"2020-02-22T11:55:37","date_gmt":"2020-02-22T10:55:37","guid":{"rendered":"https:\/\/www.bayern-wolln-mer.net\/blog\/?p=1626"},"modified":"2020-02-24T10:14:10","modified_gmt":"2020-02-24T09:14:10","slug":"raetselhafter-klimawandel-in-bayern","status":"publish","type":"post","link":"https:\/\/www.bayern-wolln-mer.net\/blog\/index.php\/archives\/franken-bayern\/1626-raetselhafter-klimawandel-in-bayern.html","title":{"rendered":"R\u00e4tselhafter Klimawandel in Bayern"},"content":{"rendered":"<p>Betrachtet man die Wettervorhersagen in bayerischen Medien, so f\u00e4llt ein wundersamer Klimawandel auf: <strong>die hei\u00dfeste Region Bayerns wird zur k\u00fchlsten und umgekehrt.<\/strong><\/p>\n<p>Beispiel S\u00fcddeutsche Zeitung (SZ): Sie ver\u00f6ffentlicht wochentags eine Temperaturprognose f\u00fcr die n\u00e4chsten Tage f\u00fcr Nord-, Mittel- und S\u00fcdbayern auf. Beispiel die Hitzewelle im Juli 2019.<\/p>\n<p>Hier die Abbildung in der Ausgabe der SZ von Dienstag, 23.7.2019:<\/p>\n<table border=\"1\">\n<tbody>\n<tr>\n<td width=\"97\"><\/td>\n<td width=\"104\"><strong>24.7.<\/strong><\/td>\n<td width=\"104\"><strong>25.7.<\/strong><\/td>\n<td width=\"104\"><strong>26.7.<\/strong><\/td>\n<\/tr>\n<tr>\n<td width=\"97\"><strong>Nordbayern<\/strong><\/td>\n<td width=\"104\"><strong>32 Grad<\/strong><\/td>\n<td width=\"104\"><strong>33 Grad<\/strong><\/td>\n<td width=\"104\"><strong>32 Grad<\/strong><\/td>\n<\/tr>\n<tr>\n<td width=\"97\">Mittelbayern<\/td>\n<td width=\"104\">35 Grad<\/td>\n<td width=\"104\">37 Grad<\/td>\n<td width=\"104\">36 Grad<\/td>\n<\/tr>\n<tr>\n<td width=\"97\"><strong>S\u00fcdbayern<\/strong><\/td>\n<td width=\"104\"><strong>33 Grad <\/strong><\/td>\n<td width=\"104\"><strong>34 Grad<\/strong><\/td>\n<td width=\"104\"><strong>33 Grad<\/strong><\/td>\n<\/tr>\n<\/tbody>\n<\/table>\n<p>(Originalabbildung aus der SZ liegt dem Verfasser vor)<\/p>\n<p>Nordbayern wird hier immer als die k\u00fchlste Region, immer k\u00fchler als S\u00fcdbayern, vorhergesagt.<br \/>\nErstaunlich (Wein- und Obstbau in Franken ??).<br \/>\nVergleicht man nun die hier vorhergesagten H\u00f6chsttemperaturen f\u00fcr Nord- und S\u00fcdbayern mit den tats\u00e4chlich gemessenen H\u00f6chsttemperaturen ergibt sich folgendes Bild.<\/p>\n<p><strong>Vergleich Vorhersagewerte SZ mit tats\u00e4chlich gemessenen H\u00f6chsttemperaturen<\/strong><\/p>\n<table>\n<tbody>\n<tr>\n<td width=\"141\"><strong>Vorhersage SZ<\/strong><\/td>\n<td width=\"416\"><strong>Tats\u00e4chliche H\u00f6chstwerte (Quelle: wetteronline.de)<\/strong><\/td>\n<\/tr>\n<tr>\n<td width=\"141\">&nbsp;<\/p>\n<p><strong>24.7.<\/strong><\/p>\n<p>Nordbayern<\/p>\n<p><strong>32 Grad<\/strong><\/p>\n<p>(meist 36-38 Grad)<\/p>\n<p>&nbsp;<\/p>\n<p>&nbsp;<\/p>\n<p>S\u00fcdbayern<\/p>\n<p><strong>33 Grad<\/strong><\/p>\n<p>(ok)<\/td>\n<td width=\"416\"><a href=\"https:\/\/i2.wp.com\/www.bayern-wolln-mer.net\/blog\/wp-content\/uploads\/2020\/02\/Wetter1.png?ssl=1\"><img data-attachment-id=\"1629\" data-permalink=\"https:\/\/www.bayern-wolln-mer.net\/blog\/index.php\/archives\/franken-bayern\/1626-raetselhafter-klimawandel-in-bayern.html\/attachment\/wetter1\" data-orig-file=\"https:\/\/i2.wp.com\/www.bayern-wolln-mer.net\/blog\/wp-content\/uploads\/2020\/02\/Wetter1.png?fit=375%2C413&amp;ssl=1\" data-orig-size=\"375,413\" data-comments-opened=\"1\" data-image-meta=\"{&quot;aperture&quot;:&quot;0&quot;,&quot;credit&quot;:&quot;&quot;,&quot;camera&quot;:&quot;&quot;,&quot;caption&quot;:&quot;&quot;,&quot;created_timestamp&quot;:&quot;0&quot;,&quot;copyright&quot;:&quot;&quot;,&quot;focal_length&quot;:&quot;0&quot;,&quot;iso&quot;:&quot;0&quot;,&quot;shutter_speed&quot;:&quot;0&quot;,&quot;title&quot;:&quot;&quot;,&quot;orientation&quot;:&quot;0&quot;}\" data-image-title=\"Wetter1\" data-image-description=\"\" data-medium-file=\"https:\/\/i2.wp.com\/www.bayern-wolln-mer.net\/blog\/wp-content\/uploads\/2020\/02\/Wetter1.png?fit=272%2C300&amp;ssl=1\" data-large-file=\"https:\/\/i2.wp.com\/www.bayern-wolln-mer.net\/blog\/wp-content\/uploads\/2020\/02\/Wetter1.png?fit=375%2C413&amp;ssl=1\" loading=\"lazy\" class=\"alignleft wp-image-1629\" src=\"https:\/\/i2.wp.com\/www.bayern-wolln-mer.net\/blog\/wp-content\/uploads\/2020\/02\/Wetter1.png?resize=350%2C386&#038;ssl=1\" alt=\"\" width=\"350\" height=\"386\" srcset=\"https:\/\/i2.wp.com\/www.bayern-wolln-mer.net\/blog\/wp-content\/uploads\/2020\/02\/Wetter1.png?resize=272%2C300&amp;ssl=1 272w, https:\/\/i2.wp.com\/www.bayern-wolln-mer.net\/blog\/wp-content\/uploads\/2020\/02\/Wetter1.png?w=375&amp;ssl=1 375w\" sizes=\"(max-width: 350px) 100vw, 350px\" data-recalc-dims=\"1\" \/><\/a><\/td>\n<\/tr>\n<tr>\n<td width=\"141\">&nbsp;<\/p>\n<p><strong>25.7..<\/strong><\/p>\n<p>Nordbayern<\/p>\n<p><strong>33 Grad<\/strong><\/p>\n<p>(meist 37-40 Grad)<\/p>\n<p>&nbsp;<\/p>\n<p>S\u00fcdbayern<\/p>\n<p><strong>34 Grad<\/strong><\/p>\n<p>(meist um 32 Grad)<\/p>\n<p>&nbsp;<\/td>\n<td width=\"416\"><a href=\"https:\/\/i2.wp.com\/www.bayern-wolln-mer.net\/blog\/wp-content\/uploads\/2020\/02\/Wetter2.png?ssl=1\"><img data-attachment-id=\"1630\" data-permalink=\"https:\/\/www.bayern-wolln-mer.net\/blog\/index.php\/archives\/franken-bayern\/1626-raetselhafter-klimawandel-in-bayern.html\/attachment\/wetter2\" data-orig-file=\"https:\/\/i2.wp.com\/www.bayern-wolln-mer.net\/blog\/wp-content\/uploads\/2020\/02\/Wetter2.png?fit=387%2C420&amp;ssl=1\" data-orig-size=\"387,420\" data-comments-opened=\"1\" data-image-meta=\"{&quot;aperture&quot;:&quot;0&quot;,&quot;credit&quot;:&quot;&quot;,&quot;camera&quot;:&quot;&quot;,&quot;caption&quot;:&quot;&quot;,&quot;created_timestamp&quot;:&quot;0&quot;,&quot;copyright&quot;:&quot;&quot;,&quot;focal_length&quot;:&quot;0&quot;,&quot;iso&quot;:&quot;0&quot;,&quot;shutter_speed&quot;:&quot;0&quot;,&quot;title&quot;:&quot;&quot;,&quot;orientation&quot;:&quot;0&quot;}\" data-image-title=\"Wetter2\" data-image-description=\"\" data-medium-file=\"https:\/\/i2.wp.com\/www.bayern-wolln-mer.net\/blog\/wp-content\/uploads\/2020\/02\/Wetter2.png?fit=276%2C300&amp;ssl=1\" data-large-file=\"https:\/\/i2.wp.com\/www.bayern-wolln-mer.net\/blog\/wp-content\/uploads\/2020\/02\/Wetter2.png?fit=387%2C420&amp;ssl=1\" loading=\"lazy\" class=\"alignleft wp-image-1630\" src=\"https:\/\/i2.wp.com\/www.bayern-wolln-mer.net\/blog\/wp-content\/uploads\/2020\/02\/Wetter2.png?resize=350%2C380&#038;ssl=1\" alt=\"\" width=\"350\" height=\"380\" srcset=\"https:\/\/i2.wp.com\/www.bayern-wolln-mer.net\/blog\/wp-content\/uploads\/2020\/02\/Wetter2.png?resize=276%2C300&amp;ssl=1 276w, https:\/\/i2.wp.com\/www.bayern-wolln-mer.net\/blog\/wp-content\/uploads\/2020\/02\/Wetter2.png?w=387&amp;ssl=1 387w\" sizes=\"(max-width: 350px) 100vw, 350px\" data-recalc-dims=\"1\" \/><\/a><\/td>\n<\/tr>\n<\/tbody>\n<\/table>\n<p>&nbsp;<\/p>\n<table>\n<tbody>\n<tr>\n<td width=\"132\"><strong>Vorhersage SZ<\/strong><\/td>\n<td width=\"406\"><strong>Tats\u00e4chliche H\u00f6chstwerte (Quelle: wetteronline.de)<\/strong><\/td>\n<\/tr>\n<tr>\n<td width=\"132\">&nbsp;<\/p>\n<p><strong>26.7.<\/strong><\/p>\n<p>Nordbayern<\/p>\n<p><strong>32 Grad<\/strong><\/p>\n<p>(real 36-39 Grad)<\/p>\n<p>&nbsp;<\/p>\n<p>S\u00fcdbayern<\/p>\n<p><strong>33 Grad<\/strong><\/p>\n<p>(Ok)<\/p>\n<p>&nbsp;<\/td>\n<td width=\"406\"><a href=\"https:\/\/i0.wp.com\/www.bayern-wolln-mer.net\/blog\/wp-content\/uploads\/2020\/02\/Wetter3.png?ssl=1\"><img data-attachment-id=\"1631\" data-permalink=\"https:\/\/www.bayern-wolln-mer.net\/blog\/index.php\/archives\/franken-bayern\/1626-raetselhafter-klimawandel-in-bayern.html\/attachment\/wetter3\" data-orig-file=\"https:\/\/i0.wp.com\/www.bayern-wolln-mer.net\/blog\/wp-content\/uploads\/2020\/02\/Wetter3.png?fit=378%2C410&amp;ssl=1\" data-orig-size=\"378,410\" data-comments-opened=\"1\" data-image-meta=\"{&quot;aperture&quot;:&quot;0&quot;,&quot;credit&quot;:&quot;&quot;,&quot;camera&quot;:&quot;&quot;,&quot;caption&quot;:&quot;&quot;,&quot;created_timestamp&quot;:&quot;0&quot;,&quot;copyright&quot;:&quot;&quot;,&quot;focal_length&quot;:&quot;0&quot;,&quot;iso&quot;:&quot;0&quot;,&quot;shutter_speed&quot;:&quot;0&quot;,&quot;title&quot;:&quot;&quot;,&quot;orientation&quot;:&quot;0&quot;}\" data-image-title=\"Wetter3\" data-image-description=\"\" data-medium-file=\"https:\/\/i0.wp.com\/www.bayern-wolln-mer.net\/blog\/wp-content\/uploads\/2020\/02\/Wetter3.png?fit=277%2C300&amp;ssl=1\" data-large-file=\"https:\/\/i0.wp.com\/www.bayern-wolln-mer.net\/blog\/wp-content\/uploads\/2020\/02\/Wetter3.png?fit=378%2C410&amp;ssl=1\" loading=\"lazy\" class=\"alignleft wp-image-1631\" src=\"https:\/\/i0.wp.com\/www.bayern-wolln-mer.net\/blog\/wp-content\/uploads\/2020\/02\/Wetter3.png?resize=350%2C379&#038;ssl=1\" alt=\"\" width=\"350\" height=\"379\" srcset=\"https:\/\/i0.wp.com\/www.bayern-wolln-mer.net\/blog\/wp-content\/uploads\/2020\/02\/Wetter3.png?resize=277%2C300&amp;ssl=1 277w, https:\/\/i0.wp.com\/www.bayern-wolln-mer.net\/blog\/wp-content\/uploads\/2020\/02\/Wetter3.png?w=378&amp;ssl=1 378w\" sizes=\"(max-width: 350px) 100vw, 350px\" data-recalc-dims=\"1\" \/><\/a><\/td>\n<\/tr>\n<\/tbody>\n<\/table>\n<p><strong>An allen 3 Tagen werden die tats\u00e4chlichen Temperaturverh\u00e4ltnisse auf den Kopf gestellt!<\/strong><\/p>\n<p><strong>W\u00e4hrend Nordbayern jeden Tag deutlich hei\u00dfer war als S\u00fcdbayern, meldet die SZ jeden Tag das genaue Gegenteil!<\/strong><\/p>\n<p>Das macht schon ein bi\u00dfchen sprachlos. Und diese Fehldarstellung lag sicher nicht an unvorhersehbaren Entwicklungen: alle Wetterberichte, auch der Deutsche Wetterdienst, hatten die extreme Hitze in Nordbayern vorhergesagt.<\/p>\n<p>Und tats\u00e4chlich: In der S\u00fcddeutschen Zeitung wird fast immer Nordbayern um 3-5 Grad k\u00fchler als S\u00fcdbayern vorhergesagt. Das erstaunt sehr, wenn man die tats\u00e4chlichen Temperaturverh\u00e4ltnisse in Bayern kennt: warmes Wein-und Obstbauklima in Franken, k\u00fchles Klima des Alpenvorlandes in S\u00fcdbayern. Aber in der Regel schaut die Vorhersage der SZ genau umgekehrt aus, z.B. 29. und 30.11.2019:<\/p>\n<table>\n<tbody>\n<tr>\n<td width=\"151\"><strong>Vorhersage SZ<\/strong><\/td>\n<td width=\"416\"><strong>Tats\u00e4chliche H\u00f6chstwerte (Quelle: wetteronline.de)<\/strong><\/td>\n<\/tr>\n<tr>\n<td width=\"151\">&nbsp;<\/p>\n<p><strong>29.11.<\/strong><\/p>\n<p>Nordbayern<\/p>\n<p><strong>6 Grad<\/strong><\/p>\n<p>(meist 8-10 Grad)<\/p>\n<p>&nbsp;<\/p>\n<p>S\u00fcdbayern<\/p>\n<p><strong>8 Grad<\/strong><\/p>\n<p>(meist 6-7 Grad)<\/p>\n<p>&nbsp;<\/td>\n<td width=\"416\"><a href=\"https:\/\/i0.wp.com\/www.bayern-wolln-mer.net\/blog\/wp-content\/uploads\/2020\/02\/Wetter4.png?ssl=1\"><img data-attachment-id=\"1633\" data-permalink=\"https:\/\/www.bayern-wolln-mer.net\/blog\/index.php\/archives\/franken-bayern\/1626-raetselhafter-klimawandel-in-bayern.html\/attachment\/wetter4\" data-orig-file=\"https:\/\/i0.wp.com\/www.bayern-wolln-mer.net\/blog\/wp-content\/uploads\/2020\/02\/Wetter4.png?fit=380%2C418&amp;ssl=1\" data-orig-size=\"380,418\" data-comments-opened=\"1\" data-image-meta=\"{&quot;aperture&quot;:&quot;0&quot;,&quot;credit&quot;:&quot;&quot;,&quot;camera&quot;:&quot;&quot;,&quot;caption&quot;:&quot;&quot;,&quot;created_timestamp&quot;:&quot;0&quot;,&quot;copyright&quot;:&quot;&quot;,&quot;focal_length&quot;:&quot;0&quot;,&quot;iso&quot;:&quot;0&quot;,&quot;shutter_speed&quot;:&quot;0&quot;,&quot;title&quot;:&quot;&quot;,&quot;orientation&quot;:&quot;0&quot;}\" data-image-title=\"Wetter4\" data-image-description=\"\" data-medium-file=\"https:\/\/i0.wp.com\/www.bayern-wolln-mer.net\/blog\/wp-content\/uploads\/2020\/02\/Wetter4.png?fit=273%2C300&amp;ssl=1\" data-large-file=\"https:\/\/i0.wp.com\/www.bayern-wolln-mer.net\/blog\/wp-content\/uploads\/2020\/02\/Wetter4.png?fit=380%2C418&amp;ssl=1\" loading=\"lazy\" class=\"alignleft wp-image-1633\" src=\"https:\/\/i0.wp.com\/www.bayern-wolln-mer.net\/blog\/wp-content\/uploads\/2020\/02\/Wetter4.png?resize=350%2C385&#038;ssl=1\" alt=\"\" width=\"350\" height=\"385\" srcset=\"https:\/\/i0.wp.com\/www.bayern-wolln-mer.net\/blog\/wp-content\/uploads\/2020\/02\/Wetter4.png?resize=273%2C300&amp;ssl=1 273w, https:\/\/i0.wp.com\/www.bayern-wolln-mer.net\/blog\/wp-content\/uploads\/2020\/02\/Wetter4.png?w=380&amp;ssl=1 380w\" sizes=\"(max-width: 350px) 100vw, 350px\" data-recalc-dims=\"1\" \/><\/a><\/td>\n<\/tr>\n<tr>\n<td width=\"141\">&nbsp;<\/p>\n<p><strong>30.11.<\/strong><\/p>\n<p>Nordbayern<\/p>\n<p><strong>4 Grad<\/strong><\/p>\n<p>(meist 8-10 Grad)<\/p>\n<p>&nbsp;<\/p>\n<p>S\u00fcdbayern<\/p>\n<p><strong>7 Grad<\/strong><\/p>\n<p>(h\u00e4ufig 4-5 Grad)<\/p>\n<p>&nbsp;<\/td>\n<td width=\"416\"><a href=\"https:\/\/i0.wp.com\/www.bayern-wolln-mer.net\/blog\/wp-content\/uploads\/2020\/02\/Wetter5.png?ssl=1\"><img data-attachment-id=\"1634\" data-permalink=\"https:\/\/www.bayern-wolln-mer.net\/blog\/index.php\/archives\/franken-bayern\/1626-raetselhafter-klimawandel-in-bayern.html\/attachment\/wetter5\" data-orig-file=\"https:\/\/i0.wp.com\/www.bayern-wolln-mer.net\/blog\/wp-content\/uploads\/2020\/02\/Wetter5.png?fit=383%2C418&amp;ssl=1\" data-orig-size=\"383,418\" data-comments-opened=\"1\" data-image-meta=\"{&quot;aperture&quot;:&quot;0&quot;,&quot;credit&quot;:&quot;&quot;,&quot;camera&quot;:&quot;&quot;,&quot;caption&quot;:&quot;&quot;,&quot;created_timestamp&quot;:&quot;0&quot;,&quot;copyright&quot;:&quot;&quot;,&quot;focal_length&quot;:&quot;0&quot;,&quot;iso&quot;:&quot;0&quot;,&quot;shutter_speed&quot;:&quot;0&quot;,&quot;title&quot;:&quot;&quot;,&quot;orientation&quot;:&quot;0&quot;}\" data-image-title=\"Wetter5\" data-image-description=\"\" data-medium-file=\"https:\/\/i0.wp.com\/www.bayern-wolln-mer.net\/blog\/wp-content\/uploads\/2020\/02\/Wetter5.png?fit=275%2C300&amp;ssl=1\" data-large-file=\"https:\/\/i0.wp.com\/www.bayern-wolln-mer.net\/blog\/wp-content\/uploads\/2020\/02\/Wetter5.png?fit=383%2C418&amp;ssl=1\" loading=\"lazy\" class=\"alignleft wp-image-1634\" src=\"https:\/\/i0.wp.com\/www.bayern-wolln-mer.net\/blog\/wp-content\/uploads\/2020\/02\/Wetter5.png?resize=350%2C382&#038;ssl=1\" alt=\"\" width=\"350\" height=\"382\" srcset=\"https:\/\/i0.wp.com\/www.bayern-wolln-mer.net\/blog\/wp-content\/uploads\/2020\/02\/Wetter5.png?resize=275%2C300&amp;ssl=1 275w, https:\/\/i0.wp.com\/www.bayern-wolln-mer.net\/blog\/wp-content\/uploads\/2020\/02\/Wetter5.png?w=383&amp;ssl=1 383w\" sizes=\"(max-width: 350px) 100vw, 350px\" data-recalc-dims=\"1\" \/><\/a><\/td>\n<\/tr>\n<\/tbody>\n<\/table>\n<p>Wie kommt es, dass eine eigentlich seri\u00f6se Zeitung mit ihrer Berichterstattung die Realit\u00e4t so drastisch ins Gegenteil verkehrt?<\/p>\n<p>Die verzerrte Darstellung in der SZ l\u00e4\u00dft sich so erkl\u00e4ren: W\u00e4hrend in S\u00fcdbayern tats\u00e4chlich ein repr\u00e4sentativer <strong>H\u00f6chst<\/strong>werte abgedruckt wird (Referenzwert ist M\u00fcnchen), <strong>wird f\u00fcr Nordbayern der Wert aus der k\u00fchlsten Region abgedruckt<\/strong> (Fichtelgebirge &#8211; Hof) gew\u00e4hlt. Die im gr\u00f6\u00dften Teil Nordbayerns zu erwartenden Temperaturen und echten H\u00f6chstwerte werden ignoriert. Eine abgelegene, kleine Gebirgsregion als repr\u00e4sentativ auszuw\u00e4hlen geht an der Realit\u00e4t im gr\u00f6\u00dften Teil der Region v\u00f6llig vorbei.<\/p>\n<p>Wenn in Nordbayern die k\u00fchlste Region f\u00fcr den Referenzwert ausgew\u00e4hlt wird (also Fichtelgebirge, Hof), dann m\u00fc\u00dfte dies ebenso in S\u00fcdbayern erfolgen (also z.B. Garmisch oder Oberstdorf). Und nicht in der einen Region der k\u00fchlste Wert herausgegriffen, in der anderen der h\u00f6chste. <strong>Gleiche Ma\u00dfst\u00e4be sind Kern eines objektiven Journalismus, alles andere ist Willk\u00fcr.<\/strong> Es kann so jede beliebige Vorhersage konstruiert werden.<\/p>\n<p>Beispiel:<br \/>\nNehmen wir eine Europavorhersage in der f\u00fcr jedes Land ein Wert ausgew\u00e4hlt wird. W\u00e4hrend man f\u00fcr Deutschland Berlin oder M\u00fcnchen nimmt, w\u00e4hlt man f\u00fcr Spanien nicht etwa Madrid, sondern einen Ort aus der k\u00fchlsten Region, z.B. den Pyren\u00e4en. <strong>Und schon w\u00e4re Deutschland (fast) jeden Tag w\u00e4rmer als Spanien und die Realit\u00e4t umgekehrt.<\/strong> Genau das entspricht der Praxis der S\u00fcddeutschen Zeitung mit der Bayernvorhersage<\/p>\n<p>Aber das wirklich Erschreckende: Die Redaktion wurde zwei mal auf diese verf\u00e4lschende Darstellung hingewiesen. Man sollte meinen eine seri\u00f6se Zeitung w\u00fcrde eine derart verf\u00e4lschende Darstellung sofort korrigieren. Aber nichts wurde ge\u00e4ndert. Offensichtlich ist diese Darstellung beabsichtigt. Fast alle bayerischen Medien sch\u00f6nen das Wetter in S\u00fcdbayern. Es geht wohl um das <strong>Regionsimage<\/strong>. M\u00fcnchen ist extrem teuer, da mu\u00df man schon das Gef\u00fchl haben, in der besten Gegend zu wohnen. Und auch wenn S\u00fcdbayern eine der k\u00fchlsten und regenreichsten Regionen Deutschlands ist, das Image vom \u201eS\u00fcden\u201c und der hohen Freizeitqualit\u00e4t mu\u00df aufrecht erhalten werden. Und da braucht es einen Gegenpol: Nordbayern.<\/p>\n<p><strong>Ein sch\u00f6nes Beispiel f\u00fcr subjektiven Journalismus, der alles so darstellen kann wie man es jeweils w\u00fcnscht.<\/strong> Wen wundert es dann noch, dass immer mehr an \u201eL\u00fcgenpresse\u201c glauben. Traurig dass die S\u00fcddeutsche Zeitung so etwas bef\u00f6rdert.<\/p>\n<p>Und wer mehr zum Thema wissen will, dem sei folgende Seite empfohlen: \u201e<em>Deutschlands wahres Klima<\/em>\u201c (<a href=\"https:\/\/www.spiegel.de\/wissenschaft\/natur\/neue-daten-fuer-alle-regionen-deutschlands-wahres-klima-a-700267.html\" target=\"_blank\" rel=\"noopener noreferrer\">Spiegel-Bericht vom 21.06.2010<\/a>)<\/p>\n<p>Guido Bauernschmitt<br \/>\n(alle Karten mit Genehmigung von <a href=\"https:\/\/www.wetteronline.de\/\" target=\"_blank\" rel=\"noopener noreferrer\">www.wetteronline.de<\/a>)<\/p>\n<div class=\"sharedaddy sd-sharing-enabled\"><div class=\"robots-nocontent sd-block sd-social sd-social-icon sd-sharing\"><h3 class=\"sd-title\">Share this:<\/h3><div class=\"sd-content\"><ul><li class=\"share-print\"><a rel=\"nofollow noopener noreferrer\" data-shared=\"\" class=\"share-print sd-button share-icon no-text\" href=\"https:\/\/www.bayern-wolln-mer.net\/blog\/index.php\/archives\/franken-bayern\/1626-raetselhafter-klimawandel-in-bayern.html\" target=\"_blank\" title=\"Klicken zum Ausdrucken\"><span><\/span><span class=\"sharing-screen-reader-text\">Klicken zum Ausdrucken (Wird in neuem Fenster ge\u00f6ffnet)<\/span><\/a><\/li><li class=\"share-email\"><a rel=\"nofollow noopener noreferrer\" data-shared=\"\" class=\"share-email sd-button share-icon no-text\" href=\"https:\/\/www.bayern-wolln-mer.net\/blog\/index.php\/archives\/franken-bayern\/1626-raetselhafter-klimawandel-in-bayern.html?share=email\" target=\"_blank\" title=\"Klick, um dies einem Freund per E-Mail zu senden\"><span><\/span><span class=\"sharing-screen-reader-text\">Klick, um dies einem Freund per E-Mail zu senden (Wird in neuem Fenster ge\u00f6ffnet)<\/span><\/a><\/li><li class=\"share-twitter\"><a rel=\"nofollow noopener noreferrer\" data-shared=\"sharing-twitter-1626\" class=\"share-twitter sd-button share-icon no-text\" href=\"https:\/\/www.bayern-wolln-mer.net\/blog\/index.php\/archives\/franken-bayern\/1626-raetselhafter-klimawandel-in-bayern.html?share=twitter\" target=\"_blank\" title=\"Klick, um \u00fcber Twitter zu teilen\"><span><\/span><span class=\"sharing-screen-reader-text\">Klick, um \u00fcber Twitter zu teilen (Wird in neuem Fenster ge\u00f6ffnet)<\/span><\/a><\/li><li class=\"share-jetpack-whatsapp\"><a rel=\"nofollow noopener noreferrer\" data-shared=\"\" class=\"share-jetpack-whatsapp sd-button share-icon no-text\" href=\"https:\/\/www.bayern-wolln-mer.net\/blog\/index.php\/archives\/franken-bayern\/1626-raetselhafter-klimawandel-in-bayern.html?share=jetpack-whatsapp\" target=\"_blank\" title=\"Klicken, um auf WhatsApp zu teilen\"><span><\/span><span class=\"sharing-screen-reader-text\">Klicken, um auf WhatsApp zu teilen (Wird in neuem Fenster ge\u00f6ffnet)<\/span><\/a><\/li><li class=\"share-linkedin\"><a rel=\"nofollow noopener noreferrer\" data-shared=\"sharing-linkedin-1626\" class=\"share-linkedin sd-button share-icon no-text\" href=\"https:\/\/www.bayern-wolln-mer.net\/blog\/index.php\/archives\/franken-bayern\/1626-raetselhafter-klimawandel-in-bayern.html?share=linkedin\" target=\"_blank\" title=\"Klick, um auf LinkedIn zu teilen\"><span><\/span><span class=\"sharing-screen-reader-text\">Klick, um auf LinkedIn zu teilen (Wird in neuem Fenster ge\u00f6ffnet)<\/span><\/a><\/li><li class=\"share-reddit\"><a rel=\"nofollow noopener noreferrer\" data-shared=\"\" class=\"share-reddit sd-button share-icon no-text\" href=\"https:\/\/www.bayern-wolln-mer.net\/blog\/index.php\/archives\/franken-bayern\/1626-raetselhafter-klimawandel-in-bayern.html?share=reddit\" target=\"_blank\" title=\"Klick, um auf Reddit zu teilen\"><span><\/span><span class=\"sharing-screen-reader-text\">Klick, um auf Reddit zu teilen (Wird in neuem Fenster ge\u00f6ffnet)<\/span><\/a><\/li><li class=\"share-tumblr\"><a rel=\"nofollow noopener noreferrer\" data-shared=\"\" class=\"share-tumblr sd-button share-icon no-text\" href=\"https:\/\/www.bayern-wolln-mer.net\/blog\/index.php\/archives\/franken-bayern\/1626-raetselhafter-klimawandel-in-bayern.html?share=tumblr\" target=\"_blank\" title=\"Klick, um auf Tumblr zu teilen\"><span><\/span><span class=\"sharing-screen-reader-text\">Klick, um auf Tumblr zu teilen (Wird in neuem Fenster ge\u00f6ffnet)<\/span><\/a><\/li><li class=\"share-pinterest\"><a rel=\"nofollow noopener noreferrer\" data-shared=\"sharing-pinterest-1626\" class=\"share-pinterest sd-button share-icon no-text\" href=\"https:\/\/www.bayern-wolln-mer.net\/blog\/index.php\/archives\/franken-bayern\/1626-raetselhafter-klimawandel-in-bayern.html?share=pinterest\" target=\"_blank\" title=\"Klick, um auf Pinterest zu teilen\"><span><\/span><span class=\"sharing-screen-reader-text\">Klick, um auf Pinterest zu teilen (Wird in neuem Fenster ge\u00f6ffnet)<\/span><\/a><\/li><li class=\"share-pocket\"><a rel=\"nofollow noopener noreferrer\" data-shared=\"\" class=\"share-pocket sd-button share-icon no-text\" href=\"https:\/\/www.bayern-wolln-mer.net\/blog\/index.php\/archives\/franken-bayern\/1626-raetselhafter-klimawandel-in-bayern.html?share=pocket\" target=\"_blank\" title=\"Klick, um auf Pocket zu teilen\"><span><\/span><span class=\"sharing-screen-reader-text\">Klick, um auf Pocket zu teilen (Wird in neuem Fenster ge\u00f6ffnet)<\/span><\/a><\/li><li class=\"share-telegram\"><a rel=\"nofollow noopener noreferrer\" data-shared=\"\" class=\"share-telegram sd-button share-icon no-text\" href=\"https:\/\/www.bayern-wolln-mer.net\/blog\/index.php\/archives\/franken-bayern\/1626-raetselhafter-klimawandel-in-bayern.html?share=telegram\" target=\"_blank\" title=\"Klicken, um auf Telegram zu teilen\"><span><\/span><span class=\"sharing-screen-reader-text\">Klicken, um auf Telegram zu teilen (Wird in neuem Fenster ge\u00f6ffnet)<\/span><\/a><\/li><li class=\"share-skype\"><a rel=\"nofollow noopener noreferrer\" data-shared=\"sharing-skype-1626\" class=\"share-skype sd-button share-icon no-text\" href=\"https:\/\/www.bayern-wolln-mer.net\/blog\/index.php\/archives\/franken-bayern\/1626-raetselhafter-klimawandel-in-bayern.html?share=skype\" target=\"_blank\" title=\"Klicken, um in Skype zu teilen\"><span><\/span><span class=\"sharing-screen-reader-text\">Klicken, um in Skype zu teilen (Wird in neuem Fenster ge\u00f6ffnet)<\/span><\/a><\/li><li><a href=\"#\" class=\"sharing-anchor sd-button share-more\"><span>Mehr<\/span><\/a><\/li><li class=\"share-end\"><\/li><\/ul><div class=\"sharing-hidden\"><div class=\"inner\" style=\"display: none;width:150px;\"><ul style=\"background-image:none;\"><li class=\"share-facebook\"><a rel=\"nofollow noopener noreferrer\" data-shared=\"sharing-facebook-1626\" class=\"share-facebook sd-button share-icon no-text\" href=\"https:\/\/www.bayern-wolln-mer.net\/blog\/index.php\/archives\/franken-bayern\/1626-raetselhafter-klimawandel-in-bayern.html?share=facebook\" target=\"_blank\" title=\"Klick, um auf Facebook zu teilen\"><span><\/span><span class=\"sharing-screen-reader-text\">Klick, um auf Facebook zu teilen (Wird in neuem Fenster ge\u00f6ffnet)<\/span><\/a><\/li><li class=\"share-end\"><\/li><\/ul><\/div><\/div><\/div><\/div><\/div>","protected":false},"excerpt":{"rendered":"<p>Betrachtet man die Wettervorhersagen in bayerischen Medien, so f\u00e4llt ein wundersamer Klimawandel auf: die hei\u00dfeste Region Bayerns wird zur k\u00fchlsten und umgekehrt. Beispiel S\u00fcddeutsche Zeitung (SZ): Sie ver\u00f6ffentlicht wochentags eine Temperaturprognose f\u00fcr die n\u00e4chsten Tage f\u00fcr Nord-, Mittel- und S\u00fcdbayern auf. Beispiel die Hitzewelle im Juli 2019. Hier die Abbildung in der Ausgabe der SZ [&hellip;]<\/p>\n<div class=\"sharedaddy sd-sharing-enabled\"><div class=\"robots-nocontent sd-block sd-social sd-social-icon sd-sharing\"><h3 class=\"sd-title\">Share this:<\/h3><div class=\"sd-content\"><ul><li class=\"share-print\"><a rel=\"nofollow noopener noreferrer\" data-shared=\"\" class=\"share-print sd-button share-icon no-text\" href=\"https:\/\/www.bayern-wolln-mer.net\/blog\/index.php\/archives\/franken-bayern\/1626-raetselhafter-klimawandel-in-bayern.html\" target=\"_blank\" title=\"Klicken zum Ausdrucken\"><span><\/span><span class=\"sharing-screen-reader-text\">Klicken zum Ausdrucken (Wird in neuem Fenster ge\u00f6ffnet)<\/span><\/a><\/li><li class=\"share-email\"><a rel=\"nofollow noopener noreferrer\" data-shared=\"\" class=\"share-email sd-button share-icon no-text\" href=\"https:\/\/www.bayern-wolln-mer.net\/blog\/index.php\/archives\/franken-bayern\/1626-raetselhafter-klimawandel-in-bayern.html?share=email\" target=\"_blank\" title=\"Klick, um dies einem Freund per E-Mail zu senden\"><span><\/span><span class=\"sharing-screen-reader-text\">Klick, um dies einem Freund per E-Mail zu senden (Wird in neuem Fenster ge\u00f6ffnet)<\/span><\/a><\/li><li class=\"share-twitter\"><a rel=\"nofollow noopener noreferrer\" data-shared=\"sharing-twitter-1626\" class=\"share-twitter sd-button share-icon no-text\" href=\"https:\/\/www.bayern-wolln-mer.net\/blog\/index.php\/archives\/franken-bayern\/1626-raetselhafter-klimawandel-in-bayern.html?share=twitter\" target=\"_blank\" title=\"Klick, um \u00fcber Twitter zu teilen\"><span><\/span><span class=\"sharing-screen-reader-text\">Klick, um \u00fcber Twitter zu teilen (Wird in neuem Fenster ge\u00f6ffnet)<\/span><\/a><\/li><li class=\"share-jetpack-whatsapp\"><a rel=\"nofollow noopener noreferrer\" data-shared=\"\" class=\"share-jetpack-whatsapp sd-button share-icon no-text\" href=\"https:\/\/www.bayern-wolln-mer.net\/blog\/index.php\/archives\/franken-bayern\/1626-raetselhafter-klimawandel-in-bayern.html?share=jetpack-whatsapp\" target=\"_blank\" title=\"Klicken, um auf WhatsApp zu teilen\"><span><\/span><span class=\"sharing-screen-reader-text\">Klicken, um auf WhatsApp zu teilen (Wird in neuem Fenster ge\u00f6ffnet)<\/span><\/a><\/li><li class=\"share-linkedin\"><a rel=\"nofollow noopener noreferrer\" data-shared=\"sharing-linkedin-1626\" class=\"share-linkedin sd-button share-icon no-text\" href=\"https:\/\/www.bayern-wolln-mer.net\/blog\/index.php\/archives\/franken-bayern\/1626-raetselhafter-klimawandel-in-bayern.html?share=linkedin\" target=\"_blank\" title=\"Klick, um auf LinkedIn zu teilen\"><span><\/span><span class=\"sharing-screen-reader-text\">Klick, um auf LinkedIn zu teilen (Wird in neuem Fenster ge\u00f6ffnet)<\/span><\/a><\/li><li class=\"share-reddit\"><a rel=\"nofollow noopener noreferrer\" data-shared=\"\" class=\"share-reddit sd-button share-icon no-text\" href=\"https:\/\/www.bayern-wolln-mer.net\/blog\/index.php\/archives\/franken-bayern\/1626-raetselhafter-klimawandel-in-bayern.html?share=reddit\" target=\"_blank\" title=\"Klick, um auf Reddit zu teilen\"><span><\/span><span class=\"sharing-screen-reader-text\">Klick, um auf Reddit zu teilen (Wird in neuem Fenster ge\u00f6ffnet)<\/span><\/a><\/li><li class=\"share-tumblr\"><a rel=\"nofollow noopener noreferrer\" data-shared=\"\" class=\"share-tumblr sd-button share-icon no-text\" href=\"https:\/\/www.bayern-wolln-mer.net\/blog\/index.php\/archives\/franken-bayern\/1626-raetselhafter-klimawandel-in-bayern.html?share=tumblr\" target=\"_blank\" title=\"Klick, um auf Tumblr zu teilen\"><span><\/span><span class=\"sharing-screen-reader-text\">Klick, um auf Tumblr zu teilen (Wird in neuem Fenster ge\u00f6ffnet)<\/span><\/a><\/li><li class=\"share-pinterest\"><a rel=\"nofollow noopener noreferrer\" data-shared=\"sharing-pinterest-1626\" class=\"share-pinterest sd-button share-icon no-text\" href=\"https:\/\/www.bayern-wolln-mer.net\/blog\/index.php\/archives\/franken-bayern\/1626-raetselhafter-klimawandel-in-bayern.html?share=pinterest\" target=\"_blank\" title=\"Klick, um auf Pinterest zu teilen\"><span><\/span><span class=\"sharing-screen-reader-text\">Klick, um auf Pinterest zu teilen (Wird in neuem Fenster ge\u00f6ffnet)<\/span><\/a><\/li><li class=\"share-pocket\"><a rel=\"nofollow noopener noreferrer\" data-shared=\"\" class=\"share-pocket sd-button share-icon no-text\" href=\"https:\/\/www.bayern-wolln-mer.net\/blog\/index.php\/archives\/franken-bayern\/1626-raetselhafter-klimawandel-in-bayern.html?share=pocket\" target=\"_blank\" title=\"Klick, um auf Pocket zu teilen\"><span><\/span><span class=\"sharing-screen-reader-text\">Klick, um auf Pocket zu teilen (Wird in neuem Fenster ge\u00f6ffnet)<\/span><\/a><\/li><li class=\"share-telegram\"><a rel=\"nofollow noopener noreferrer\" data-shared=\"\" class=\"share-telegram sd-button share-icon no-text\" href=\"https:\/\/www.bayern-wolln-mer.net\/blog\/index.php\/archives\/franken-bayern\/1626-raetselhafter-klimawandel-in-bayern.html?share=telegram\" target=\"_blank\" title=\"Klicken, um auf Telegram zu teilen\"><span><\/span><span class=\"sharing-screen-reader-text\">Klicken, um auf Telegram zu teilen (Wird in neuem Fenster ge\u00f6ffnet)<\/span><\/a><\/li><li class=\"share-skype\"><a rel=\"nofollow noopener noreferrer\" data-shared=\"sharing-skype-1626\" class=\"share-skype sd-button share-icon no-text\" href=\"https:\/\/www.bayern-wolln-mer.net\/blog\/index.php\/archives\/franken-bayern\/1626-raetselhafter-klimawandel-in-bayern.html?share=skype\" target=\"_blank\" title=\"Klicken, um in Skype zu teilen\"><span><\/span><span class=\"sharing-screen-reader-text\">Klicken, um in Skype zu teilen (Wird in neuem Fenster ge\u00f6ffnet)<\/span><\/a><\/li><li><a href=\"#\" class=\"sharing-anchor sd-button share-more\"><span>Mehr<\/span><\/a><\/li><li class=\"share-end\"><\/li><\/ul><div class=\"sharing-hidden\"><div class=\"inner\" style=\"display: none;width:150px;\"><ul style=\"background-image:none;\"><li class=\"share-facebook\"><a rel=\"nofollow noopener noreferrer\" data-shared=\"sharing-facebook-1626\" class=\"share-facebook sd-button share-icon no-text\" href=\"https:\/\/www.bayern-wolln-mer.net\/blog\/index.php\/archives\/franken-bayern\/1626-raetselhafter-klimawandel-in-bayern.html?share=facebook\" target=\"_blank\" title=\"Klick, um auf Facebook zu teilen\"><span><\/span><span class=\"sharing-screen-reader-text\">Klick, um auf Facebook zu teilen (Wird in neuem Fenster ge\u00f6ffnet)<\/span><\/a><\/li><li class=\"share-end\"><\/li><\/ul><\/div><\/div><\/div><\/div><\/div>","protected":false},"author":3,"featured_media":0,"comment_status":"open","ping_status":"open","sticky":false,"template":"","format":"standard","meta":{"spay_email":"","jetpack_publicize_message":""},"categories":[4],"tags":[215,88,213,209,214,212,211,210],"jetpack_featured_media_url":"","jetpack_publicize_connections":[],"yoast_head":"<!-- This site is optimized with the Yoast SEO plugin v18.2 - https:\/\/yoast.com\/wordpress\/plugins\/seo\/ -->\n<meta name=\"robots\" content=\"index, follow, max-snippet:-1, max-image-preview:large, max-video-preview:-1\" \/>\n<link rel=\"canonical\" href=\"https:\/\/www.bayern-wolln-mer.net\/blog\/index.php\/archives\/franken-bayern\/1626-raetselhafter-klimawandel-in-bayern.html\" \/>\n<meta property=\"og:locale\" content=\"de_DE\" \/>\n<meta property=\"og:type\" content=\"article\" \/>\n<meta property=\"og:title\" content=\"R\u00e4tselhafter Klimawandel in Bayern - Bayern-wolln-mer.net\" \/>\n<meta property=\"og:description\" content=\"Betrachtet man die Wettervorhersagen in bayerischen Medien, so f\u00e4llt ein wundersamer Klimawandel auf: die hei\u00dfeste Region Bayerns wird zur k\u00fchlsten und umgekehrt. Beispiel S\u00fcddeutsche Zeitung (SZ): Sie ver\u00f6ffentlicht wochentags eine Temperaturprognose f\u00fcr die n\u00e4chsten Tage f\u00fcr Nord-, Mittel- und S\u00fcdbayern auf. Beispiel die Hitzewelle im Juli 2019. Hier die Abbildung in der Ausgabe der SZ [&hellip;]\" \/>\n<meta property=\"og:url\" content=\"https:\/\/www.bayern-wolln-mer.net\/blog\/index.php\/archives\/franken-bayern\/1626-raetselhafter-klimawandel-in-bayern.html\" \/>\n<meta property=\"og:site_name\" content=\"Bayern-wolln-mer.net\" \/>\n<meta property=\"article:published_time\" content=\"2020-02-22T10:55:37+00:00\" \/>\n<meta property=\"article:modified_time\" content=\"2020-02-24T09:14:10+00:00\" \/>\n<meta property=\"og:image\" content=\"https:\/\/i0.wp.com\/www.bayern-wolln-mer.net\/blog\/wp-content\/uploads\/2020\/02\/wetteronline.png?fit=756%2C726&#038;ssl=1\" \/>\n\t<meta property=\"og:image:width\" content=\"756\" \/>\n\t<meta property=\"og:image:height\" content=\"726\" \/>\n\t<meta property=\"og:image:type\" content=\"image\/png\" \/>\n<meta name=\"twitter:card\" content=\"summary_large_image\" \/>\n<meta name=\"twitter:image\" content=\"https:\/\/i0.wp.com\/www.bayern-wolln-mer.net\/blog\/wp-content\/uploads\/2020\/02\/wetteronline.png?fit=756%2C726&amp;ssl=1\" \/>\n<meta name=\"twitter:label1\" content=\"Verfasst von\" \/>\n\t<meta name=\"twitter:data1\" content=\"Andreas Brandl\" \/>\n\t<meta name=\"twitter:label2\" content=\"Gesch\u00e4tzte Lesezeit\" \/>\n\t<meta name=\"twitter:data2\" content=\"4\u00a0Minuten\" \/>\n<script type=\"application\/ld+json\" class=\"yoast-schema-graph\">{\"@context\":\"https:\/\/schema.org\",\"@graph\":[{\"@type\":\"WebSite\",\"@id\":\"https:\/\/www.bayern-wolln-mer.net\/blog\/#website\",\"url\":\"https:\/\/www.bayern-wolln-mer.net\/blog\/\",\"name\":\"Bayern-wolln-mer.net\",\"description\":\"Frankenblog! Frei statt Bayern! Freiheit f\u00fcr Franken!\",\"potentialAction\":[{\"@type\":\"SearchAction\",\"target\":{\"@type\":\"EntryPoint\",\"urlTemplate\":\"https:\/\/www.bayern-wolln-mer.net\/blog\/?s={search_term_string}\"},\"query-input\":\"required name=search_term_string\"}],\"inLanguage\":\"de\"},{\"@type\":\"ImageObject\",\"@id\":\"https:\/\/www.bayern-wolln-mer.net\/blog\/index.php\/archives\/franken-bayern\/1626-raetselhafter-klimawandel-in-bayern.html#primaryimage\",\"inLanguage\":\"de\",\"url\":\"https:\/\/i0.wp.com\/www.bayern-wolln-mer.net\/blog\/wp-content\/uploads\/2020\/02\/wetteronline.png?fit=756%2C726&ssl=1\",\"contentUrl\":\"https:\/\/i0.wp.com\/www.bayern-wolln-mer.net\/blog\/wp-content\/uploads\/2020\/02\/wetteronline.png?fit=756%2C726&ssl=1\",\"width\":756,\"height\":726},{\"@type\":\"WebPage\",\"@id\":\"https:\/\/www.bayern-wolln-mer.net\/blog\/index.php\/archives\/franken-bayern\/1626-raetselhafter-klimawandel-in-bayern.html#webpage\",\"url\":\"https:\/\/www.bayern-wolln-mer.net\/blog\/index.php\/archives\/franken-bayern\/1626-raetselhafter-klimawandel-in-bayern.html\",\"name\":\"R\u00e4tselhafter Klimawandel in Bayern - Bayern-wolln-mer.net\",\"isPartOf\":{\"@id\":\"https:\/\/www.bayern-wolln-mer.net\/blog\/#website\"},\"primaryImageOfPage\":{\"@id\":\"https:\/\/www.bayern-wolln-mer.net\/blog\/index.php\/archives\/franken-bayern\/1626-raetselhafter-klimawandel-in-bayern.html#primaryimage\"},\"datePublished\":\"2020-02-22T10:55:37+00:00\",\"dateModified\":\"2020-02-24T09:14:10+00:00\",\"author\":{\"@id\":\"https:\/\/www.bayern-wolln-mer.net\/blog\/#\/schema\/person\/b9fcf524d723fdb81f40a1bed0e52f96\"},\"breadcrumb\":{\"@id\":\"https:\/\/www.bayern-wolln-mer.net\/blog\/index.php\/archives\/franken-bayern\/1626-raetselhafter-klimawandel-in-bayern.html#breadcrumb\"},\"inLanguage\":\"de\",\"potentialAction\":[{\"@type\":\"ReadAction\",\"target\":[\"https:\/\/www.bayern-wolln-mer.net\/blog\/index.php\/archives\/franken-bayern\/1626-raetselhafter-klimawandel-in-bayern.html\"]}]},{\"@type\":\"BreadcrumbList\",\"@id\":\"https:\/\/www.bayern-wolln-mer.net\/blog\/index.php\/archives\/franken-bayern\/1626-raetselhafter-klimawandel-in-bayern.html#breadcrumb\",\"itemListElement\":[{\"@type\":\"ListItem\",\"position\":1,\"name\":\"Startseite\",\"item\":\"https:\/\/www.bayern-wolln-mer.net\/blog\"},{\"@type\":\"ListItem\",\"position\":2,\"name\":\"R\u00e4tselhafter Klimawandel in Bayern\"}]},{\"@type\":\"Person\",\"@id\":\"https:\/\/www.bayern-wolln-mer.net\/blog\/#\/schema\/person\/b9fcf524d723fdb81f40a1bed0e52f96\",\"name\":\"Andreas Brandl\",\"image\":{\"@type\":\"ImageObject\",\"@id\":\"https:\/\/www.bayern-wolln-mer.net\/blog\/#personlogo\",\"inLanguage\":\"de\",\"url\":\"https:\/\/secure.gravatar.com\/avatar\/7c2e8ddf168a4d43fa09a0495da2d513?s=96&d=mm&r=g\",\"contentUrl\":\"https:\/\/secure.gravatar.com\/avatar\/7c2e8ddf168a4d43fa09a0495da2d513?s=96&d=mm&r=g\",\"caption\":\"Andreas Brandl\"},\"sameAs\":[\"https:\/\/www.bayern-wolln-mer.net\"],\"url\":\"https:\/\/www.bayern-wolln-mer.net\/blog\/index.php\/archives\/author\/andy\"}]}<\/script>\n<!-- \/ Yoast SEO plugin. -->","yoast_head_json":{"robots":{"index":"index","follow":"follow","max-snippet":"max-snippet:-1","max-image-preview":"max-image-preview:large","max-video-preview":"max-video-preview:-1"},"canonical":"https:\/\/www.bayern-wolln-mer.net\/blog\/index.php\/archives\/franken-bayern\/1626-raetselhafter-klimawandel-in-bayern.html","og_locale":"de_DE","og_type":"article","og_title":"R\u00e4tselhafter Klimawandel in Bayern - Bayern-wolln-mer.net","og_description":"Betrachtet man die Wettervorhersagen in bayerischen Medien, so f\u00e4llt ein wundersamer Klimawandel auf: die hei\u00dfeste Region Bayerns wird zur k\u00fchlsten und umgekehrt. Beispiel S\u00fcddeutsche Zeitung (SZ): Sie ver\u00f6ffentlicht wochentags eine Temperaturprognose f\u00fcr die n\u00e4chsten Tage f\u00fcr Nord-, Mittel- und S\u00fcdbayern auf. Beispiel die Hitzewelle im Juli 2019. Hier die Abbildung in der Ausgabe der SZ [&hellip;]","og_url":"https:\/\/www.bayern-wolln-mer.net\/blog\/index.php\/archives\/franken-bayern\/1626-raetselhafter-klimawandel-in-bayern.html","og_site_name":"Bayern-wolln-mer.net","article_published_time":"2020-02-22T10:55:37+00:00","article_modified_time":"2020-02-24T09:14:10+00:00","og_image":[{"width":756,"height":726,"url":"https:\/\/i0.wp.com\/www.bayern-wolln-mer.net\/blog\/wp-content\/uploads\/2020\/02\/wetteronline.png?fit=756%2C726&ssl=1","type":"image\/png"}],"twitter_card":"summary_large_image","twitter_image":"https:\/\/i0.wp.com\/www.bayern-wolln-mer.net\/blog\/wp-content\/uploads\/2020\/02\/wetteronline.png?fit=756%2C726&ssl=1","twitter_misc":{"Verfasst von":"Andreas Brandl","Gesch\u00e4tzte Lesezeit":"4\u00a0Minuten"},"schema":{"@context":"https:\/\/schema.org","@graph":[{"@type":"WebSite","@id":"https:\/\/www.bayern-wolln-mer.net\/blog\/#website","url":"https:\/\/www.bayern-wolln-mer.net\/blog\/","name":"Bayern-wolln-mer.net","description":"Frankenblog! Frei statt Bayern! Freiheit f\u00fcr Franken!","potentialAction":[{"@type":"SearchAction","target":{"@type":"EntryPoint","urlTemplate":"https:\/\/www.bayern-wolln-mer.net\/blog\/?s={search_term_string}"},"query-input":"required name=search_term_string"}],"inLanguage":"de"},{"@type":"ImageObject","@id":"https:\/\/www.bayern-wolln-mer.net\/blog\/index.php\/archives\/franken-bayern\/1626-raetselhafter-klimawandel-in-bayern.html#primaryimage","inLanguage":"de","url":"https:\/\/i0.wp.com\/www.bayern-wolln-mer.net\/blog\/wp-content\/uploads\/2020\/02\/wetteronline.png?fit=756%2C726&ssl=1","contentUrl":"https:\/\/i0.wp.com\/www.bayern-wolln-mer.net\/blog\/wp-content\/uploads\/2020\/02\/wetteronline.png?fit=756%2C726&ssl=1","width":756,"height":726},{"@type":"WebPage","@id":"https:\/\/www.bayern-wolln-mer.net\/blog\/index.php\/archives\/franken-bayern\/1626-raetselhafter-klimawandel-in-bayern.html#webpage","url":"https:\/\/www.bayern-wolln-mer.net\/blog\/index.php\/archives\/franken-bayern\/1626-raetselhafter-klimawandel-in-bayern.html","name":"R\u00e4tselhafter Klimawandel in Bayern - Bayern-wolln-mer.net","isPartOf":{"@id":"https:\/\/www.bayern-wolln-mer.net\/blog\/#website"},"primaryImageOfPage":{"@id":"https:\/\/www.bayern-wolln-mer.net\/blog\/index.php\/archives\/franken-bayern\/1626-raetselhafter-klimawandel-in-bayern.html#primaryimage"},"datePublished":"2020-02-22T10:55:37+00:00","dateModified":"2020-02-24T09:14:10+00:00","author":{"@id":"https:\/\/www.bayern-wolln-mer.net\/blog\/#\/schema\/person\/b9fcf524d723fdb81f40a1bed0e52f96"},"breadcrumb":{"@id":"https:\/\/www.bayern-wolln-mer.net\/blog\/index.php\/archives\/franken-bayern\/1626-raetselhafter-klimawandel-in-bayern.html#breadcrumb"},"inLanguage":"de","potentialAction":[{"@type":"ReadAction","target":["https:\/\/www.bayern-wolln-mer.net\/blog\/index.php\/archives\/franken-bayern\/1626-raetselhafter-klimawandel-in-bayern.html"]}]},{"@type":"BreadcrumbList","@id":"https:\/\/www.bayern-wolln-mer.net\/blog\/index.php\/archives\/franken-bayern\/1626-raetselhafter-klimawandel-in-bayern.html#breadcrumb","itemListElement":[{"@type":"ListItem","position":1,"name":"Startseite","item":"https:\/\/www.bayern-wolln-mer.net\/blog"},{"@type":"ListItem","position":2,"name":"R\u00e4tselhafter Klimawandel in Bayern"}]},{"@type":"Person","@id":"https:\/\/www.bayern-wolln-mer.net\/blog\/#\/schema\/person\/b9fcf524d723fdb81f40a1bed0e52f96","name":"Andreas Brandl","image":{"@type":"ImageObject","@id":"https:\/\/www.bayern-wolln-mer.net\/blog\/#personlogo","inLanguage":"de","url":"https:\/\/secure.gravatar.com\/avatar\/7c2e8ddf168a4d43fa09a0495da2d513?s=96&d=mm&r=g","contentUrl":"https:\/\/secure.gravatar.com\/avatar\/7c2e8ddf168a4d43fa09a0495da2d513?s=96&d=mm&r=g","caption":"Andreas Brandl"},"sameAs":["https:\/\/www.bayern-wolln-mer.net"],"url":"https:\/\/www.bayern-wolln-mer.net\/blog\/index.php\/archives\/author\/andy"}]}},"jetpack_sharing_enabled":true,"jetpack_shortlink":"https:\/\/wp.me\/p7UoAp-qe","jetpack-related-posts":[],"_links":{"self":[{"href":"https:\/\/www.bayern-wolln-mer.net\/blog\/index.php\/wp-json\/wp\/v2\/posts\/1626"}],"collection":[{"href":"https:\/\/www.bayern-wolln-mer.net\/blog\/index.php\/wp-json\/wp\/v2\/posts"}],"about":[{"href":"https:\/\/www.bayern-wolln-mer.net\/blog\/index.php\/wp-json\/wp\/v2\/types\/post"}],"author":[{"embeddable":true,"href":"https:\/\/www.bayern-wolln-mer.net\/blog\/index.php\/wp-json\/wp\/v2\/users\/3"}],"replies":[{"embeddable":true,"href":"https:\/\/www.bayern-wolln-mer.net\/blog\/index.php\/wp-json\/wp\/v2\/comments?post=1626"}],"version-history":[{"count":19,"href":"https:\/\/www.bayern-wolln-mer.net\/blog\/index.php\/wp-json\/wp\/v2\/posts\/1626\/revisions"}],"predecessor-version":[{"id":1653,"href":"https:\/\/www.bayern-wolln-mer.net\/blog\/index.php\/wp-json\/wp\/v2\/posts\/1626\/revisions\/1653"}],"wp:attachment":[{"href":"https:\/\/www.bayern-wolln-mer.net\/blog\/index.php\/wp-json\/wp\/v2\/media?parent=1626"}],"wp:term":[{"taxonomy":"category","embeddable":true,"href":"https:\/\/www.bayern-wolln-mer.net\/blog\/index.php\/wp-json\/wp\/v2\/categories?post=1626"},{"taxonomy":"post_tag","embeddable":true,"href":"https:\/\/www.bayern-wolln-mer.net\/blog\/index.php\/wp-json\/wp\/v2\/tags?post=1626"}],"curies":[{"name":"wp","href":"https:\/\/api.w.org\/{rel}","templated":true}]}}