{"id":194,"date":"2008-11-28T19:11:31","date_gmt":"2008-11-28T18:11:31","guid":{"rendered":"http:\/\/www.bayern-wolln-mer.net\/blog\/index.php\/archives\/naemberch\/194-der-prolog-zur-christkindlesmarkteroeffnung.html"},"modified":"2009-09-03T09:55:20","modified_gmt":"2009-09-03T07:55:20","slug":"der-prolog-zur-christkindlesmarkteroeffnung","status":"publish","type":"post","link":"https:\/\/www.bayern-wolln-mer.net\/blog\/index.php\/archives\/naemberch\/194-der-prolog-zur-christkindlesmarkteroeffnung.html","title":{"rendered":"Der Prolog zur Christkindlesmarkter\u00f6ffnung"},"content":{"rendered":"<p>Heute hat <a href=\"https:\/\/www.bayern-wolln-mer.net\/blog\/index.php\/archives\/naemberch\/113-rebekka-volland-ist-das-neue-christkind.html\" target=\"_blank\">Rebekka Volland<\/a> zum zweiten (und f\u00fcr sie letzten) Mal den weltber\u00fchmten <strong>N\u00fcrnberger Christkindlesmarkt<\/strong> er\u00f6ffnet. Vor tausenden Zuschauern trug sie den traditionellen <a href=\"https:\/\/www.br-online.de\/land-und-leute\/thema\/christkindlesmarkt\/prolog.xml\" target=\"_blank\">Prolog <\/a> (<a href=\"https:\/\/www.br-online.de\/studio-franken\/frankenkult\/nuernberger-christkindlesmarkt-DID121632502246688\/christkindlesmarkt-nuernberg-prolog-ID671216324986898474.xml\" target=\"_blank\">seit 1948<\/a>) fehlerfrei vor. Der Bayerische Rundfunk \u00fcbertrug live &#8211; das Franken Fernsehen (Franken TV) brachte zu meiner Verwunderung etwas anderes!<\/p>\n<p>Komisch, in letzter Zeit werden die <a href=\"https:\/\/www.n-town.de\/glubbblog\/index.php\/archives\/glubb-news\/92-sind-1-fc-nuernberg-handball-damen-gerettet.html\" target=\"_blank\">Handball-Damen<\/a> des <a href=\"https:\/\/www.n-town.de\" target=\"_blank\">FCN<\/a> \u00fcbertragen, aber hier schalten sie nicht hin&#8230;<\/p>\n<p>Dabei habe ich aber bemerkt, dass <strong>Wikipedia <\/strong>unter <a href=\"https:\/\/de.wikipedia.org\/wiki\/Prolog\" target=\"_blank\">Prolog<\/a> nicht die Rede des N\u00fcrnberger Christkinds auff\u00fchrt! Nicht mal unter <a href=\"https:\/\/de.wikipedia.org\/wiki\/Christkind\" target=\"_blank\">Christkind<\/a> wird man f\u00fcndig &#8211; erst unter <a href=\"https:\/\/de.wikipedia.org\/wiki\/Christkindlesmarkt\" target=\"_blank\">N\u00fcrnberger Christkindlesmarkt<\/a> wird es kurz erw\u00e4hnt. Das muss doch mal ge\u00e4ndert werden! (<strong>Update:<\/strong> Meine \u00c4nderungen auf Wikipedia wurden \u00fcbernommen!!)<\/p>\n<p>Hier der Text der Er\u00f6ffnungsansprache N\u00fcrnberger Christkinds:<\/p>\n<p><em>Ihr Herrn und Frauen, die Ihr einst Kinder wart,<br \/>\nihr Kleinen am Beginn der Lebensfahrt,<br \/>\nein jeder, der sich heute freut und morgen wieder plagt,<br \/>\nh\u00f6rt alle zu, was Euch das Christkind sagt!<\/em><\/p>\n<p><em>In jedem Jahr, vier Wochen vor der Zeit,<\/em><br \/>\n<em>da man den Christbaum schm\u00fcckt und sich aufs Feiern freut,<\/em><br \/>\n<em>ersteht auf diesem Platz, der Ahn hat&#8217;s schon gekannt,<\/em><br \/>\n<em>was Ihr hier seht, Christkindlesmarkt genannt.<\/em><\/p>\n<p><em>Dies St\u00e4dtlein in der Stadt, aus Holz und Tuch gemacht,<\/em><br \/>\n<em>so fl\u00fcchtig, wie es scheint, in seiner kurzen Pracht,<\/em><br \/>\n<em>ist doch von Ewigkeit. Mein Markt bleibt immer jung,<\/em><br \/>\n<em>so lange es N\u00fcrnberg gibt und die Erinnerung.<\/em><\/p>\n<p><em>Denn alt und jung zugleich ist N\u00fcrnbergs Angesicht,<br \/>\ndas viele Z\u00fcge tr\u00e4gt. Ihr z\u00e4hlt sie alle nicht!<br \/>\nDa ist der edle Platz, doch ihm sind zugesellt<br \/>\nHochh\u00e4user dieses Tags, Fabriken dieser Welt.<\/em><\/p>\n<p><em>Die neue Stadt im Gr\u00fcn. Und doch bleibt&#8217;s alle Zeit,<br \/>\nIhr Herrn und Frau\u00b4n: Das N\u00fcrnberg, das Ihr seid.<\/em><\/p>\n<p><em>Am Saum des Jahres steht nun bald der Tag,<br \/>\nan dem man selbst sich w\u00fcnschen und andern schenken mag.<\/em><\/p>\n<p><em>Doch leuchtet der Markt im Licht weit und breit,<br \/>\nSchmuck, Kugeln und selige Weihnachtszeit,<br \/>\ndann vergesst nicht, Ihr Herrn und Frau&#8217;n und bedenkt:<br \/>\nWer alles schon hat, der braucht nichts geschenkt.<\/em><\/p>\n<p><em>Die Kinder der Welt und die armen Leut,<br \/>\ndie wissen am besten, was Schenken bedeut&#8217;t.<br \/>\nIhr Herrn und Frau\u00b4n, die Ihr einst Kinder wart,<br \/>\nseid es heut\u00b4 wieder, freut Euch in ihrer Art.<\/em><\/p>\n<p><em>Das Christkind l\u00e4dt zu seinem Markte ein,<br \/>\nund wer da kommt, der soll willkommen sein.<\/em><strong><em> <\/em><\/strong><\/p>\n<p>(Text: Friedrich Br\u00f6ger, Sohn des Arbeiterdichters Karl Br\u00f6ger \/ Quelle <a href=\"https:\/\/www.christkindlesmarkt.de\/index.php?navi=1&amp;rid=25\" target=\"_blank\">Christkindlesmarkt.de<\/a>)<\/p>\n<!--YouTube Error: bad URL entered-->\n<div class=\"sharedaddy sd-sharing-enabled\"><div class=\"robots-nocontent sd-block sd-social sd-social-icon sd-sharing\"><h3 class=\"sd-title\">Share this:<\/h3><div class=\"sd-content\"><ul><li class=\"share-print\"><a rel=\"nofollow noopener noreferrer\" data-shared=\"\" class=\"share-print sd-button share-icon no-text\" href=\"https:\/\/www.bayern-wolln-mer.net\/blog\/index.php\/archives\/naemberch\/194-der-prolog-zur-christkindlesmarkteroeffnung.html\" target=\"_blank\" title=\"Klicken zum Ausdrucken\"><span><\/span><span class=\"sharing-screen-reader-text\">Klicken zum Ausdrucken (Wird in neuem Fenster ge\u00f6ffnet)<\/span><\/a><\/li><li class=\"share-email\"><a rel=\"nofollow noopener noreferrer\" data-shared=\"\" class=\"share-email sd-button share-icon no-text\" href=\"https:\/\/www.bayern-wolln-mer.net\/blog\/index.php\/archives\/naemberch\/194-der-prolog-zur-christkindlesmarkteroeffnung.html?share=email\" target=\"_blank\" title=\"Klick, um dies einem Freund per E-Mail zu senden\"><span><\/span><span class=\"sharing-screen-reader-text\">Klick, um dies einem Freund per E-Mail zu senden (Wird in neuem Fenster ge\u00f6ffnet)<\/span><\/a><\/li><li class=\"share-twitter\"><a rel=\"nofollow noopener noreferrer\" data-shared=\"sharing-twitter-194\" class=\"share-twitter sd-button share-icon no-text\" href=\"https:\/\/www.bayern-wolln-mer.net\/blog\/index.php\/archives\/naemberch\/194-der-prolog-zur-christkindlesmarkteroeffnung.html?share=twitter\" target=\"_blank\" title=\"Klick, um \u00fcber Twitter zu teilen\"><span><\/span><span class=\"sharing-screen-reader-text\">Klick, um \u00fcber Twitter zu teilen (Wird in neuem Fenster ge\u00f6ffnet)<\/span><\/a><\/li><li class=\"share-jetpack-whatsapp\"><a rel=\"nofollow noopener noreferrer\" data-shared=\"\" class=\"share-jetpack-whatsapp sd-button share-icon no-text\" href=\"https:\/\/www.bayern-wolln-mer.net\/blog\/index.php\/archives\/naemberch\/194-der-prolog-zur-christkindlesmarkteroeffnung.html?share=jetpack-whatsapp\" target=\"_blank\" title=\"Klicken, um auf WhatsApp zu teilen\"><span><\/span><span class=\"sharing-screen-reader-text\">Klicken, um auf WhatsApp zu teilen (Wird in neuem Fenster ge\u00f6ffnet)<\/span><\/a><\/li><li class=\"share-linkedin\"><a rel=\"nofollow noopener noreferrer\" data-shared=\"sharing-linkedin-194\" class=\"share-linkedin sd-button share-icon no-text\" href=\"https:\/\/www.bayern-wolln-mer.net\/blog\/index.php\/archives\/naemberch\/194-der-prolog-zur-christkindlesmarkteroeffnung.html?share=linkedin\" target=\"_blank\" title=\"Klick, um auf LinkedIn zu teilen\"><span><\/span><span class=\"sharing-screen-reader-text\">Klick, um auf LinkedIn zu teilen (Wird in neuem Fenster ge\u00f6ffnet)<\/span><\/a><\/li><li class=\"share-reddit\"><a rel=\"nofollow noopener noreferrer\" data-shared=\"\" class=\"share-reddit sd-button share-icon no-text\" href=\"https:\/\/www.bayern-wolln-mer.net\/blog\/index.php\/archives\/naemberch\/194-der-prolog-zur-christkindlesmarkteroeffnung.html?share=reddit\" target=\"_blank\" title=\"Klick, um auf Reddit zu teilen\"><span><\/span><span class=\"sharing-screen-reader-text\">Klick, um auf Reddit zu teilen (Wird in neuem Fenster ge\u00f6ffnet)<\/span><\/a><\/li><li class=\"share-tumblr\"><a rel=\"nofollow noopener noreferrer\" data-shared=\"\" class=\"share-tumblr sd-button share-icon no-text\" href=\"https:\/\/www.bayern-wolln-mer.net\/blog\/index.php\/archives\/naemberch\/194-der-prolog-zur-christkindlesmarkteroeffnung.html?share=tumblr\" target=\"_blank\" title=\"Klick, um auf Tumblr zu teilen\"><span><\/span><span class=\"sharing-screen-reader-text\">Klick, um auf Tumblr zu teilen (Wird in neuem Fenster ge\u00f6ffnet)<\/span><\/a><\/li><li class=\"share-pinterest\"><a rel=\"nofollow noopener noreferrer\" data-shared=\"sharing-pinterest-194\" class=\"share-pinterest sd-button share-icon no-text\" href=\"https:\/\/www.bayern-wolln-mer.net\/blog\/index.php\/archives\/naemberch\/194-der-prolog-zur-christkindlesmarkteroeffnung.html?share=pinterest\" target=\"_blank\" title=\"Klick, um auf Pinterest zu teilen\"><span><\/span><span class=\"sharing-screen-reader-text\">Klick, um auf Pinterest zu teilen (Wird in neuem Fenster ge\u00f6ffnet)<\/span><\/a><\/li><li class=\"share-pocket\"><a rel=\"nofollow noopener noreferrer\" data-shared=\"\" class=\"share-pocket sd-button share-icon no-text\" href=\"https:\/\/www.bayern-wolln-mer.net\/blog\/index.php\/archives\/naemberch\/194-der-prolog-zur-christkindlesmarkteroeffnung.html?share=pocket\" target=\"_blank\" title=\"Klick, um auf Pocket zu teilen\"><span><\/span><span class=\"sharing-screen-reader-text\">Klick, um auf Pocket zu teilen (Wird in neuem Fenster ge\u00f6ffnet)<\/span><\/a><\/li><li class=\"share-telegram\"><a rel=\"nofollow noopener noreferrer\" data-shared=\"\" class=\"share-telegram sd-button share-icon no-text\" href=\"https:\/\/www.bayern-wolln-mer.net\/blog\/index.php\/archives\/naemberch\/194-der-prolog-zur-christkindlesmarkteroeffnung.html?share=telegram\" target=\"_blank\" title=\"Klicken, um auf Telegram zu teilen\"><span><\/span><span class=\"sharing-screen-reader-text\">Klicken, um auf Telegram zu teilen (Wird in neuem Fenster ge\u00f6ffnet)<\/span><\/a><\/li><li class=\"share-skype\"><a rel=\"nofollow noopener noreferrer\" data-shared=\"sharing-skype-194\" class=\"share-skype sd-button share-icon no-text\" href=\"https:\/\/www.bayern-wolln-mer.net\/blog\/index.php\/archives\/naemberch\/194-der-prolog-zur-christkindlesmarkteroeffnung.html?share=skype\" target=\"_blank\" title=\"Klicken, um in Skype zu teilen\"><span><\/span><span class=\"sharing-screen-reader-text\">Klicken, um in Skype zu teilen (Wird in neuem Fenster ge\u00f6ffnet)<\/span><\/a><\/li><li><a href=\"#\" class=\"sharing-anchor sd-button share-more\"><span>Mehr<\/span><\/a><\/li><li class=\"share-end\"><\/li><\/ul><div class=\"sharing-hidden\"><div class=\"inner\" style=\"display: none;width:150px;\"><ul style=\"background-image:none;\"><li class=\"share-facebook\"><a rel=\"nofollow noopener noreferrer\" data-shared=\"sharing-facebook-194\" class=\"share-facebook sd-button share-icon no-text\" href=\"https:\/\/www.bayern-wolln-mer.net\/blog\/index.php\/archives\/naemberch\/194-der-prolog-zur-christkindlesmarkteroeffnung.html?share=facebook\" target=\"_blank\" title=\"Klick, um auf Facebook zu teilen\"><span><\/span><span class=\"sharing-screen-reader-text\">Klick, um auf Facebook zu teilen (Wird in neuem Fenster ge\u00f6ffnet)<\/span><\/a><\/li><li class=\"share-end\"><\/li><\/ul><\/div><\/div><\/div><\/div><\/div>","protected":false},"excerpt":{"rendered":"<p>Heute hat Rebekka Volland zum zweiten (und f\u00fcr sie letzten) Mal den weltber\u00fchmten N\u00fcrnberger Christkindlesmarkt er\u00f6ffnet. Vor tausenden Zuschauern trug sie den traditionellen Prolog (seit 1948) fehlerfrei vor. Der Bayerische Rundfunk \u00fcbertrug live &#8211; das Franken Fernsehen (Franken TV) brachte zu meiner Verwunderung etwas anderes! Komisch, in letzter Zeit werden die Handball-Damen des FCN \u00fcbertragen, [&hellip;]<\/p>\n<div class=\"sharedaddy sd-sharing-enabled\"><div class=\"robots-nocontent sd-block sd-social sd-social-icon sd-sharing\"><h3 class=\"sd-title\">Share this:<\/h3><div class=\"sd-content\"><ul><li class=\"share-print\"><a rel=\"nofollow noopener noreferrer\" data-shared=\"\" class=\"share-print sd-button share-icon no-text\" href=\"https:\/\/www.bayern-wolln-mer.net\/blog\/index.php\/archives\/naemberch\/194-der-prolog-zur-christkindlesmarkteroeffnung.html\" target=\"_blank\" title=\"Klicken zum Ausdrucken\"><span><\/span><span class=\"sharing-screen-reader-text\">Klicken zum Ausdrucken (Wird in neuem Fenster ge\u00f6ffnet)<\/span><\/a><\/li><li class=\"share-email\"><a rel=\"nofollow noopener noreferrer\" data-shared=\"\" class=\"share-email sd-button share-icon no-text\" href=\"https:\/\/www.bayern-wolln-mer.net\/blog\/index.php\/archives\/naemberch\/194-der-prolog-zur-christkindlesmarkteroeffnung.html?share=email\" target=\"_blank\" title=\"Klick, um dies einem Freund per E-Mail zu senden\"><span><\/span><span class=\"sharing-screen-reader-text\">Klick, um dies einem Freund per E-Mail zu senden (Wird in neuem Fenster ge\u00f6ffnet)<\/span><\/a><\/li><li class=\"share-twitter\"><a rel=\"nofollow noopener noreferrer\" data-shared=\"sharing-twitter-194\" class=\"share-twitter sd-button share-icon no-text\" href=\"https:\/\/www.bayern-wolln-mer.net\/blog\/index.php\/archives\/naemberch\/194-der-prolog-zur-christkindlesmarkteroeffnung.html?share=twitter\" target=\"_blank\" title=\"Klick, um \u00fcber Twitter zu teilen\"><span><\/span><span class=\"sharing-screen-reader-text\">Klick, um \u00fcber Twitter zu teilen (Wird in neuem Fenster ge\u00f6ffnet)<\/span><\/a><\/li><li class=\"share-jetpack-whatsapp\"><a rel=\"nofollow noopener noreferrer\" data-shared=\"\" class=\"share-jetpack-whatsapp sd-button share-icon no-text\" href=\"https:\/\/www.bayern-wolln-mer.net\/blog\/index.php\/archives\/naemberch\/194-der-prolog-zur-christkindlesmarkteroeffnung.html?share=jetpack-whatsapp\" target=\"_blank\" title=\"Klicken, um auf WhatsApp zu teilen\"><span><\/span><span class=\"sharing-screen-reader-text\">Klicken, um auf WhatsApp zu teilen (Wird in neuem Fenster ge\u00f6ffnet)<\/span><\/a><\/li><li class=\"share-linkedin\"><a rel=\"nofollow noopener noreferrer\" data-shared=\"sharing-linkedin-194\" class=\"share-linkedin sd-button share-icon no-text\" href=\"https:\/\/www.bayern-wolln-mer.net\/blog\/index.php\/archives\/naemberch\/194-der-prolog-zur-christkindlesmarkteroeffnung.html?share=linkedin\" target=\"_blank\" title=\"Klick, um auf LinkedIn zu teilen\"><span><\/span><span class=\"sharing-screen-reader-text\">Klick, um auf LinkedIn zu teilen (Wird in neuem Fenster ge\u00f6ffnet)<\/span><\/a><\/li><li class=\"share-reddit\"><a rel=\"nofollow noopener noreferrer\" data-shared=\"\" class=\"share-reddit sd-button share-icon no-text\" href=\"https:\/\/www.bayern-wolln-mer.net\/blog\/index.php\/archives\/naemberch\/194-der-prolog-zur-christkindlesmarkteroeffnung.html?share=reddit\" target=\"_blank\" title=\"Klick, um auf Reddit zu teilen\"><span><\/span><span class=\"sharing-screen-reader-text\">Klick, um auf Reddit zu teilen (Wird in neuem Fenster ge\u00f6ffnet)<\/span><\/a><\/li><li class=\"share-tumblr\"><a rel=\"nofollow noopener noreferrer\" data-shared=\"\" class=\"share-tumblr sd-button share-icon no-text\" href=\"https:\/\/www.bayern-wolln-mer.net\/blog\/index.php\/archives\/naemberch\/194-der-prolog-zur-christkindlesmarkteroeffnung.html?share=tumblr\" target=\"_blank\" title=\"Klick, um auf Tumblr zu teilen\"><span><\/span><span class=\"sharing-screen-reader-text\">Klick, um auf Tumblr zu teilen (Wird in neuem Fenster ge\u00f6ffnet)<\/span><\/a><\/li><li class=\"share-pinterest\"><a rel=\"nofollow noopener noreferrer\" data-shared=\"sharing-pinterest-194\" class=\"share-pinterest sd-button share-icon no-text\" href=\"https:\/\/www.bayern-wolln-mer.net\/blog\/index.php\/archives\/naemberch\/194-der-prolog-zur-christkindlesmarkteroeffnung.html?share=pinterest\" target=\"_blank\" title=\"Klick, um auf Pinterest zu teilen\"><span><\/span><span class=\"sharing-screen-reader-text\">Klick, um auf Pinterest zu teilen (Wird in neuem Fenster ge\u00f6ffnet)<\/span><\/a><\/li><li class=\"share-pocket\"><a rel=\"nofollow noopener noreferrer\" data-shared=\"\" class=\"share-pocket sd-button share-icon no-text\" href=\"https:\/\/www.bayern-wolln-mer.net\/blog\/index.php\/archives\/naemberch\/194-der-prolog-zur-christkindlesmarkteroeffnung.html?share=pocket\" target=\"_blank\" title=\"Klick, um auf Pocket zu teilen\"><span><\/span><span class=\"sharing-screen-reader-text\">Klick, um auf Pocket zu teilen (Wird in neuem Fenster ge\u00f6ffnet)<\/span><\/a><\/li><li class=\"share-telegram\"><a rel=\"nofollow noopener noreferrer\" data-shared=\"\" class=\"share-telegram sd-button share-icon no-text\" href=\"https:\/\/www.bayern-wolln-mer.net\/blog\/index.php\/archives\/naemberch\/194-der-prolog-zur-christkindlesmarkteroeffnung.html?share=telegram\" target=\"_blank\" title=\"Klicken, um auf Telegram zu teilen\"><span><\/span><span class=\"sharing-screen-reader-text\">Klicken, um auf Telegram zu teilen (Wird in neuem Fenster ge\u00f6ffnet)<\/span><\/a><\/li><li class=\"share-skype\"><a rel=\"nofollow noopener noreferrer\" data-shared=\"sharing-skype-194\" class=\"share-skype sd-button share-icon no-text\" href=\"https:\/\/www.bayern-wolln-mer.net\/blog\/index.php\/archives\/naemberch\/194-der-prolog-zur-christkindlesmarkteroeffnung.html?share=skype\" target=\"_blank\" title=\"Klicken, um in Skype zu teilen\"><span><\/span><span class=\"sharing-screen-reader-text\">Klicken, um in Skype zu teilen (Wird in neuem Fenster ge\u00f6ffnet)<\/span><\/a><\/li><li><a href=\"#\" class=\"sharing-anchor sd-button share-more\"><span>Mehr<\/span><\/a><\/li><li class=\"share-end\"><\/li><\/ul><div class=\"sharing-hidden\"><div class=\"inner\" style=\"display: none;width:150px;\"><ul style=\"background-image:none;\"><li class=\"share-facebook\"><a rel=\"nofollow noopener noreferrer\" data-shared=\"sharing-facebook-194\" class=\"share-facebook sd-button share-icon no-text\" href=\"https:\/\/www.bayern-wolln-mer.net\/blog\/index.php\/archives\/naemberch\/194-der-prolog-zur-christkindlesmarkteroeffnung.html?share=facebook\" target=\"_blank\" title=\"Klick, um auf Facebook zu teilen\"><span><\/span><span class=\"sharing-screen-reader-text\">Klick, um auf Facebook zu teilen (Wird in neuem Fenster ge\u00f6ffnet)<\/span><\/a><\/li><li class=\"share-end\"><\/li><\/ul><\/div><\/div><\/div><\/div><\/div>","protected":false},"author":3,"featured_media":0,"comment_status":"open","ping_status":"open","sticky":false,"template":"","format":"standard","meta":{"spay_email":"","jetpack_publicize_message":""},"categories":[11],"tags":[52,30],"jetpack_featured_media_url":"","jetpack_publicize_connections":[],"yoast_head":"<!-- This site is optimized with the Yoast SEO plugin v18.2 - https:\/\/yoast.com\/wordpress\/plugins\/seo\/ -->\n<meta name=\"robots\" content=\"index, follow, max-snippet:-1, max-image-preview:large, max-video-preview:-1\" \/>\n<link rel=\"canonical\" href=\"https:\/\/www.bayern-wolln-mer.net\/blog\/index.php\/archives\/naemberch\/194-der-prolog-zur-christkindlesmarkteroeffnung.html\" \/>\n<meta property=\"og:locale\" content=\"de_DE\" \/>\n<meta property=\"og:type\" content=\"article\" \/>\n<meta property=\"og:title\" content=\"Der Prolog zur Christkindlesmarkter\u00f6ffnung - Bayern-wolln-mer.net\" \/>\n<meta property=\"og:description\" content=\"Heute hat Rebekka Volland zum zweiten (und f\u00fcr sie letzten) Mal den weltber\u00fchmten N\u00fcrnberger Christkindlesmarkt er\u00f6ffnet. Vor tausenden Zuschauern trug sie den traditionellen Prolog (seit 1948) fehlerfrei vor. Der Bayerische Rundfunk \u00fcbertrug live &#8211; das Franken Fernsehen (Franken TV) brachte zu meiner Verwunderung etwas anderes! Komisch, in letzter Zeit werden die Handball-Damen des FCN \u00fcbertragen, [&hellip;]\" \/>\n<meta property=\"og:url\" content=\"https:\/\/www.bayern-wolln-mer.net\/blog\/index.php\/archives\/naemberch\/194-der-prolog-zur-christkindlesmarkteroeffnung.html\" \/>\n<meta property=\"og:site_name\" content=\"Bayern-wolln-mer.net\" \/>\n<meta property=\"article:published_time\" content=\"2008-11-28T18:11:31+00:00\" \/>\n<meta property=\"article:modified_time\" content=\"2009-09-03T07:55:20+00:00\" \/>\n<meta name=\"twitter:card\" content=\"summary_large_image\" \/>\n<meta name=\"twitter:label1\" content=\"Verfasst von\" \/>\n\t<meta name=\"twitter:data1\" content=\"Andreas Brandl\" \/>\n\t<meta name=\"twitter:label2\" content=\"Gesch\u00e4tzte Lesezeit\" \/>\n\t<meta name=\"twitter:data2\" content=\"2\u00a0Minuten\" \/>\n<script type=\"application\/ld+json\" class=\"yoast-schema-graph\">{\"@context\":\"https:\/\/schema.org\",\"@graph\":[{\"@type\":\"WebSite\",\"@id\":\"https:\/\/www.bayern-wolln-mer.net\/blog\/#website\",\"url\":\"https:\/\/www.bayern-wolln-mer.net\/blog\/\",\"name\":\"Bayern-wolln-mer.net\",\"description\":\"Frankenblog! Frei statt Bayern! Freiheit f\u00fcr Franken!\",\"potentialAction\":[{\"@type\":\"SearchAction\",\"target\":{\"@type\":\"EntryPoint\",\"urlTemplate\":\"https:\/\/www.bayern-wolln-mer.net\/blog\/?s={search_term_string}\"},\"query-input\":\"required name=search_term_string\"}],\"inLanguage\":\"de\"},{\"@type\":\"WebPage\",\"@id\":\"https:\/\/www.bayern-wolln-mer.net\/blog\/index.php\/archives\/naemberch\/194-der-prolog-zur-christkindlesmarkteroeffnung.html#webpage\",\"url\":\"https:\/\/www.bayern-wolln-mer.net\/blog\/index.php\/archives\/naemberch\/194-der-prolog-zur-christkindlesmarkteroeffnung.html\",\"name\":\"Der Prolog zur Christkindlesmarkter\u00f6ffnung - Bayern-wolln-mer.net\",\"isPartOf\":{\"@id\":\"https:\/\/www.bayern-wolln-mer.net\/blog\/#website\"},\"datePublished\":\"2008-11-28T18:11:31+00:00\",\"dateModified\":\"2009-09-03T07:55:20+00:00\",\"author\":{\"@id\":\"https:\/\/www.bayern-wolln-mer.net\/blog\/#\/schema\/person\/b9fcf524d723fdb81f40a1bed0e52f96\"},\"breadcrumb\":{\"@id\":\"https:\/\/www.bayern-wolln-mer.net\/blog\/index.php\/archives\/naemberch\/194-der-prolog-zur-christkindlesmarkteroeffnung.html#breadcrumb\"},\"inLanguage\":\"de\",\"potentialAction\":[{\"@type\":\"ReadAction\",\"target\":[\"https:\/\/www.bayern-wolln-mer.net\/blog\/index.php\/archives\/naemberch\/194-der-prolog-zur-christkindlesmarkteroeffnung.html\"]}]},{\"@type\":\"BreadcrumbList\",\"@id\":\"https:\/\/www.bayern-wolln-mer.net\/blog\/index.php\/archives\/naemberch\/194-der-prolog-zur-christkindlesmarkteroeffnung.html#breadcrumb\",\"itemListElement\":[{\"@type\":\"ListItem\",\"position\":1,\"name\":\"Startseite\",\"item\":\"https:\/\/www.bayern-wolln-mer.net\/blog\"},{\"@type\":\"ListItem\",\"position\":2,\"name\":\"Der Prolog zur Christkindlesmarkter\u00f6ffnung\"}]},{\"@type\":\"Person\",\"@id\":\"https:\/\/www.bayern-wolln-mer.net\/blog\/#\/schema\/person\/b9fcf524d723fdb81f40a1bed0e52f96\",\"name\":\"Andreas Brandl\",\"image\":{\"@type\":\"ImageObject\",\"@id\":\"https:\/\/www.bayern-wolln-mer.net\/blog\/#personlogo\",\"inLanguage\":\"de\",\"url\":\"https:\/\/secure.gravatar.com\/avatar\/7c2e8ddf168a4d43fa09a0495da2d513?s=96&d=mm&r=g\",\"contentUrl\":\"https:\/\/secure.gravatar.com\/avatar\/7c2e8ddf168a4d43fa09a0495da2d513?s=96&d=mm&r=g\",\"caption\":\"Andreas Brandl\"},\"sameAs\":[\"https:\/\/www.bayern-wolln-mer.net\"],\"url\":\"https:\/\/www.bayern-wolln-mer.net\/blog\/index.php\/archives\/author\/andy\"}]}<\/script>\n<!-- \/ Yoast SEO plugin. -->","yoast_head_json":{"robots":{"index":"index","follow":"follow","max-snippet":"max-snippet:-1","max-image-preview":"max-image-preview:large","max-video-preview":"max-video-preview:-1"},"canonical":"https:\/\/www.bayern-wolln-mer.net\/blog\/index.php\/archives\/naemberch\/194-der-prolog-zur-christkindlesmarkteroeffnung.html","og_locale":"de_DE","og_type":"article","og_title":"Der Prolog zur Christkindlesmarkter\u00f6ffnung - Bayern-wolln-mer.net","og_description":"Heute hat Rebekka Volland zum zweiten (und f\u00fcr sie letzten) Mal den weltber\u00fchmten N\u00fcrnberger Christkindlesmarkt er\u00f6ffnet. Vor tausenden Zuschauern trug sie den traditionellen Prolog (seit 1948) fehlerfrei vor. Der Bayerische Rundfunk \u00fcbertrug live &#8211; das Franken Fernsehen (Franken TV) brachte zu meiner Verwunderung etwas anderes! Komisch, in letzter Zeit werden die Handball-Damen des FCN \u00fcbertragen, [&hellip;]","og_url":"https:\/\/www.bayern-wolln-mer.net\/blog\/index.php\/archives\/naemberch\/194-der-prolog-zur-christkindlesmarkteroeffnung.html","og_site_name":"Bayern-wolln-mer.net","article_published_time":"2008-11-28T18:11:31+00:00","article_modified_time":"2009-09-03T07:55:20+00:00","twitter_card":"summary_large_image","twitter_misc":{"Verfasst von":"Andreas Brandl","Gesch\u00e4tzte Lesezeit":"2\u00a0Minuten"},"schema":{"@context":"https:\/\/schema.org","@graph":[{"@type":"WebSite","@id":"https:\/\/www.bayern-wolln-mer.net\/blog\/#website","url":"https:\/\/www.bayern-wolln-mer.net\/blog\/","name":"Bayern-wolln-mer.net","description":"Frankenblog! Frei statt Bayern! Freiheit f\u00fcr Franken!","potentialAction":[{"@type":"SearchAction","target":{"@type":"EntryPoint","urlTemplate":"https:\/\/www.bayern-wolln-mer.net\/blog\/?s={search_term_string}"},"query-input":"required name=search_term_string"}],"inLanguage":"de"},{"@type":"WebPage","@id":"https:\/\/www.bayern-wolln-mer.net\/blog\/index.php\/archives\/naemberch\/194-der-prolog-zur-christkindlesmarkteroeffnung.html#webpage","url":"https:\/\/www.bayern-wolln-mer.net\/blog\/index.php\/archives\/naemberch\/194-der-prolog-zur-christkindlesmarkteroeffnung.html","name":"Der Prolog zur Christkindlesmarkter\u00f6ffnung - Bayern-wolln-mer.net","isPartOf":{"@id":"https:\/\/www.bayern-wolln-mer.net\/blog\/#website"},"datePublished":"2008-11-28T18:11:31+00:00","dateModified":"2009-09-03T07:55:20+00:00","author":{"@id":"https:\/\/www.bayern-wolln-mer.net\/blog\/#\/schema\/person\/b9fcf524d723fdb81f40a1bed0e52f96"},"breadcrumb":{"@id":"https:\/\/www.bayern-wolln-mer.net\/blog\/index.php\/archives\/naemberch\/194-der-prolog-zur-christkindlesmarkteroeffnung.html#breadcrumb"},"inLanguage":"de","potentialAction":[{"@type":"ReadAction","target":["https:\/\/www.bayern-wolln-mer.net\/blog\/index.php\/archives\/naemberch\/194-der-prolog-zur-christkindlesmarkteroeffnung.html"]}]},{"@type":"BreadcrumbList","@id":"https:\/\/www.bayern-wolln-mer.net\/blog\/index.php\/archives\/naemberch\/194-der-prolog-zur-christkindlesmarkteroeffnung.html#breadcrumb","itemListElement":[{"@type":"ListItem","position":1,"name":"Startseite","item":"https:\/\/www.bayern-wolln-mer.net\/blog"},{"@type":"ListItem","position":2,"name":"Der Prolog zur Christkindlesmarkter\u00f6ffnung"}]},{"@type":"Person","@id":"https:\/\/www.bayern-wolln-mer.net\/blog\/#\/schema\/person\/b9fcf524d723fdb81f40a1bed0e52f96","name":"Andreas Brandl","image":{"@type":"ImageObject","@id":"https:\/\/www.bayern-wolln-mer.net\/blog\/#personlogo","inLanguage":"de","url":"https:\/\/secure.gravatar.com\/avatar\/7c2e8ddf168a4d43fa09a0495da2d513?s=96&d=mm&r=g","contentUrl":"https:\/\/secure.gravatar.com\/avatar\/7c2e8ddf168a4d43fa09a0495da2d513?s=96&d=mm&r=g","caption":"Andreas Brandl"},"sameAs":["https:\/\/www.bayern-wolln-mer.net"],"url":"https:\/\/www.bayern-wolln-mer.net\/blog\/index.php\/archives\/author\/andy"}]}},"jetpack_sharing_enabled":true,"jetpack_shortlink":"https:\/\/wp.me\/p7UoAp-38","jetpack-related-posts":[],"_links":{"self":[{"href":"https:\/\/www.bayern-wolln-mer.net\/blog\/index.php\/wp-json\/wp\/v2\/posts\/194"}],"collection":[{"href":"https:\/\/www.bayern-wolln-mer.net\/blog\/index.php\/wp-json\/wp\/v2\/posts"}],"about":[{"href":"https:\/\/www.bayern-wolln-mer.net\/blog\/index.php\/wp-json\/wp\/v2\/types\/post"}],"author":[{"embeddable":true,"href":"https:\/\/www.bayern-wolln-mer.net\/blog\/index.php\/wp-json\/wp\/v2\/users\/3"}],"replies":[{"embeddable":true,"href":"https:\/\/www.bayern-wolln-mer.net\/blog\/index.php\/wp-json\/wp\/v2\/comments?post=194"}],"version-history":[{"count":2,"href":"https:\/\/www.bayern-wolln-mer.net\/blog\/index.php\/wp-json\/wp\/v2\/posts\/194\/revisions"}],"predecessor-version":[{"id":684,"href":"https:\/\/www.bayern-wolln-mer.net\/blog\/index.php\/wp-json\/wp\/v2\/posts\/194\/revisions\/684"}],"wp:attachment":[{"href":"https:\/\/www.bayern-wolln-mer.net\/blog\/index.php\/wp-json\/wp\/v2\/media?parent=194"}],"wp:term":[{"taxonomy":"category","embeddable":true,"href":"https:\/\/www.bayern-wolln-mer.net\/blog\/index.php\/wp-json\/wp\/v2\/categories?post=194"},{"taxonomy":"post_tag","embeddable":true,"href":"https:\/\/www.bayern-wolln-mer.net\/blog\/index.php\/wp-json\/wp\/v2\/tags?post=194"}],"curies":[{"name":"wp","href":"https:\/\/api.w.org\/{rel}","templated":true}]}}