{"id":204,"date":"2009-01-12T17:20:29","date_gmt":"2009-01-12T16:20:29","guid":{"rendered":"http:\/\/www.bayern-wolln-mer.net\/blog\/index.php\/archives\/franken-bayern\/204-wieder-leserbriefe-zu-monika-hohlmeier.html"},"modified":"2010-04-29T12:50:36","modified_gmt":"2010-04-29T11:50:36","slug":"wieder-leserbriefe-zu-monika-hohlmeier","status":"publish","type":"post","link":"https:\/\/www.bayern-wolln-mer.net\/blog\/index.php\/archives\/franken-bayern\/204-wieder-leserbriefe-zu-monika-hohlmeier.html","title":{"rendered":"Wieder Leserbriefe zu Monika Hohlmeier"},"content":{"rendered":"<p>Nachdem ich <a href=\"https:\/\/www.bayern-wolln-mer.net\/blog\/index.php\/archives\/wahlen\/199-leserbriefe-zu-monika-hohlmeier.html\" target=\"_blank\">hier<\/a> schon ein paar sehr gute Leserbriefe bei der S\u00fcddeutschen zum Verfrachten von <a href=\"https:\/\/www.bayern-wolln-mer.net\/blog\/index.php\/archives\/allgemein\/198-oberfraenkin-monika-hohlmeier.html\" target=\"_blank\">Monika Hohlmeier in unser Frankenland<\/a> zitiert habe, wurden mir 2 hervorragende Schriftst\u00fccke zugesandt, die ich nat\u00fcrlich nicht f\u00fcr mich behalten will!<\/p>\n<p><strong>Volker Backert<\/strong> zu &#8220;Hohlmeier-Auftritt in Michelau&#8221;:<\/p>\n<blockquote><p><em>Selbst auf CSU-Versammlungen l\u00e4sst sich die <a href=\"https:\/\/www.partei-fuer-franken.de\/fakten\" target=\"_blank\">Benachteiligung Frankens<\/a> durch Altbayern inzwischen nicht mehr l\u00e4nger totschweigen. Aber dank Frau Hohlmeier wissen wir jetzt endlich, dass es eine solche Benachteiligung gar nicht geben kann: Schlie\u00dflich haben wir ja schon \u201ebayernweit Fachschulen\u201c! Und unsere Berufsschule gibt es auch noch! (Wir erg\u00e4nzen: Sogar elektrisches Licht und flie\u00dfend Warmwasser soll es, dank G\u00fcte und F\u00fcrsorge der altbayerischen CSU, inzwischen in ganz Oberfranken geben! Danke, Frau Hohlmeier!)<\/em><\/p>\n<p><em>W\u00e4re Franz Josef Strau\u00df ein Franke gewesen, so h\u00e4tte er wohl, derb und pr\u00e4gnant, formuliert: \u201eWo R\u00fccksichtslosigkeit auf Arschkriecherei trifft \u2013 da entsteht Benachteiligung!\u201c Aber unsere (ober)fr\u00e4nkischen CSU-Funktion\u00e4re scheuen ja Kritik an M\u00fcnchen wie der Teufel das Weihwasser. Und so wirkt auch die Hohlmeier-Kandidatur in Oberfranken nur wie eine weitere Episode aus der Kolonialzeit:<br \/>\nDer neue Kolonialherr (Seehofer) m\u00f6chte sich mit dem alten Herrschergeschlecht (Strau\u00df) auss\u00f6hnen. Drum bietet er einem zuhause gescheiterten Mitglied des Ex-Herrschergeschlechts gro\u00dfz\u00fcgig eine entfernte Kolonie an: \u201eDie wehren sich nie, die schlucken immer alles, was aus M\u00fcnchen kommt!\u201c<br \/>\nUnd tats\u00e4chlich, kaum trifft die neue Statthalterin ein, schon \u00fcberbieten sich die eingeborenen schwarzen H\u00e4uptlinge in ihren Demuts- und Unterwerfungsgesten. Nur die \u201enormalen\u201c Eingeborenen sehen kopfsch\u00fcttelnd zu und wenden sich mit Grausen &#8211; denn keiner ihrer schwarzen H\u00e4uptlinge traut sich, das Kind beim Namen zu nennen:<\/em><\/p>\n<p><em>Wenn Hohlmeier wirklich so \u201ekompetent\u201c ist \u2013 warum hat Seehofer sie jetzt nicht ins Kabinett berufen?   Wenn Hohlmeier wirklich so \u201eerfolgreich\u201c ist \u2013 warum haben die Oberbayern sie jetzt nicht mehr in den Landtag gew\u00e4hlt?  Wenn Hohlmeier wirklich so \u201ck\u00e4mpferisch\u201c ist \u2013 warum stellt sie sich jetzt nicht zuhause in Oberbayern einer Kampfkandidatur?<\/em><\/p>\n<p><em>Man darf gespannt sein, wie weit unsere heimischen CSU-Gr\u00f6\u00dfen ihre peinliche Selbsterniedrigung noch treiben wollen: Will man den  oberfr\u00e4nkischen W\u00e4hlern allen Ernstes noch sechs Monate lang vorgaukeln, dass sogar die \u201e3.Wahl\u201c aus Oberbayern kompetenter und flei\u00dfiger ist als jede Oberfr\u00e4nkin und jeder Oberfranke?<\/em><\/p>\n<p><em>Denn eins ist doch jetzt schon klar: Wer Hohlmeier w\u00e4hlt, verhilft damit nur den Oberbayern zu einem zus\u00e4tzlichen Sitz in Br\u00fcssel! Und daf\u00fcr ist uns unsere Heimat Oberfranken zu schade \u2013 wir sind schlie\u00dflich keine Kolonie\u2026 <\/em><\/p><\/blockquote>\n<p><strong>Reinhard  Fischer<\/strong> aus Lauf an der Pegnitz:<\/p>\n<blockquote><p><em>Ouo vadis, Franken ?<\/em><\/p>\n<p><em>Da wird eine Person aus ihrer pers\u00f6nlichen und politischen Heimat aufgrund ihrer \u201eVerdienste\u201c hinauskatapultiert, weil sie dort niemand mehr ertr\u00e4gt, und sie schl\u00e4gt \u2013ausgerechnet- in Franken auf. Der Startschuss fiel in M\u00fcnchen . Zufall? Von wegen! Reine Verh\u00f6hnung!<\/em><\/p>\n<p><em>Wir erinnern uns:<\/em><\/p>\n<p><em>Folge 1 : Ein FR\u00c4NKISCHER Ministerpr\u00e4sident, kaum im Amt , wird zum Stallknecht und dummen August degradiert und dann fristlos entlassen. Und alles lacht in Oberbayern. Teilweise auch in Franken. Noch.<\/em><\/p>\n<p><em>Folge 2 :  Da wird eine Oberbayerin , die w\u00e4hrend ihrer politischen \u201e Karriere\u201c unter anderem die Entwicklung des Kultus in Bayern in Grund und Boden gefahren hat und dann auch noch mit Stasi- Methoden ihre Mitarbeiter bespitzelt ( Beweis: Einfach im Internet \u201e Monika Hohlmeier\u201c eingeben), nach einer kurzen Verschnaufpause pl\u00f6tzlich zur \u201e k\u00e4mpferischen Oberfr\u00e4nkin\u201c und , damit noch nicht genug des \u00dcbels, sie schwingt sich auch zur \u201e Anw\u00e4ltin von Oberfranken\u201c auf. Und wieder lacht alles in M\u00fcnchen und klopft sich auch noch auf die Schenkel. Der Bayerische L\u00f6we hat sich eine l\u00e4stige Laus aus dem Pelz gesch\u00fcttelt. Und in Franken? Da bleibt vielen von  denen, die bei Folge 1 aus Unwissenheit noch mitgelacht haben, das Lachen im Halse stecken.<\/em><\/p>\n<p><em>Endlich schellt der Wecker. Nat\u00fcrlich bleiben wieder einige liegen und stehen nur auf, um der selbsternannten \u201e Anw\u00e4ltin Oberfrankens\u201c bei Bedarf devot die Schuhe zu lecken. Aber dadurch stellt sich wenigstens raus, wer kein R\u00fcckgrat hat. Und die n\u00e4chsten Wahlen stehen auch vor der T\u00fcr, die man dann weit \u00f6ffnen kann , um diese Gesellen  mit einem Fu\u00dftritt politisch zu entsorgen.<\/em><\/p>\n<p><em>Und wo bleibt der fr\u00e4nkische Protest \u00fcber diese ganze Schmierenkom\u00f6die?  Mit Parteiaustritten ist der Sache nicht geholfen. Damit wird das Heer  derer, die in vorauseilendem Gehorsam dieser Frau Hohlmeier den Weg ebnen, nur noch gr\u00f6\u00dfer und wir Franken verlieren auch den letzten Rest unserer W\u00fcrde.<\/em><\/p>\n<p><em>Also auf geht\u2019s. Hier hilft nur noch die Gr\u00fcndung einer fr\u00e4nkischen Partei, damit man solchen Possenspielen gezielt entgegenwirken kann. Der Anlass war noch nie so dringend.<\/em><\/p>\n<p><em>Mit fr\u00e4nkischen Gr\u00fc\u00dfen an alle Aufrechten<\/em><\/p><\/blockquote>\n<p>Da kann ich nur sagen: <a href=\"https:\/\/www.bayern-wolln-mer.net\/blog\/index.php\/archives\/franken-bayern\/189-die-zeit-ist-reif-eine-partei-fuer-franken.html\" target=\"_blank\">Die Zeit ist reif f\u00fcr eine Partei f\u00fcr Franken<\/a>!<\/p>\n<p>N\u00e4here Infos <a href=\"https:\/\/www.bayern-wolln-mer.net\/blog\/index.php\/archives\/franken-bayern\/189-die-zeit-ist-reif-eine-partei-fuer-franken.html\" target=\"_blank\">hier<\/a><\/p>\n<div class=\"sharedaddy sd-sharing-enabled\"><div class=\"robots-nocontent sd-block sd-social sd-social-icon sd-sharing\"><h3 class=\"sd-title\">Share this:<\/h3><div class=\"sd-content\"><ul><li class=\"share-print\"><a rel=\"nofollow noopener noreferrer\" data-shared=\"\" class=\"share-print sd-button share-icon no-text\" href=\"https:\/\/www.bayern-wolln-mer.net\/blog\/index.php\/archives\/franken-bayern\/204-wieder-leserbriefe-zu-monika-hohlmeier.html\" target=\"_blank\" title=\"Klicken zum Ausdrucken\"><span><\/span><span class=\"sharing-screen-reader-text\">Klicken zum Ausdrucken (Wird in neuem Fenster ge\u00f6ffnet)<\/span><\/a><\/li><li class=\"share-email\"><a rel=\"nofollow noopener noreferrer\" data-shared=\"\" class=\"share-email sd-button share-icon no-text\" href=\"https:\/\/www.bayern-wolln-mer.net\/blog\/index.php\/archives\/franken-bayern\/204-wieder-leserbriefe-zu-monika-hohlmeier.html?share=email\" target=\"_blank\" title=\"Klick, um dies einem Freund per E-Mail zu senden\"><span><\/span><span class=\"sharing-screen-reader-text\">Klick, um dies einem Freund per E-Mail zu senden (Wird in neuem Fenster ge\u00f6ffnet)<\/span><\/a><\/li><li class=\"share-twitter\"><a rel=\"nofollow noopener noreferrer\" data-shared=\"sharing-twitter-204\" class=\"share-twitter sd-button share-icon no-text\" href=\"https:\/\/www.bayern-wolln-mer.net\/blog\/index.php\/archives\/franken-bayern\/204-wieder-leserbriefe-zu-monika-hohlmeier.html?share=twitter\" target=\"_blank\" title=\"Klick, um \u00fcber Twitter zu teilen\"><span><\/span><span class=\"sharing-screen-reader-text\">Klick, um \u00fcber Twitter zu teilen (Wird in neuem Fenster ge\u00f6ffnet)<\/span><\/a><\/li><li class=\"share-jetpack-whatsapp\"><a rel=\"nofollow noopener noreferrer\" data-shared=\"\" class=\"share-jetpack-whatsapp sd-button share-icon no-text\" href=\"https:\/\/www.bayern-wolln-mer.net\/blog\/index.php\/archives\/franken-bayern\/204-wieder-leserbriefe-zu-monika-hohlmeier.html?share=jetpack-whatsapp\" target=\"_blank\" title=\"Klicken, um auf WhatsApp zu teilen\"><span><\/span><span class=\"sharing-screen-reader-text\">Klicken, um auf WhatsApp zu teilen (Wird in neuem Fenster ge\u00f6ffnet)<\/span><\/a><\/li><li class=\"share-linkedin\"><a rel=\"nofollow noopener noreferrer\" data-shared=\"sharing-linkedin-204\" class=\"share-linkedin sd-button share-icon no-text\" href=\"https:\/\/www.bayern-wolln-mer.net\/blog\/index.php\/archives\/franken-bayern\/204-wieder-leserbriefe-zu-monika-hohlmeier.html?share=linkedin\" target=\"_blank\" title=\"Klick, um auf LinkedIn zu teilen\"><span><\/span><span class=\"sharing-screen-reader-text\">Klick, um auf LinkedIn zu teilen (Wird in neuem Fenster ge\u00f6ffnet)<\/span><\/a><\/li><li class=\"share-reddit\"><a rel=\"nofollow noopener noreferrer\" data-shared=\"\" class=\"share-reddit sd-button share-icon no-text\" href=\"https:\/\/www.bayern-wolln-mer.net\/blog\/index.php\/archives\/franken-bayern\/204-wieder-leserbriefe-zu-monika-hohlmeier.html?share=reddit\" target=\"_blank\" title=\"Klick, um auf Reddit zu teilen\"><span><\/span><span class=\"sharing-screen-reader-text\">Klick, um auf Reddit zu teilen (Wird in neuem Fenster ge\u00f6ffnet)<\/span><\/a><\/li><li class=\"share-tumblr\"><a rel=\"nofollow noopener noreferrer\" data-shared=\"\" class=\"share-tumblr sd-button share-icon no-text\" href=\"https:\/\/www.bayern-wolln-mer.net\/blog\/index.php\/archives\/franken-bayern\/204-wieder-leserbriefe-zu-monika-hohlmeier.html?share=tumblr\" target=\"_blank\" title=\"Klick, um auf Tumblr zu teilen\"><span><\/span><span class=\"sharing-screen-reader-text\">Klick, um auf Tumblr zu teilen (Wird in neuem Fenster ge\u00f6ffnet)<\/span><\/a><\/li><li class=\"share-pinterest\"><a rel=\"nofollow noopener noreferrer\" data-shared=\"sharing-pinterest-204\" class=\"share-pinterest sd-button share-icon no-text\" href=\"https:\/\/www.bayern-wolln-mer.net\/blog\/index.php\/archives\/franken-bayern\/204-wieder-leserbriefe-zu-monika-hohlmeier.html?share=pinterest\" target=\"_blank\" title=\"Klick, um auf Pinterest zu teilen\"><span><\/span><span class=\"sharing-screen-reader-text\">Klick, um auf Pinterest zu teilen (Wird in neuem Fenster ge\u00f6ffnet)<\/span><\/a><\/li><li class=\"share-pocket\"><a rel=\"nofollow noopener noreferrer\" data-shared=\"\" class=\"share-pocket sd-button share-icon no-text\" href=\"https:\/\/www.bayern-wolln-mer.net\/blog\/index.php\/archives\/franken-bayern\/204-wieder-leserbriefe-zu-monika-hohlmeier.html?share=pocket\" target=\"_blank\" title=\"Klick, um auf Pocket zu teilen\"><span><\/span><span class=\"sharing-screen-reader-text\">Klick, um auf Pocket zu teilen (Wird in neuem Fenster ge\u00f6ffnet)<\/span><\/a><\/li><li class=\"share-telegram\"><a rel=\"nofollow noopener noreferrer\" data-shared=\"\" class=\"share-telegram sd-button share-icon no-text\" href=\"https:\/\/www.bayern-wolln-mer.net\/blog\/index.php\/archives\/franken-bayern\/204-wieder-leserbriefe-zu-monika-hohlmeier.html?share=telegram\" target=\"_blank\" title=\"Klicken, um auf Telegram zu teilen\"><span><\/span><span class=\"sharing-screen-reader-text\">Klicken, um auf Telegram zu teilen (Wird in neuem Fenster ge\u00f6ffnet)<\/span><\/a><\/li><li class=\"share-skype\"><a rel=\"nofollow noopener noreferrer\" data-shared=\"sharing-skype-204\" class=\"share-skype sd-button share-icon no-text\" href=\"https:\/\/www.bayern-wolln-mer.net\/blog\/index.php\/archives\/franken-bayern\/204-wieder-leserbriefe-zu-monika-hohlmeier.html?share=skype\" target=\"_blank\" title=\"Klicken, um in Skype zu teilen\"><span><\/span><span class=\"sharing-screen-reader-text\">Klicken, um in Skype zu teilen (Wird in neuem Fenster ge\u00f6ffnet)<\/span><\/a><\/li><li><a href=\"#\" class=\"sharing-anchor sd-button share-more\"><span>Mehr<\/span><\/a><\/li><li class=\"share-end\"><\/li><\/ul><div class=\"sharing-hidden\"><div class=\"inner\" style=\"display: none;width:150px;\"><ul style=\"background-image:none;\"><li class=\"share-facebook\"><a rel=\"nofollow noopener noreferrer\" data-shared=\"sharing-facebook-204\" class=\"share-facebook sd-button share-icon no-text\" href=\"https:\/\/www.bayern-wolln-mer.net\/blog\/index.php\/archives\/franken-bayern\/204-wieder-leserbriefe-zu-monika-hohlmeier.html?share=facebook\" target=\"_blank\" title=\"Klick, um auf Facebook zu teilen\"><span><\/span><span class=\"sharing-screen-reader-text\">Klick, um auf Facebook zu teilen (Wird in neuem Fenster ge\u00f6ffnet)<\/span><\/a><\/li><li class=\"share-end\"><\/li><\/ul><\/div><\/div><\/div><\/div><\/div>","protected":false},"excerpt":{"rendered":"<p>Nachdem ich hier schon ein paar sehr gute Leserbriefe bei der S\u00fcddeutschen zum Verfrachten von Monika Hohlmeier in unser Frankenland zitiert habe, wurden mir 2 hervorragende Schriftst\u00fccke zugesandt, die ich nat\u00fcrlich nicht f\u00fcr mich behalten will! Volker Backert zu &#8220;Hohlmeier-Auftritt in Michelau&#8221;: Selbst auf CSU-Versammlungen l\u00e4sst sich die Benachteiligung Frankens durch Altbayern inzwischen nicht mehr [&hellip;]<\/p>\n<div class=\"sharedaddy sd-sharing-enabled\"><div class=\"robots-nocontent sd-block sd-social sd-social-icon sd-sharing\"><h3 class=\"sd-title\">Share this:<\/h3><div class=\"sd-content\"><ul><li class=\"share-print\"><a rel=\"nofollow noopener noreferrer\" data-shared=\"\" class=\"share-print sd-button share-icon no-text\" href=\"https:\/\/www.bayern-wolln-mer.net\/blog\/index.php\/archives\/franken-bayern\/204-wieder-leserbriefe-zu-monika-hohlmeier.html\" target=\"_blank\" title=\"Klicken zum Ausdrucken\"><span><\/span><span class=\"sharing-screen-reader-text\">Klicken zum Ausdrucken (Wird in neuem Fenster ge\u00f6ffnet)<\/span><\/a><\/li><li class=\"share-email\"><a rel=\"nofollow noopener noreferrer\" data-shared=\"\" class=\"share-email sd-button share-icon no-text\" href=\"https:\/\/www.bayern-wolln-mer.net\/blog\/index.php\/archives\/franken-bayern\/204-wieder-leserbriefe-zu-monika-hohlmeier.html?share=email\" target=\"_blank\" title=\"Klick, um dies einem Freund per E-Mail zu senden\"><span><\/span><span class=\"sharing-screen-reader-text\">Klick, um dies einem Freund per E-Mail zu senden (Wird in neuem Fenster ge\u00f6ffnet)<\/span><\/a><\/li><li class=\"share-twitter\"><a rel=\"nofollow noopener noreferrer\" data-shared=\"sharing-twitter-204\" class=\"share-twitter sd-button share-icon no-text\" href=\"https:\/\/www.bayern-wolln-mer.net\/blog\/index.php\/archives\/franken-bayern\/204-wieder-leserbriefe-zu-monika-hohlmeier.html?share=twitter\" target=\"_blank\" title=\"Klick, um \u00fcber Twitter zu teilen\"><span><\/span><span class=\"sharing-screen-reader-text\">Klick, um \u00fcber Twitter zu teilen (Wird in neuem Fenster ge\u00f6ffnet)<\/span><\/a><\/li><li class=\"share-jetpack-whatsapp\"><a rel=\"nofollow noopener noreferrer\" data-shared=\"\" class=\"share-jetpack-whatsapp sd-button share-icon no-text\" href=\"https:\/\/www.bayern-wolln-mer.net\/blog\/index.php\/archives\/franken-bayern\/204-wieder-leserbriefe-zu-monika-hohlmeier.html?share=jetpack-whatsapp\" target=\"_blank\" title=\"Klicken, um auf WhatsApp zu teilen\"><span><\/span><span class=\"sharing-screen-reader-text\">Klicken, um auf WhatsApp zu teilen (Wird in neuem Fenster ge\u00f6ffnet)<\/span><\/a><\/li><li class=\"share-linkedin\"><a rel=\"nofollow noopener noreferrer\" data-shared=\"sharing-linkedin-204\" class=\"share-linkedin sd-button share-icon no-text\" href=\"https:\/\/www.bayern-wolln-mer.net\/blog\/index.php\/archives\/franken-bayern\/204-wieder-leserbriefe-zu-monika-hohlmeier.html?share=linkedin\" target=\"_blank\" title=\"Klick, um auf LinkedIn zu teilen\"><span><\/span><span class=\"sharing-screen-reader-text\">Klick, um auf LinkedIn zu teilen (Wird in neuem Fenster ge\u00f6ffnet)<\/span><\/a><\/li><li class=\"share-reddit\"><a rel=\"nofollow noopener noreferrer\" data-shared=\"\" class=\"share-reddit sd-button share-icon no-text\" href=\"https:\/\/www.bayern-wolln-mer.net\/blog\/index.php\/archives\/franken-bayern\/204-wieder-leserbriefe-zu-monika-hohlmeier.html?share=reddit\" target=\"_blank\" title=\"Klick, um auf Reddit zu teilen\"><span><\/span><span class=\"sharing-screen-reader-text\">Klick, um auf Reddit zu teilen (Wird in neuem Fenster ge\u00f6ffnet)<\/span><\/a><\/li><li class=\"share-tumblr\"><a rel=\"nofollow noopener noreferrer\" data-shared=\"\" class=\"share-tumblr sd-button share-icon no-text\" href=\"https:\/\/www.bayern-wolln-mer.net\/blog\/index.php\/archives\/franken-bayern\/204-wieder-leserbriefe-zu-monika-hohlmeier.html?share=tumblr\" target=\"_blank\" title=\"Klick, um auf Tumblr zu teilen\"><span><\/span><span class=\"sharing-screen-reader-text\">Klick, um auf Tumblr zu teilen (Wird in neuem Fenster ge\u00f6ffnet)<\/span><\/a><\/li><li class=\"share-pinterest\"><a rel=\"nofollow noopener noreferrer\" data-shared=\"sharing-pinterest-204\" class=\"share-pinterest sd-button share-icon no-text\" href=\"https:\/\/www.bayern-wolln-mer.net\/blog\/index.php\/archives\/franken-bayern\/204-wieder-leserbriefe-zu-monika-hohlmeier.html?share=pinterest\" target=\"_blank\" title=\"Klick, um auf Pinterest zu teilen\"><span><\/span><span class=\"sharing-screen-reader-text\">Klick, um auf Pinterest zu teilen (Wird in neuem Fenster ge\u00f6ffnet)<\/span><\/a><\/li><li class=\"share-pocket\"><a rel=\"nofollow noopener noreferrer\" data-shared=\"\" class=\"share-pocket sd-button share-icon no-text\" href=\"https:\/\/www.bayern-wolln-mer.net\/blog\/index.php\/archives\/franken-bayern\/204-wieder-leserbriefe-zu-monika-hohlmeier.html?share=pocket\" target=\"_blank\" title=\"Klick, um auf Pocket zu teilen\"><span><\/span><span class=\"sharing-screen-reader-text\">Klick, um auf Pocket zu teilen (Wird in neuem Fenster ge\u00f6ffnet)<\/span><\/a><\/li><li class=\"share-telegram\"><a rel=\"nofollow noopener noreferrer\" data-shared=\"\" class=\"share-telegram sd-button share-icon no-text\" href=\"https:\/\/www.bayern-wolln-mer.net\/blog\/index.php\/archives\/franken-bayern\/204-wieder-leserbriefe-zu-monika-hohlmeier.html?share=telegram\" target=\"_blank\" title=\"Klicken, um auf Telegram zu teilen\"><span><\/span><span class=\"sharing-screen-reader-text\">Klicken, um auf Telegram zu teilen (Wird in neuem Fenster ge\u00f6ffnet)<\/span><\/a><\/li><li class=\"share-skype\"><a rel=\"nofollow noopener noreferrer\" data-shared=\"sharing-skype-204\" class=\"share-skype sd-button share-icon no-text\" href=\"https:\/\/www.bayern-wolln-mer.net\/blog\/index.php\/archives\/franken-bayern\/204-wieder-leserbriefe-zu-monika-hohlmeier.html?share=skype\" target=\"_blank\" title=\"Klicken, um in Skype zu teilen\"><span><\/span><span class=\"sharing-screen-reader-text\">Klicken, um in Skype zu teilen (Wird in neuem Fenster ge\u00f6ffnet)<\/span><\/a><\/li><li><a href=\"#\" class=\"sharing-anchor sd-button share-more\"><span>Mehr<\/span><\/a><\/li><li class=\"share-end\"><\/li><\/ul><div class=\"sharing-hidden\"><div class=\"inner\" style=\"display: none;width:150px;\"><ul style=\"background-image:none;\"><li class=\"share-facebook\"><a rel=\"nofollow noopener noreferrer\" data-shared=\"sharing-facebook-204\" class=\"share-facebook sd-button share-icon no-text\" href=\"https:\/\/www.bayern-wolln-mer.net\/blog\/index.php\/archives\/franken-bayern\/204-wieder-leserbriefe-zu-monika-hohlmeier.html?share=facebook\" target=\"_blank\" title=\"Klick, um auf Facebook zu teilen\"><span><\/span><span class=\"sharing-screen-reader-text\">Klick, um auf Facebook zu teilen (Wird in neuem Fenster ge\u00f6ffnet)<\/span><\/a><\/li><li class=\"share-end\"><\/li><\/ul><\/div><\/div><\/div><\/div><\/div>","protected":false},"author":3,"featured_media":0,"comment_status":"open","ping_status":"open","sticky":false,"template":"","format":"standard","meta":{"spay_email":"","jetpack_publicize_message":""},"categories":[4],"tags":[94,90],"jetpack_featured_media_url":"","jetpack_publicize_connections":[],"yoast_head":"<!-- This site is optimized with the Yoast SEO plugin v18.2 - https:\/\/yoast.com\/wordpress\/plugins\/seo\/ -->\n<meta name=\"robots\" content=\"index, follow, max-snippet:-1, max-image-preview:large, max-video-preview:-1\" \/>\n<link rel=\"canonical\" href=\"https:\/\/www.bayern-wolln-mer.net\/blog\/index.php\/archives\/franken-bayern\/204-wieder-leserbriefe-zu-monika-hohlmeier.html\" \/>\n<meta property=\"og:locale\" content=\"de_DE\" \/>\n<meta property=\"og:type\" content=\"article\" \/>\n<meta property=\"og:title\" content=\"Wieder Leserbriefe zu Monika Hohlmeier - Bayern-wolln-mer.net\" \/>\n<meta property=\"og:description\" content=\"Nachdem ich hier schon ein paar sehr gute Leserbriefe bei der S\u00fcddeutschen zum Verfrachten von Monika Hohlmeier in unser Frankenland zitiert habe, wurden mir 2 hervorragende Schriftst\u00fccke zugesandt, die ich nat\u00fcrlich nicht f\u00fcr mich behalten will! Volker Backert zu &#8220;Hohlmeier-Auftritt in Michelau&#8221;: Selbst auf CSU-Versammlungen l\u00e4sst sich die Benachteiligung Frankens durch Altbayern inzwischen nicht mehr [&hellip;]\" \/>\n<meta property=\"og:url\" content=\"https:\/\/www.bayern-wolln-mer.net\/blog\/index.php\/archives\/franken-bayern\/204-wieder-leserbriefe-zu-monika-hohlmeier.html\" \/>\n<meta property=\"og:site_name\" content=\"Bayern-wolln-mer.net\" \/>\n<meta property=\"article:published_time\" content=\"2009-01-12T16:20:29+00:00\" \/>\n<meta property=\"article:modified_time\" content=\"2010-04-29T11:50:36+00:00\" \/>\n<meta name=\"twitter:card\" content=\"summary_large_image\" \/>\n<meta name=\"twitter:label1\" content=\"Verfasst von\" \/>\n\t<meta name=\"twitter:data1\" content=\"Andreas Brandl\" \/>\n\t<meta name=\"twitter:label2\" content=\"Gesch\u00e4tzte Lesezeit\" \/>\n\t<meta name=\"twitter:data2\" content=\"4\u00a0Minuten\" \/>\n<script type=\"application\/ld+json\" class=\"yoast-schema-graph\">{\"@context\":\"https:\/\/schema.org\",\"@graph\":[{\"@type\":\"WebSite\",\"@id\":\"https:\/\/www.bayern-wolln-mer.net\/blog\/#website\",\"url\":\"https:\/\/www.bayern-wolln-mer.net\/blog\/\",\"name\":\"Bayern-wolln-mer.net\",\"description\":\"Frankenblog! Frei statt Bayern! Freiheit f\u00fcr Franken!\",\"potentialAction\":[{\"@type\":\"SearchAction\",\"target\":{\"@type\":\"EntryPoint\",\"urlTemplate\":\"https:\/\/www.bayern-wolln-mer.net\/blog\/?s={search_term_string}\"},\"query-input\":\"required name=search_term_string\"}],\"inLanguage\":\"de\"},{\"@type\":\"WebPage\",\"@id\":\"https:\/\/www.bayern-wolln-mer.net\/blog\/index.php\/archives\/franken-bayern\/204-wieder-leserbriefe-zu-monika-hohlmeier.html#webpage\",\"url\":\"https:\/\/www.bayern-wolln-mer.net\/blog\/index.php\/archives\/franken-bayern\/204-wieder-leserbriefe-zu-monika-hohlmeier.html\",\"name\":\"Wieder Leserbriefe zu Monika Hohlmeier - Bayern-wolln-mer.net\",\"isPartOf\":{\"@id\":\"https:\/\/www.bayern-wolln-mer.net\/blog\/#website\"},\"datePublished\":\"2009-01-12T16:20:29+00:00\",\"dateModified\":\"2010-04-29T11:50:36+00:00\",\"author\":{\"@id\":\"https:\/\/www.bayern-wolln-mer.net\/blog\/#\/schema\/person\/b9fcf524d723fdb81f40a1bed0e52f96\"},\"breadcrumb\":{\"@id\":\"https:\/\/www.bayern-wolln-mer.net\/blog\/index.php\/archives\/franken-bayern\/204-wieder-leserbriefe-zu-monika-hohlmeier.html#breadcrumb\"},\"inLanguage\":\"de\",\"potentialAction\":[{\"@type\":\"ReadAction\",\"target\":[\"https:\/\/www.bayern-wolln-mer.net\/blog\/index.php\/archives\/franken-bayern\/204-wieder-leserbriefe-zu-monika-hohlmeier.html\"]}]},{\"@type\":\"BreadcrumbList\",\"@id\":\"https:\/\/www.bayern-wolln-mer.net\/blog\/index.php\/archives\/franken-bayern\/204-wieder-leserbriefe-zu-monika-hohlmeier.html#breadcrumb\",\"itemListElement\":[{\"@type\":\"ListItem\",\"position\":1,\"name\":\"Startseite\",\"item\":\"https:\/\/www.bayern-wolln-mer.net\/blog\"},{\"@type\":\"ListItem\",\"position\":2,\"name\":\"Wieder Leserbriefe zu Monika Hohlmeier\"}]},{\"@type\":\"Person\",\"@id\":\"https:\/\/www.bayern-wolln-mer.net\/blog\/#\/schema\/person\/b9fcf524d723fdb81f40a1bed0e52f96\",\"name\":\"Andreas Brandl\",\"image\":{\"@type\":\"ImageObject\",\"@id\":\"https:\/\/www.bayern-wolln-mer.net\/blog\/#personlogo\",\"inLanguage\":\"de\",\"url\":\"https:\/\/secure.gravatar.com\/avatar\/7c2e8ddf168a4d43fa09a0495da2d513?s=96&d=mm&r=g\",\"contentUrl\":\"https:\/\/secure.gravatar.com\/avatar\/7c2e8ddf168a4d43fa09a0495da2d513?s=96&d=mm&r=g\",\"caption\":\"Andreas Brandl\"},\"sameAs\":[\"https:\/\/www.bayern-wolln-mer.net\"],\"url\":\"https:\/\/www.bayern-wolln-mer.net\/blog\/index.php\/archives\/author\/andy\"}]}<\/script>\n<!-- \/ Yoast SEO plugin. -->","yoast_head_json":{"robots":{"index":"index","follow":"follow","max-snippet":"max-snippet:-1","max-image-preview":"max-image-preview:large","max-video-preview":"max-video-preview:-1"},"canonical":"https:\/\/www.bayern-wolln-mer.net\/blog\/index.php\/archives\/franken-bayern\/204-wieder-leserbriefe-zu-monika-hohlmeier.html","og_locale":"de_DE","og_type":"article","og_title":"Wieder Leserbriefe zu Monika Hohlmeier - Bayern-wolln-mer.net","og_description":"Nachdem ich hier schon ein paar sehr gute Leserbriefe bei der S\u00fcddeutschen zum Verfrachten von Monika Hohlmeier in unser Frankenland zitiert habe, wurden mir 2 hervorragende Schriftst\u00fccke zugesandt, die ich nat\u00fcrlich nicht f\u00fcr mich behalten will! Volker Backert zu &#8220;Hohlmeier-Auftritt in Michelau&#8221;: Selbst auf CSU-Versammlungen l\u00e4sst sich die Benachteiligung Frankens durch Altbayern inzwischen nicht mehr [&hellip;]","og_url":"https:\/\/www.bayern-wolln-mer.net\/blog\/index.php\/archives\/franken-bayern\/204-wieder-leserbriefe-zu-monika-hohlmeier.html","og_site_name":"Bayern-wolln-mer.net","article_published_time":"2009-01-12T16:20:29+00:00","article_modified_time":"2010-04-29T11:50:36+00:00","twitter_card":"summary_large_image","twitter_misc":{"Verfasst von":"Andreas Brandl","Gesch\u00e4tzte Lesezeit":"4\u00a0Minuten"},"schema":{"@context":"https:\/\/schema.org","@graph":[{"@type":"WebSite","@id":"https:\/\/www.bayern-wolln-mer.net\/blog\/#website","url":"https:\/\/www.bayern-wolln-mer.net\/blog\/","name":"Bayern-wolln-mer.net","description":"Frankenblog! Frei statt Bayern! Freiheit f\u00fcr Franken!","potentialAction":[{"@type":"SearchAction","target":{"@type":"EntryPoint","urlTemplate":"https:\/\/www.bayern-wolln-mer.net\/blog\/?s={search_term_string}"},"query-input":"required name=search_term_string"}],"inLanguage":"de"},{"@type":"WebPage","@id":"https:\/\/www.bayern-wolln-mer.net\/blog\/index.php\/archives\/franken-bayern\/204-wieder-leserbriefe-zu-monika-hohlmeier.html#webpage","url":"https:\/\/www.bayern-wolln-mer.net\/blog\/index.php\/archives\/franken-bayern\/204-wieder-leserbriefe-zu-monika-hohlmeier.html","name":"Wieder Leserbriefe zu Monika Hohlmeier - Bayern-wolln-mer.net","isPartOf":{"@id":"https:\/\/www.bayern-wolln-mer.net\/blog\/#website"},"datePublished":"2009-01-12T16:20:29+00:00","dateModified":"2010-04-29T11:50:36+00:00","author":{"@id":"https:\/\/www.bayern-wolln-mer.net\/blog\/#\/schema\/person\/b9fcf524d723fdb81f40a1bed0e52f96"},"breadcrumb":{"@id":"https:\/\/www.bayern-wolln-mer.net\/blog\/index.php\/archives\/franken-bayern\/204-wieder-leserbriefe-zu-monika-hohlmeier.html#breadcrumb"},"inLanguage":"de","potentialAction":[{"@type":"ReadAction","target":["https:\/\/www.bayern-wolln-mer.net\/blog\/index.php\/archives\/franken-bayern\/204-wieder-leserbriefe-zu-monika-hohlmeier.html"]}]},{"@type":"BreadcrumbList","@id":"https:\/\/www.bayern-wolln-mer.net\/blog\/index.php\/archives\/franken-bayern\/204-wieder-leserbriefe-zu-monika-hohlmeier.html#breadcrumb","itemListElement":[{"@type":"ListItem","position":1,"name":"Startseite","item":"https:\/\/www.bayern-wolln-mer.net\/blog"},{"@type":"ListItem","position":2,"name":"Wieder Leserbriefe zu Monika Hohlmeier"}]},{"@type":"Person","@id":"https:\/\/www.bayern-wolln-mer.net\/blog\/#\/schema\/person\/b9fcf524d723fdb81f40a1bed0e52f96","name":"Andreas Brandl","image":{"@type":"ImageObject","@id":"https:\/\/www.bayern-wolln-mer.net\/blog\/#personlogo","inLanguage":"de","url":"https:\/\/secure.gravatar.com\/avatar\/7c2e8ddf168a4d43fa09a0495da2d513?s=96&d=mm&r=g","contentUrl":"https:\/\/secure.gravatar.com\/avatar\/7c2e8ddf168a4d43fa09a0495da2d513?s=96&d=mm&r=g","caption":"Andreas Brandl"},"sameAs":["https:\/\/www.bayern-wolln-mer.net"],"url":"https:\/\/www.bayern-wolln-mer.net\/blog\/index.php\/archives\/author\/andy"}]}},"jetpack_sharing_enabled":true,"jetpack_shortlink":"https:\/\/wp.me\/p7UoAp-3i","jetpack-related-posts":[],"_links":{"self":[{"href":"https:\/\/www.bayern-wolln-mer.net\/blog\/index.php\/wp-json\/wp\/v2\/posts\/204"}],"collection":[{"href":"https:\/\/www.bayern-wolln-mer.net\/blog\/index.php\/wp-json\/wp\/v2\/posts"}],"about":[{"href":"https:\/\/www.bayern-wolln-mer.net\/blog\/index.php\/wp-json\/wp\/v2\/types\/post"}],"author":[{"embeddable":true,"href":"https:\/\/www.bayern-wolln-mer.net\/blog\/index.php\/wp-json\/wp\/v2\/users\/3"}],"replies":[{"embeddable":true,"href":"https:\/\/www.bayern-wolln-mer.net\/blog\/index.php\/wp-json\/wp\/v2\/comments?post=204"}],"version-history":[{"count":2,"href":"https:\/\/www.bayern-wolln-mer.net\/blog\/index.php\/wp-json\/wp\/v2\/posts\/204\/revisions"}],"predecessor-version":[{"id":749,"href":"https:\/\/www.bayern-wolln-mer.net\/blog\/index.php\/wp-json\/wp\/v2\/posts\/204\/revisions\/749"}],"wp:attachment":[{"href":"https:\/\/www.bayern-wolln-mer.net\/blog\/index.php\/wp-json\/wp\/v2\/media?parent=204"}],"wp:term":[{"taxonomy":"category","embeddable":true,"href":"https:\/\/www.bayern-wolln-mer.net\/blog\/index.php\/wp-json\/wp\/v2\/categories?post=204"},{"taxonomy":"post_tag","embeddable":true,"href":"https:\/\/www.bayern-wolln-mer.net\/blog\/index.php\/wp-json\/wp\/v2\/tags?post=204"}],"curies":[{"name":"wp","href":"https:\/\/api.w.org\/{rel}","templated":true}]}}