{"id":33,"date":"2006-12-29T02:23:34","date_gmt":"2006-12-29T00:23:34","guid":{"rendered":"http:\/\/bayern-wolln-mer.net\/blog\/index.php\/archives\/franken-bayern\/33-pauli-gate-kommentar-und-ausblick.html"},"modified":"2007-01-11T14:32:29","modified_gmt":"2007-01-11T12:32:29","slug":"pauli-gate-kommentar-und-ausblick","status":"publish","type":"post","link":"https:\/\/www.bayern-wolln-mer.net\/blog\/index.php\/archives\/franken-bayern\/33-pauli-gate-kommentar-und-ausblick.html","title":{"rendered":"Pauli-Gate-Kommentar und Ausblick"},"content":{"rendered":"<p>Im Zusammenhang mit der <a title=\"Isar-Gate\" target=\"_blank\" href=\"https:\/\/bayern-wolln-mer.net\/blog\/index.php\/archives\/franken-bayern\/32-staatliches-mobbing-gegen-pauli.html\"><strong>Pauli-Gate-Aff\u00e4re<\/strong><\/a> sendete die <strong>B2 radioWelt<\/strong> am 22.12.2006 einen sehr guten Kommentar von <strong>Daniela Phillipi<\/strong>, den ich hier auszugsweise wiedergeben m\u00f6chte:<\/p>\n<p>Sie meinte, dass die ganze Angelegenheit &#8220;<em>vermeidbar gewesen w\u00e4re<\/em>&#8220;, wenn der Ministerpr\u00e4sident &#8220;<em>nicht auf <strong>Tauchstation<\/strong><\/em><strong>&#8221; <\/strong>gegangen w\u00e4re. Stoiber h\u00e4tte sich wenigstens zeitnah dazu \u00e4u\u00dfern m\u00fcssen (&#8220;<em>selbst ein schriftliches Dementi lie\u00df <strong>2 Tage<\/strong> auf sich warten<\/em>&#8220;), &#8220;<em>dadurch bestimmte <a target=\"_blank\" title=\"Bespitzelung von Stoiber-Kritiker Pauli\" href=\"https:\/\/bayern-wolln-mer.net\/blog\/index.php\/archives\/franken-bayern\/30-bespitzelung-von-stoiber-kritiker-pauli.html\"><strong>Gabriele Pauli<\/strong><\/a> die Medien und die Staatskanzlei wurde in eine Verteidigungshaltung gedr\u00e4ngt<\/em>&#8221; so Daniela Phillipi.<\/p>\n<p>Der &#8220;<em>langj\u00e4hrige Intimus des Ministerpr\u00e4sidenten<\/em>&#8221; sei &#8220;<em><strong>nicht<\/strong> zum ersten Mal seinem Chef zur Seite gesprungen<\/em>&#8220;, aber ein &#8220;S<em>chuldeingest\u00e4ndnis w\u00e4re das aus Sicht H\u00f6henbergers nicht<\/em>&#8220;. Seine Hoffung &#8220;<em>die Aff\u00e4re w\u00e4re damit vom Tisch und Stoiber aus der Schusslinie<\/em>&#8221; macht ihn so zu einem &#8220;<strong><em>echten Bauernopfer<\/em><\/strong>&#8220;.<\/p>\n<p>F\u00fcr Frau Phillipi &#8220;<em>bleiben, abgesehen davon, was wirklich passiert ist, Fragen offen<\/em>&#8220;:<\/p>\n<ul>\n<li>Hat Herr Stoiber &#8220;<em>von der Bespitzelung gewusst oder sie gar angeregt, dann steht er schlecht da<\/em>&#8220;.<\/li>\n<li>Hat der &#8220;<em>Beamte dagegen in vorauseilendem Gehorsam gehandelt, dann steht Stoiber auch nicht besser da<\/em>&#8220;.<\/li>\n<\/ul>\n<p>Es w\u00e4re wieder mal die &#8220;<em>Vermischung von Staats- und Parteiarbeit<\/em>&#8221; die zu den Problemen f\u00fchrte, denn &#8220;<em>was hat sich der <strong>B\u00fcroleiter<\/strong> des Ministerpr\u00e4sidenten um die Aktivit\u00e4ten der \u00e4rgsten Stoiber-Kritikerin zu k\u00fcmmern<\/em>&#8220;?<\/p>\n<p>Obwohl das &#8220;<em>Internetforum um die Zukunft Stoibers h\u00f6chst illoyal<\/em>&#8221; gewesen w\u00e4re, war es ein <strong>&#8220;<\/strong><em><strong>Fehler<\/strong>, dass Stoiber ihr keinen Gespr\u00e4chstermin einger\u00e4umte und sie auch j\u00fcngst nach ihren \u00c4u\u00dferungen abblitzen lie\u00df<\/em>&#8220;.<\/p>\n<p>Abschlie\u00dfend meinte Frau Phillipi, dass das ganze &#8220;<em>kein reinigendes Gewitter sei, sondern ein <strong>Unwetter <\/strong>&#8211; und das kommt f\u00fcr den angeschlagenen Ministerpr\u00e4sidenten ungelegener denn je<\/em>&#8220;!<\/p>\n<p><strong>Ich denke&#8230;<\/strong><\/p>\n<p>&#8230;da das Treffen von <strong>Dr. G\u00fcnther Beckstein<\/strong> mit der popul\u00e4ren Landr\u00e4tin offenbar an der Sachlage nichts \u00e4nderte &#8221; <strong>Frau Pauli <\/strong>also auch nicht &#8220;ein Angebot unterbreitet wurde das sie nicht ablehnen konnte&#8221; &#8221; wird nach dem Jahreswechsel die <strong>Opposition <\/strong>voll in der Sache nachhaken. Dass Stoiber daraufhin das Amt niederlegt glaube ich nicht, denn die <strong>Amigos <\/strong>in M\u00fcnchen werden sich da schon irgendwie wieder rauswinden. Aber Stoiber wird in Hinblick auf eine weitere Amtszeit parteiintern nun weitaus schlechtere Karten haben, als er ohnehin nach seinem Berlin-M\u00fcnchen-Wechsel hatte. Dadurch wird der Kampf um seine Nachfolge wieder aufflammen in dessen Zusammenhang <a title=\"Die Angst der CSU vor der Demokratie\" target=\"_blank\" href=\"https:\/\/www.stoibaer.de\/die-angst-der-csu-vor-der-demokratie.html\"><strong>stoib\u00e4r.de<\/strong><\/a> eine Polarisierung zwischen <strong>Franken<\/strong> (Beckstein) und <strong>Altbayern <\/strong>(Stoiber) sieht, da Beckstein ja w\u00e4hrend der kurzen <strong>Superministerzeit <\/strong>Stoibers quasi schon mal auf dem Ministerpr\u00e4sidentensessel &#8220;probesitzen&#8221; durfte. Herr Beckstein d\u00fcrfte also <strong>Frau Pauli<\/strong> nicht allzu eindringlich von einer R\u00fccknahme der Bespitzelungsvorw\u00fcrfe versucht zu \u00fcberzeugen haben, oder? \ud83d\ude09<\/p>\n<p>Tja, ich hatte diese Angelegenheit von Anfang an unter <a title=\"Franken-Bayern-Konflikte\" target=\"_blank\" href=\"https:\/\/bayern-wolln-mer.net\/blog\/index.php\/archives\/category\/franken-bayern\/\"><strong>Franken-Bayern<\/strong><\/a> eingeordnet!<\/p>\n<div class=\"sharedaddy sd-sharing-enabled\"><div class=\"robots-nocontent sd-block sd-social sd-social-icon sd-sharing\"><h3 class=\"sd-title\">Share this:<\/h3><div class=\"sd-content\"><ul><li class=\"share-print\"><a rel=\"nofollow noopener noreferrer\" data-shared=\"\" class=\"share-print sd-button share-icon no-text\" href=\"https:\/\/www.bayern-wolln-mer.net\/blog\/index.php\/archives\/franken-bayern\/33-pauli-gate-kommentar-und-ausblick.html\" target=\"_blank\" title=\"Klicken zum Ausdrucken\"><span><\/span><span class=\"sharing-screen-reader-text\">Klicken zum Ausdrucken (Wird in neuem Fenster ge\u00f6ffnet)<\/span><\/a><\/li><li class=\"share-email\"><a rel=\"nofollow noopener noreferrer\" data-shared=\"\" class=\"share-email sd-button share-icon no-text\" href=\"https:\/\/www.bayern-wolln-mer.net\/blog\/index.php\/archives\/franken-bayern\/33-pauli-gate-kommentar-und-ausblick.html?share=email\" target=\"_blank\" title=\"Klick, um dies einem Freund per E-Mail zu senden\"><span><\/span><span class=\"sharing-screen-reader-text\">Klick, um dies einem Freund per E-Mail zu senden (Wird in neuem Fenster ge\u00f6ffnet)<\/span><\/a><\/li><li class=\"share-twitter\"><a rel=\"nofollow noopener noreferrer\" data-shared=\"sharing-twitter-33\" class=\"share-twitter sd-button share-icon no-text\" href=\"https:\/\/www.bayern-wolln-mer.net\/blog\/index.php\/archives\/franken-bayern\/33-pauli-gate-kommentar-und-ausblick.html?share=twitter\" target=\"_blank\" title=\"Klick, um \u00fcber Twitter zu teilen\"><span><\/span><span class=\"sharing-screen-reader-text\">Klick, um \u00fcber Twitter zu teilen (Wird in neuem Fenster ge\u00f6ffnet)<\/span><\/a><\/li><li class=\"share-jetpack-whatsapp\"><a rel=\"nofollow noopener noreferrer\" data-shared=\"\" class=\"share-jetpack-whatsapp sd-button share-icon no-text\" href=\"https:\/\/www.bayern-wolln-mer.net\/blog\/index.php\/archives\/franken-bayern\/33-pauli-gate-kommentar-und-ausblick.html?share=jetpack-whatsapp\" target=\"_blank\" title=\"Klicken, um auf WhatsApp zu teilen\"><span><\/span><span class=\"sharing-screen-reader-text\">Klicken, um auf WhatsApp zu teilen (Wird in neuem Fenster ge\u00f6ffnet)<\/span><\/a><\/li><li class=\"share-linkedin\"><a rel=\"nofollow noopener noreferrer\" data-shared=\"sharing-linkedin-33\" class=\"share-linkedin sd-button share-icon no-text\" href=\"https:\/\/www.bayern-wolln-mer.net\/blog\/index.php\/archives\/franken-bayern\/33-pauli-gate-kommentar-und-ausblick.html?share=linkedin\" target=\"_blank\" title=\"Klick, um auf LinkedIn zu teilen\"><span><\/span><span class=\"sharing-screen-reader-text\">Klick, um auf LinkedIn zu teilen (Wird in neuem Fenster ge\u00f6ffnet)<\/span><\/a><\/li><li class=\"share-reddit\"><a rel=\"nofollow noopener noreferrer\" data-shared=\"\" class=\"share-reddit sd-button share-icon no-text\" href=\"https:\/\/www.bayern-wolln-mer.net\/blog\/index.php\/archives\/franken-bayern\/33-pauli-gate-kommentar-und-ausblick.html?share=reddit\" target=\"_blank\" title=\"Klick, um auf Reddit zu teilen\"><span><\/span><span class=\"sharing-screen-reader-text\">Klick, um auf Reddit zu teilen (Wird in neuem Fenster ge\u00f6ffnet)<\/span><\/a><\/li><li class=\"share-tumblr\"><a rel=\"nofollow noopener noreferrer\" data-shared=\"\" class=\"share-tumblr sd-button share-icon no-text\" href=\"https:\/\/www.bayern-wolln-mer.net\/blog\/index.php\/archives\/franken-bayern\/33-pauli-gate-kommentar-und-ausblick.html?share=tumblr\" target=\"_blank\" title=\"Klick, um auf Tumblr zu teilen\"><span><\/span><span class=\"sharing-screen-reader-text\">Klick, um auf Tumblr zu teilen (Wird in neuem Fenster ge\u00f6ffnet)<\/span><\/a><\/li><li class=\"share-pinterest\"><a rel=\"nofollow noopener noreferrer\" data-shared=\"sharing-pinterest-33\" class=\"share-pinterest sd-button share-icon no-text\" href=\"https:\/\/www.bayern-wolln-mer.net\/blog\/index.php\/archives\/franken-bayern\/33-pauli-gate-kommentar-und-ausblick.html?share=pinterest\" target=\"_blank\" title=\"Klick, um auf Pinterest zu teilen\"><span><\/span><span class=\"sharing-screen-reader-text\">Klick, um auf Pinterest zu teilen (Wird in neuem Fenster ge\u00f6ffnet)<\/span><\/a><\/li><li class=\"share-pocket\"><a rel=\"nofollow noopener noreferrer\" data-shared=\"\" class=\"share-pocket sd-button share-icon no-text\" href=\"https:\/\/www.bayern-wolln-mer.net\/blog\/index.php\/archives\/franken-bayern\/33-pauli-gate-kommentar-und-ausblick.html?share=pocket\" target=\"_blank\" title=\"Klick, um auf Pocket zu teilen\"><span><\/span><span class=\"sharing-screen-reader-text\">Klick, um auf Pocket zu teilen (Wird in neuem Fenster ge\u00f6ffnet)<\/span><\/a><\/li><li class=\"share-telegram\"><a rel=\"nofollow noopener noreferrer\" data-shared=\"\" class=\"share-telegram sd-button share-icon no-text\" href=\"https:\/\/www.bayern-wolln-mer.net\/blog\/index.php\/archives\/franken-bayern\/33-pauli-gate-kommentar-und-ausblick.html?share=telegram\" target=\"_blank\" title=\"Klicken, um auf Telegram zu teilen\"><span><\/span><span class=\"sharing-screen-reader-text\">Klicken, um auf Telegram zu teilen (Wird in neuem Fenster ge\u00f6ffnet)<\/span><\/a><\/li><li class=\"share-skype\"><a rel=\"nofollow noopener noreferrer\" data-shared=\"sharing-skype-33\" class=\"share-skype sd-button share-icon no-text\" href=\"https:\/\/www.bayern-wolln-mer.net\/blog\/index.php\/archives\/franken-bayern\/33-pauli-gate-kommentar-und-ausblick.html?share=skype\" target=\"_blank\" title=\"Klicken, um in Skype zu teilen\"><span><\/span><span class=\"sharing-screen-reader-text\">Klicken, um in Skype zu teilen (Wird in neuem Fenster ge\u00f6ffnet)<\/span><\/a><\/li><li><a href=\"#\" class=\"sharing-anchor sd-button share-more\"><span>Mehr<\/span><\/a><\/li><li class=\"share-end\"><\/li><\/ul><div class=\"sharing-hidden\"><div class=\"inner\" style=\"display: none;width:150px;\"><ul style=\"background-image:none;\"><li class=\"share-facebook\"><a rel=\"nofollow noopener noreferrer\" data-shared=\"sharing-facebook-33\" class=\"share-facebook sd-button share-icon no-text\" href=\"https:\/\/www.bayern-wolln-mer.net\/blog\/index.php\/archives\/franken-bayern\/33-pauli-gate-kommentar-und-ausblick.html?share=facebook\" target=\"_blank\" title=\"Klick, um auf Facebook zu teilen\"><span><\/span><span class=\"sharing-screen-reader-text\">Klick, um auf Facebook zu teilen (Wird in neuem Fenster ge\u00f6ffnet)<\/span><\/a><\/li><li class=\"share-end\"><\/li><\/ul><\/div><\/div><\/div><\/div><\/div>","protected":false},"excerpt":{"rendered":"<p>Im Zusammenhang mit der Pauli-Gate-Aff\u00e4re sendete die B2 radioWelt am 22.12.2006 einen sehr guten Kommentar von Daniela Phillipi, den ich hier auszugsweise wiedergeben m\u00f6chte: Sie meinte, dass die ganze Angelegenheit &#8220;vermeidbar gewesen w\u00e4re&#8220;, wenn der Ministerpr\u00e4sident &#8220;nicht auf Tauchstation&#8221; gegangen w\u00e4re. Stoiber h\u00e4tte sich wenigstens zeitnah dazu \u00e4u\u00dfern m\u00fcssen (&#8220;selbst ein schriftliches Dementi lie\u00df 2 [&hellip;]<\/p>\n<div class=\"sharedaddy sd-sharing-enabled\"><div class=\"robots-nocontent sd-block sd-social sd-social-icon sd-sharing\"><h3 class=\"sd-title\">Share this:<\/h3><div class=\"sd-content\"><ul><li class=\"share-print\"><a rel=\"nofollow noopener noreferrer\" data-shared=\"\" class=\"share-print sd-button share-icon no-text\" href=\"https:\/\/www.bayern-wolln-mer.net\/blog\/index.php\/archives\/franken-bayern\/33-pauli-gate-kommentar-und-ausblick.html\" target=\"_blank\" title=\"Klicken zum Ausdrucken\"><span><\/span><span class=\"sharing-screen-reader-text\">Klicken zum Ausdrucken (Wird in neuem Fenster ge\u00f6ffnet)<\/span><\/a><\/li><li class=\"share-email\"><a rel=\"nofollow noopener noreferrer\" data-shared=\"\" class=\"share-email sd-button share-icon no-text\" href=\"https:\/\/www.bayern-wolln-mer.net\/blog\/index.php\/archives\/franken-bayern\/33-pauli-gate-kommentar-und-ausblick.html?share=email\" target=\"_blank\" title=\"Klick, um dies einem Freund per E-Mail zu senden\"><span><\/span><span class=\"sharing-screen-reader-text\">Klick, um dies einem Freund per E-Mail zu senden (Wird in neuem Fenster ge\u00f6ffnet)<\/span><\/a><\/li><li class=\"share-twitter\"><a rel=\"nofollow noopener noreferrer\" data-shared=\"sharing-twitter-33\" class=\"share-twitter sd-button share-icon no-text\" href=\"https:\/\/www.bayern-wolln-mer.net\/blog\/index.php\/archives\/franken-bayern\/33-pauli-gate-kommentar-und-ausblick.html?share=twitter\" target=\"_blank\" title=\"Klick, um \u00fcber Twitter zu teilen\"><span><\/span><span class=\"sharing-screen-reader-text\">Klick, um \u00fcber Twitter zu teilen (Wird in neuem Fenster ge\u00f6ffnet)<\/span><\/a><\/li><li class=\"share-jetpack-whatsapp\"><a rel=\"nofollow noopener noreferrer\" data-shared=\"\" class=\"share-jetpack-whatsapp sd-button share-icon no-text\" href=\"https:\/\/www.bayern-wolln-mer.net\/blog\/index.php\/archives\/franken-bayern\/33-pauli-gate-kommentar-und-ausblick.html?share=jetpack-whatsapp\" target=\"_blank\" title=\"Klicken, um auf WhatsApp zu teilen\"><span><\/span><span class=\"sharing-screen-reader-text\">Klicken, um auf WhatsApp zu teilen (Wird in neuem Fenster ge\u00f6ffnet)<\/span><\/a><\/li><li class=\"share-linkedin\"><a rel=\"nofollow noopener noreferrer\" data-shared=\"sharing-linkedin-33\" class=\"share-linkedin sd-button share-icon no-text\" href=\"https:\/\/www.bayern-wolln-mer.net\/blog\/index.php\/archives\/franken-bayern\/33-pauli-gate-kommentar-und-ausblick.html?share=linkedin\" target=\"_blank\" title=\"Klick, um auf LinkedIn zu teilen\"><span><\/span><span class=\"sharing-screen-reader-text\">Klick, um auf LinkedIn zu teilen (Wird in neuem Fenster ge\u00f6ffnet)<\/span><\/a><\/li><li class=\"share-reddit\"><a rel=\"nofollow noopener noreferrer\" data-shared=\"\" class=\"share-reddit sd-button share-icon no-text\" href=\"https:\/\/www.bayern-wolln-mer.net\/blog\/index.php\/archives\/franken-bayern\/33-pauli-gate-kommentar-und-ausblick.html?share=reddit\" target=\"_blank\" title=\"Klick, um auf Reddit zu teilen\"><span><\/span><span class=\"sharing-screen-reader-text\">Klick, um auf Reddit zu teilen (Wird in neuem Fenster ge\u00f6ffnet)<\/span><\/a><\/li><li class=\"share-tumblr\"><a rel=\"nofollow noopener noreferrer\" data-shared=\"\" class=\"share-tumblr sd-button share-icon no-text\" href=\"https:\/\/www.bayern-wolln-mer.net\/blog\/index.php\/archives\/franken-bayern\/33-pauli-gate-kommentar-und-ausblick.html?share=tumblr\" target=\"_blank\" title=\"Klick, um auf Tumblr zu teilen\"><span><\/span><span class=\"sharing-screen-reader-text\">Klick, um auf Tumblr zu teilen (Wird in neuem Fenster ge\u00f6ffnet)<\/span><\/a><\/li><li class=\"share-pinterest\"><a rel=\"nofollow noopener noreferrer\" data-shared=\"sharing-pinterest-33\" class=\"share-pinterest sd-button share-icon no-text\" href=\"https:\/\/www.bayern-wolln-mer.net\/blog\/index.php\/archives\/franken-bayern\/33-pauli-gate-kommentar-und-ausblick.html?share=pinterest\" target=\"_blank\" title=\"Klick, um auf Pinterest zu teilen\"><span><\/span><span class=\"sharing-screen-reader-text\">Klick, um auf Pinterest zu teilen (Wird in neuem Fenster ge\u00f6ffnet)<\/span><\/a><\/li><li class=\"share-pocket\"><a rel=\"nofollow noopener noreferrer\" data-shared=\"\" class=\"share-pocket sd-button share-icon no-text\" href=\"https:\/\/www.bayern-wolln-mer.net\/blog\/index.php\/archives\/franken-bayern\/33-pauli-gate-kommentar-und-ausblick.html?share=pocket\" target=\"_blank\" title=\"Klick, um auf Pocket zu teilen\"><span><\/span><span class=\"sharing-screen-reader-text\">Klick, um auf Pocket zu teilen (Wird in neuem Fenster ge\u00f6ffnet)<\/span><\/a><\/li><li class=\"share-telegram\"><a rel=\"nofollow noopener noreferrer\" data-shared=\"\" class=\"share-telegram sd-button share-icon no-text\" href=\"https:\/\/www.bayern-wolln-mer.net\/blog\/index.php\/archives\/franken-bayern\/33-pauli-gate-kommentar-und-ausblick.html?share=telegram\" target=\"_blank\" title=\"Klicken, um auf Telegram zu teilen\"><span><\/span><span class=\"sharing-screen-reader-text\">Klicken, um auf Telegram zu teilen (Wird in neuem Fenster ge\u00f6ffnet)<\/span><\/a><\/li><li class=\"share-skype\"><a rel=\"nofollow noopener noreferrer\" data-shared=\"sharing-skype-33\" class=\"share-skype sd-button share-icon no-text\" href=\"https:\/\/www.bayern-wolln-mer.net\/blog\/index.php\/archives\/franken-bayern\/33-pauli-gate-kommentar-und-ausblick.html?share=skype\" target=\"_blank\" title=\"Klicken, um in Skype zu teilen\"><span><\/span><span class=\"sharing-screen-reader-text\">Klicken, um in Skype zu teilen (Wird in neuem Fenster ge\u00f6ffnet)<\/span><\/a><\/li><li><a href=\"#\" class=\"sharing-anchor sd-button share-more\"><span>Mehr<\/span><\/a><\/li><li class=\"share-end\"><\/li><\/ul><div class=\"sharing-hidden\"><div class=\"inner\" style=\"display: none;width:150px;\"><ul style=\"background-image:none;\"><li class=\"share-facebook\"><a rel=\"nofollow noopener noreferrer\" data-shared=\"sharing-facebook-33\" class=\"share-facebook sd-button share-icon no-text\" href=\"https:\/\/www.bayern-wolln-mer.net\/blog\/index.php\/archives\/franken-bayern\/33-pauli-gate-kommentar-und-ausblick.html?share=facebook\" target=\"_blank\" title=\"Klick, um auf Facebook zu teilen\"><span><\/span><span class=\"sharing-screen-reader-text\">Klick, um auf Facebook zu teilen (Wird in neuem Fenster ge\u00f6ffnet)<\/span><\/a><\/li><li class=\"share-end\"><\/li><\/ul><\/div><\/div><\/div><\/div><\/div>","protected":false},"author":3,"featured_media":0,"comment_status":"open","ping_status":"open","sticky":false,"template":"","format":"standard","meta":{"spay_email":"","jetpack_publicize_message":""},"categories":[4,6],"tags":[40],"jetpack_featured_media_url":"","jetpack_publicize_connections":[],"yoast_head":"<!-- This site is optimized with the Yoast SEO plugin v18.2 - https:\/\/yoast.com\/wordpress\/plugins\/seo\/ -->\n<meta name=\"robots\" content=\"index, follow, max-snippet:-1, max-image-preview:large, max-video-preview:-1\" \/>\n<link rel=\"canonical\" href=\"https:\/\/www.bayern-wolln-mer.net\/blog\/index.php\/archives\/franken-bayern\/33-pauli-gate-kommentar-und-ausblick.html\" \/>\n<meta property=\"og:locale\" content=\"de_DE\" \/>\n<meta property=\"og:type\" content=\"article\" \/>\n<meta property=\"og:title\" content=\"Pauli-Gate-Kommentar und Ausblick - Bayern-wolln-mer.net\" \/>\n<meta property=\"og:description\" content=\"Im Zusammenhang mit der Pauli-Gate-Aff\u00e4re sendete die B2 radioWelt am 22.12.2006 einen sehr guten Kommentar von Daniela Phillipi, den ich hier auszugsweise wiedergeben m\u00f6chte: Sie meinte, dass die ganze Angelegenheit &#8220;vermeidbar gewesen w\u00e4re&#8220;, wenn der Ministerpr\u00e4sident &#8220;nicht auf Tauchstation&#8221; gegangen w\u00e4re. Stoiber h\u00e4tte sich wenigstens zeitnah dazu \u00e4u\u00dfern m\u00fcssen (&#8220;selbst ein schriftliches Dementi lie\u00df 2 [&hellip;]\" \/>\n<meta property=\"og:url\" content=\"https:\/\/www.bayern-wolln-mer.net\/blog\/index.php\/archives\/franken-bayern\/33-pauli-gate-kommentar-und-ausblick.html\" \/>\n<meta property=\"og:site_name\" content=\"Bayern-wolln-mer.net\" \/>\n<meta property=\"article:published_time\" content=\"2006-12-29T00:23:34+00:00\" \/>\n<meta property=\"article:modified_time\" content=\"2007-01-11T12:32:29+00:00\" \/>\n<meta name=\"twitter:card\" content=\"summary_large_image\" \/>\n<meta name=\"twitter:label1\" content=\"Verfasst von\" \/>\n\t<meta name=\"twitter:data1\" content=\"Andreas Brandl\" \/>\n\t<meta name=\"twitter:label2\" content=\"Gesch\u00e4tzte Lesezeit\" \/>\n\t<meta name=\"twitter:data2\" content=\"2\u00a0Minuten\" \/>\n<script type=\"application\/ld+json\" class=\"yoast-schema-graph\">{\"@context\":\"https:\/\/schema.org\",\"@graph\":[{\"@type\":\"WebSite\",\"@id\":\"https:\/\/www.bayern-wolln-mer.net\/blog\/#website\",\"url\":\"https:\/\/www.bayern-wolln-mer.net\/blog\/\",\"name\":\"Bayern-wolln-mer.net\",\"description\":\"Frankenblog! Frei statt Bayern! Freiheit f\u00fcr Franken!\",\"potentialAction\":[{\"@type\":\"SearchAction\",\"target\":{\"@type\":\"EntryPoint\",\"urlTemplate\":\"https:\/\/www.bayern-wolln-mer.net\/blog\/?s={search_term_string}\"},\"query-input\":\"required name=search_term_string\"}],\"inLanguage\":\"de\"},{\"@type\":\"WebPage\",\"@id\":\"https:\/\/www.bayern-wolln-mer.net\/blog\/index.php\/archives\/franken-bayern\/33-pauli-gate-kommentar-und-ausblick.html#webpage\",\"url\":\"https:\/\/www.bayern-wolln-mer.net\/blog\/index.php\/archives\/franken-bayern\/33-pauli-gate-kommentar-und-ausblick.html\",\"name\":\"Pauli-Gate-Kommentar und Ausblick - Bayern-wolln-mer.net\",\"isPartOf\":{\"@id\":\"https:\/\/www.bayern-wolln-mer.net\/blog\/#website\"},\"datePublished\":\"2006-12-29T00:23:34+00:00\",\"dateModified\":\"2007-01-11T12:32:29+00:00\",\"author\":{\"@id\":\"https:\/\/www.bayern-wolln-mer.net\/blog\/#\/schema\/person\/b9fcf524d723fdb81f40a1bed0e52f96\"},\"breadcrumb\":{\"@id\":\"https:\/\/www.bayern-wolln-mer.net\/blog\/index.php\/archives\/franken-bayern\/33-pauli-gate-kommentar-und-ausblick.html#breadcrumb\"},\"inLanguage\":\"de\",\"potentialAction\":[{\"@type\":\"ReadAction\",\"target\":[\"https:\/\/www.bayern-wolln-mer.net\/blog\/index.php\/archives\/franken-bayern\/33-pauli-gate-kommentar-und-ausblick.html\"]}]},{\"@type\":\"BreadcrumbList\",\"@id\":\"https:\/\/www.bayern-wolln-mer.net\/blog\/index.php\/archives\/franken-bayern\/33-pauli-gate-kommentar-und-ausblick.html#breadcrumb\",\"itemListElement\":[{\"@type\":\"ListItem\",\"position\":1,\"name\":\"Startseite\",\"item\":\"https:\/\/www.bayern-wolln-mer.net\/blog\"},{\"@type\":\"ListItem\",\"position\":2,\"name\":\"Pauli-Gate-Kommentar und Ausblick\"}]},{\"@type\":\"Person\",\"@id\":\"https:\/\/www.bayern-wolln-mer.net\/blog\/#\/schema\/person\/b9fcf524d723fdb81f40a1bed0e52f96\",\"name\":\"Andreas Brandl\",\"image\":{\"@type\":\"ImageObject\",\"@id\":\"https:\/\/www.bayern-wolln-mer.net\/blog\/#personlogo\",\"inLanguage\":\"de\",\"url\":\"https:\/\/secure.gravatar.com\/avatar\/7c2e8ddf168a4d43fa09a0495da2d513?s=96&d=mm&r=g\",\"contentUrl\":\"https:\/\/secure.gravatar.com\/avatar\/7c2e8ddf168a4d43fa09a0495da2d513?s=96&d=mm&r=g\",\"caption\":\"Andreas Brandl\"},\"sameAs\":[\"https:\/\/www.bayern-wolln-mer.net\"],\"url\":\"https:\/\/www.bayern-wolln-mer.net\/blog\/index.php\/archives\/author\/andy\"}]}<\/script>\n<!-- \/ Yoast SEO plugin. -->","yoast_head_json":{"robots":{"index":"index","follow":"follow","max-snippet":"max-snippet:-1","max-image-preview":"max-image-preview:large","max-video-preview":"max-video-preview:-1"},"canonical":"https:\/\/www.bayern-wolln-mer.net\/blog\/index.php\/archives\/franken-bayern\/33-pauli-gate-kommentar-und-ausblick.html","og_locale":"de_DE","og_type":"article","og_title":"Pauli-Gate-Kommentar und Ausblick - Bayern-wolln-mer.net","og_description":"Im Zusammenhang mit der Pauli-Gate-Aff\u00e4re sendete die B2 radioWelt am 22.12.2006 einen sehr guten Kommentar von Daniela Phillipi, den ich hier auszugsweise wiedergeben m\u00f6chte: Sie meinte, dass die ganze Angelegenheit &#8220;vermeidbar gewesen w\u00e4re&#8220;, wenn der Ministerpr\u00e4sident &#8220;nicht auf Tauchstation&#8221; gegangen w\u00e4re. Stoiber h\u00e4tte sich wenigstens zeitnah dazu \u00e4u\u00dfern m\u00fcssen (&#8220;selbst ein schriftliches Dementi lie\u00df 2 [&hellip;]","og_url":"https:\/\/www.bayern-wolln-mer.net\/blog\/index.php\/archives\/franken-bayern\/33-pauli-gate-kommentar-und-ausblick.html","og_site_name":"Bayern-wolln-mer.net","article_published_time":"2006-12-29T00:23:34+00:00","article_modified_time":"2007-01-11T12:32:29+00:00","twitter_card":"summary_large_image","twitter_misc":{"Verfasst von":"Andreas Brandl","Gesch\u00e4tzte Lesezeit":"2\u00a0Minuten"},"schema":{"@context":"https:\/\/schema.org","@graph":[{"@type":"WebSite","@id":"https:\/\/www.bayern-wolln-mer.net\/blog\/#website","url":"https:\/\/www.bayern-wolln-mer.net\/blog\/","name":"Bayern-wolln-mer.net","description":"Frankenblog! Frei statt Bayern! Freiheit f\u00fcr Franken!","potentialAction":[{"@type":"SearchAction","target":{"@type":"EntryPoint","urlTemplate":"https:\/\/www.bayern-wolln-mer.net\/blog\/?s={search_term_string}"},"query-input":"required name=search_term_string"}],"inLanguage":"de"},{"@type":"WebPage","@id":"https:\/\/www.bayern-wolln-mer.net\/blog\/index.php\/archives\/franken-bayern\/33-pauli-gate-kommentar-und-ausblick.html#webpage","url":"https:\/\/www.bayern-wolln-mer.net\/blog\/index.php\/archives\/franken-bayern\/33-pauli-gate-kommentar-und-ausblick.html","name":"Pauli-Gate-Kommentar und Ausblick - Bayern-wolln-mer.net","isPartOf":{"@id":"https:\/\/www.bayern-wolln-mer.net\/blog\/#website"},"datePublished":"2006-12-29T00:23:34+00:00","dateModified":"2007-01-11T12:32:29+00:00","author":{"@id":"https:\/\/www.bayern-wolln-mer.net\/blog\/#\/schema\/person\/b9fcf524d723fdb81f40a1bed0e52f96"},"breadcrumb":{"@id":"https:\/\/www.bayern-wolln-mer.net\/blog\/index.php\/archives\/franken-bayern\/33-pauli-gate-kommentar-und-ausblick.html#breadcrumb"},"inLanguage":"de","potentialAction":[{"@type":"ReadAction","target":["https:\/\/www.bayern-wolln-mer.net\/blog\/index.php\/archives\/franken-bayern\/33-pauli-gate-kommentar-und-ausblick.html"]}]},{"@type":"BreadcrumbList","@id":"https:\/\/www.bayern-wolln-mer.net\/blog\/index.php\/archives\/franken-bayern\/33-pauli-gate-kommentar-und-ausblick.html#breadcrumb","itemListElement":[{"@type":"ListItem","position":1,"name":"Startseite","item":"https:\/\/www.bayern-wolln-mer.net\/blog"},{"@type":"ListItem","position":2,"name":"Pauli-Gate-Kommentar und Ausblick"}]},{"@type":"Person","@id":"https:\/\/www.bayern-wolln-mer.net\/blog\/#\/schema\/person\/b9fcf524d723fdb81f40a1bed0e52f96","name":"Andreas Brandl","image":{"@type":"ImageObject","@id":"https:\/\/www.bayern-wolln-mer.net\/blog\/#personlogo","inLanguage":"de","url":"https:\/\/secure.gravatar.com\/avatar\/7c2e8ddf168a4d43fa09a0495da2d513?s=96&d=mm&r=g","contentUrl":"https:\/\/secure.gravatar.com\/avatar\/7c2e8ddf168a4d43fa09a0495da2d513?s=96&d=mm&r=g","caption":"Andreas Brandl"},"sameAs":["https:\/\/www.bayern-wolln-mer.net"],"url":"https:\/\/www.bayern-wolln-mer.net\/blog\/index.php\/archives\/author\/andy"}]}},"jetpack_sharing_enabled":true,"jetpack_shortlink":"https:\/\/wp.me\/p7UoAp-x","jetpack-related-posts":[],"_links":{"self":[{"href":"https:\/\/www.bayern-wolln-mer.net\/blog\/index.php\/wp-json\/wp\/v2\/posts\/33"}],"collection":[{"href":"https:\/\/www.bayern-wolln-mer.net\/blog\/index.php\/wp-json\/wp\/v2\/posts"}],"about":[{"href":"https:\/\/www.bayern-wolln-mer.net\/blog\/index.php\/wp-json\/wp\/v2\/types\/post"}],"author":[{"embeddable":true,"href":"https:\/\/www.bayern-wolln-mer.net\/blog\/index.php\/wp-json\/wp\/v2\/users\/3"}],"replies":[{"embeddable":true,"href":"https:\/\/www.bayern-wolln-mer.net\/blog\/index.php\/wp-json\/wp\/v2\/comments?post=33"}],"version-history":[{"count":0,"href":"https:\/\/www.bayern-wolln-mer.net\/blog\/index.php\/wp-json\/wp\/v2\/posts\/33\/revisions"}],"wp:attachment":[{"href":"https:\/\/www.bayern-wolln-mer.net\/blog\/index.php\/wp-json\/wp\/v2\/media?parent=33"}],"wp:term":[{"taxonomy":"category","embeddable":true,"href":"https:\/\/www.bayern-wolln-mer.net\/blog\/index.php\/wp-json\/wp\/v2\/categories?post=33"},{"taxonomy":"post_tag","embeddable":true,"href":"https:\/\/www.bayern-wolln-mer.net\/blog\/index.php\/wp-json\/wp\/v2\/tags?post=33"}],"curies":[{"name":"wp","href":"https:\/\/api.w.org\/{rel}","templated":true}]}}