{"id":35,"date":"2007-01-04T00:29:02","date_gmt":"2007-01-03T22:29:02","guid":{"rendered":"http:\/\/bayern-wolln-mer.net\/blog\/index.php\/archives\/franken-bayern\/35-laut-umfragen-bayern-bald-stoiberlos.html"},"modified":"2007-01-19T22:53:18","modified_gmt":"2007-01-19T20:53:18","slug":"laut-umfragen-bayern-bald-stoiberlos","status":"publish","type":"post","link":"https:\/\/www.bayern-wolln-mer.net\/blog\/index.php\/archives\/franken-bayern\/35-laut-umfragen-bayern-bald-stoiberlos.html","title":{"rendered":"Laut Umfragen Bayern bald Stoiberlos?"},"content":{"rendered":"<p>Kurze Pause um sich gegenseitig ein <strong>gutes neues Jahr<\/strong> zu w\u00fcnschen (Ihnen auf diesem Wege auch,<strong> lieber Leser<\/strong>!) und schon wird wieder weiter gestritten.<\/p>\n<p>Zu dem geforderten <a target=\"_blank\" title=\"Frankenblog berichtete\" href=\"https:\/\/bayern-wolln-mer.net\/blog\/index.php\/archives\/franken-bayern\/34-csu-parteiausschlussverfahren-gegen-pauli.html\"><strong>Parteiausschlussverfahren gegen Dr. Gabriele Pauli<\/strong><\/a> pr\u00e4sentierte welt.de noch am 31.12.2006 das Ergebnis einer <strong>Forsa-Umfrage<\/strong>, wonach <strong>62 Prozent<\/strong> der Befragten der Meinung w\u00e4ren, die CSU k\u00f6nne <strong>ohne Stoiber<\/strong> ein besseres Ergebnis erzielen. Dagegen gaben nur 26 Prozent an zu glauben, dass die CSU mit Stoiber als Spitzenkandidaten besser abschneiden w\u00fcrde. &#8220;Uninteressant&#8221; meinte die CSU, da ja schlie\u00dflich auch B\u00fcrger au\u00dferhalb Bayern befragt wurden.<br \/>\n<strong>welt.de &#8220;<a target=\"_blank\" title=\"www.welt.de\" href=\"https:\/\/www.welt.de\/data\/2006\/12\/31\/1162394.html\">Mehrheit h\u00e4lt CSU f\u00fcr st\u00e4rker ohne Stoiber<\/a>&#8220;<\/strong><\/p>\n<p>Forsa konterte mit einer weiteren Umfrage: <strong>60 Prozent<\/strong> der wahlberechtigten <strong>Bayern <\/strong>(da z\u00e4hlen ausnahmsweise auch mal die <strong>Franken <\/strong>dazu) sind gegen eine erneute Spitzenkandidatur von Stoiber bei der n\u00e4chsten Landtagswahl 2008. Nur 32 Prozent wollen, dass Stoiber an der Spitze bleibt. Die <strong>F\u00fcrther Landr\u00e4tin <a target=\"_blank\" title=\"Frankenblog berichtete\" href=\"https:\/\/bayern-wolln-mer.net\/blog\/index.php\/archives\/franken-bayern\/32-staatliches-mobbing-gegen-pauli.html\">Gabriele Pauli<\/a><\/strong> sieht sich durch die schlechten Umfragewerte best\u00e4tigt: &#8220;Das Ergebnis der Umfrage belegt, dass die kritische Haltung, die ich gegen\u00fcber Stoiber vertrete, <strong>keine Einzelmeinung<\/strong> ist&#8221; sagte Frau Pauli gegen\u00fcber <strong>stern.de<\/strong>. Das sei ein &#8220;<strong>klares Misstrauensvotum<\/strong> gegen den bayerischen Ministerpr\u00e4sidenten&#8221; und die CSU m\u00fcsse bei der Landtagswahl &#8220;einen Kandidaten pr\u00e4sentieren, der auch den W\u00e4hlern&#8221; passe, denn &#8220;eine Ablehnung durch einen Anteil von 60 Prozent der W\u00e4hler&#8221; spreche f\u00fcr sich.<br \/>\n<strong>stern.de &#8220;<a target=\"_blank\" title=\"stern.de\" href=\"https:\/\/www.stern.de\/politik\/deutschland\/:CSU-Rebellin-Pauli-Interview-So\/579611.html\">So etwas gab es in Bayern noch nie<\/a>&#8220;<\/strong><\/p>\n<p>In einem Interview auf <strong>sueddeutsche.de<\/strong> wurde <strong>Frau Dr. Pauli<\/strong> deutlicher mit ihrer Stoiber-Kritik und f\u00fchrte an, dass beispielsweise &#8220;im bestehenden Sozialsystem <strong>legaler Missbrauch<\/strong>&#8221; betrieben werde. Auf die Frage, warum sie, wenn sie Missst\u00e4nde festgestellt hat, diese nicht gemeldet h\u00e4tte sagte Pauli: &#8220;Ich habe so etwas immer wieder <strong>aufgegriffen und nach oben transportiert<\/strong>. Aber entweder kommen die Anliegen dort oben nicht an, oder sie <strong>interessieren dort niemanden<\/strong>.&#8221;<br \/>\n<strong>sueddeutsche.de &#8220;<a target=\"_blank\" title=\"sueddeutsche.de\" href=\"https:\/\/www.sueddeutsche.de\/,tt1m5\/deutschland\/artikel\/862\/96766\/\">Ein Alleingang im Namen vieler<\/a>&#8220;<\/strong><\/p>\n<p>Ein Kommentar auf <strong>stern.de<\/strong> ist der Meinung, dass Stoibers &#8220;panisches Festhalten an der Macht einen Keil in seine Partei&#8221; treibe und &#8220;er sich zur\u00fcckziehen&#8221; m\u00fcsse. &#8220;Die \u00c4ra Edmund Stoibers endete am 1. November 2005&#8221; als in &#8220;einer Sitzung des CSU-Pr\u00e4sidiums in M\u00fcnchen bekannt gab, dass er nicht als Wirtschaftsminister in das Kabinett Merkel eintreten werde&#8221;. Des Weiteren k\u00f6nne es nicht sein, dass eine &#8220;Spitzelaff\u00e4re keine Konsequenzen h\u00e4tte&#8221;, denn dies ist ein &#8220;Delikt, das Stoibers politische Karriere eigentlich beenden m\u00fcsste&#8221;!<br \/>\n<strong>stern.de Kommentar &#8220;<a target=\"_blank\" title=\"stern.de\" href=\"https:\/\/www.stern.de\/politik\/deutschland\/:Kommentar-Wenn-L%F6we\/579617.html\">Wenn ein verst\u00f6rter L\u00f6we kr\u00e4ftig miaut<\/a>&#8220;<\/strong><\/p>\n<p>Doch leider ist die <strong>Opposition in j\u00e4mmerlicher Verfassung<\/strong> (lt. <a title=\"stern.de\" target=\"_blank\" href=\"https:\/\/www.stern.de\/politik\/deutschland\/:Kommentar-Wenn-L%F6we\/579617.html\"><strong>stern.de<\/strong><\/a>), um in Bayern wirklich mal was ver\u00e4ndern zu k\u00f6nnen. Au\u00dferdem meinte <strong>sueddeutsche.de<\/strong>, dass ja schlie\u00dflich keine Gegenkandidaten vorhanden w\u00e4ren. Pauli dazu: &#8220;Wenn sich bei der (m\u00f6glichen Mitglieder-) Befragung herausstellt, das <strong>Stoiber keine Mehrheit<\/strong> mehr in der Partei hat, w\u00fcrden viele Bewerber auftauchen&#8221;.<\/p>\n<p><strong>mein-parteibuch.de<\/strong> war der Meinung, dass <a target=\"_blank\" title=\"mein-parteibuch.de\" href=\"https:\/\/www.mein-parteibuch.de\/2006\/12\/29\/showdown-in-bayern-gabriele-pauli-vs-edmund-stoiber\/\">Revolution sei und die deutsche Blogosph\u00e4re sie verpennt<\/a>. Dem ist nicht so, denn ich blogge ja schon seit einiger Zeit (<strong><a target=\"_blank\" title=\"Frankenblog berichtete\" href=\"https:\/\/bayern-wolln-mer.net\/blog\/index.php\/archives\/franken-bayern\/31-pauli-gate-stoiber-entlaesst-seinen-bueroleiter-hoehenberger.html\">Pauli-Gate<\/a><\/strong>) dar\u00fcber und der Rest der Blogger zwischen Flensburg und Garmisch w\u00fcnscht sich v\u00f6llig unpolitisch, dass uns <a target=\"_blank\" title=\"37sechsblog.de\" href=\"https:\/\/37sechsblog.de\/?p=1243\"><strong>&#8220;\u00c4h-\u00c4h-Stotter-Stoiber&#8221;<\/strong><\/a> noch lange erhalten bleibt und weiter was vom <strong>Hauptbahnhof und dem <a target=\"_blank\" href=\"https:\/\/bayern-wolln-mer.net\/blog\/index.php\/archives\/nuernberg-muenchen\/17-s-bahnen-als-transrapid.html\">Transrapid <\/a><\/strong>erz\u00e4hlt &#8221; <a target=\"_blank\" title=\"bald beckstein.de?\" href=\"https:\/\/www.stoibaer.de\/die-bayern-wollen-stoiber-nicht.html\"><strong>stoibaer.de<\/strong><\/a> \u00fcberlegt sogar schon die Umbenennung auf <strong>beckenstein.de<\/strong>!<\/p>\n<p>Ich <strong>pers\u00f6nlich <\/strong>sehe das ganz nicht so witzig?\u00a6<\/p>\n<div class=\"sharedaddy sd-sharing-enabled\"><div class=\"robots-nocontent sd-block sd-social sd-social-icon sd-sharing\"><h3 class=\"sd-title\">Share this:<\/h3><div class=\"sd-content\"><ul><li class=\"share-print\"><a rel=\"nofollow noopener noreferrer\" data-shared=\"\" class=\"share-print sd-button share-icon no-text\" href=\"https:\/\/www.bayern-wolln-mer.net\/blog\/index.php\/archives\/franken-bayern\/35-laut-umfragen-bayern-bald-stoiberlos.html\" target=\"_blank\" title=\"Klicken zum Ausdrucken\"><span><\/span><span class=\"sharing-screen-reader-text\">Klicken zum Ausdrucken (Wird in neuem Fenster ge\u00f6ffnet)<\/span><\/a><\/li><li class=\"share-email\"><a rel=\"nofollow noopener noreferrer\" data-shared=\"\" class=\"share-email sd-button share-icon no-text\" href=\"https:\/\/www.bayern-wolln-mer.net\/blog\/index.php\/archives\/franken-bayern\/35-laut-umfragen-bayern-bald-stoiberlos.html?share=email\" target=\"_blank\" title=\"Klick, um dies einem Freund per E-Mail zu senden\"><span><\/span><span class=\"sharing-screen-reader-text\">Klick, um dies einem Freund per E-Mail zu senden (Wird in neuem Fenster ge\u00f6ffnet)<\/span><\/a><\/li><li class=\"share-twitter\"><a rel=\"nofollow noopener noreferrer\" data-shared=\"sharing-twitter-35\" class=\"share-twitter sd-button share-icon no-text\" href=\"https:\/\/www.bayern-wolln-mer.net\/blog\/index.php\/archives\/franken-bayern\/35-laut-umfragen-bayern-bald-stoiberlos.html?share=twitter\" target=\"_blank\" title=\"Klick, um \u00fcber Twitter zu teilen\"><span><\/span><span class=\"sharing-screen-reader-text\">Klick, um \u00fcber Twitter zu teilen (Wird in neuem Fenster ge\u00f6ffnet)<\/span><\/a><\/li><li class=\"share-jetpack-whatsapp\"><a rel=\"nofollow noopener noreferrer\" data-shared=\"\" class=\"share-jetpack-whatsapp sd-button share-icon no-text\" href=\"https:\/\/www.bayern-wolln-mer.net\/blog\/index.php\/archives\/franken-bayern\/35-laut-umfragen-bayern-bald-stoiberlos.html?share=jetpack-whatsapp\" target=\"_blank\" title=\"Klicken, um auf WhatsApp zu teilen\"><span><\/span><span class=\"sharing-screen-reader-text\">Klicken, um auf WhatsApp zu teilen (Wird in neuem Fenster ge\u00f6ffnet)<\/span><\/a><\/li><li class=\"share-linkedin\"><a rel=\"nofollow noopener noreferrer\" data-shared=\"sharing-linkedin-35\" class=\"share-linkedin sd-button share-icon no-text\" href=\"https:\/\/www.bayern-wolln-mer.net\/blog\/index.php\/archives\/franken-bayern\/35-laut-umfragen-bayern-bald-stoiberlos.html?share=linkedin\" target=\"_blank\" title=\"Klick, um auf LinkedIn zu teilen\"><span><\/span><span class=\"sharing-screen-reader-text\">Klick, um auf LinkedIn zu teilen (Wird in neuem Fenster ge\u00f6ffnet)<\/span><\/a><\/li><li class=\"share-reddit\"><a rel=\"nofollow noopener noreferrer\" data-shared=\"\" class=\"share-reddit sd-button share-icon no-text\" href=\"https:\/\/www.bayern-wolln-mer.net\/blog\/index.php\/archives\/franken-bayern\/35-laut-umfragen-bayern-bald-stoiberlos.html?share=reddit\" target=\"_blank\" title=\"Klick, um auf Reddit zu teilen\"><span><\/span><span class=\"sharing-screen-reader-text\">Klick, um auf Reddit zu teilen (Wird in neuem Fenster ge\u00f6ffnet)<\/span><\/a><\/li><li class=\"share-tumblr\"><a rel=\"nofollow noopener noreferrer\" data-shared=\"\" class=\"share-tumblr sd-button share-icon no-text\" href=\"https:\/\/www.bayern-wolln-mer.net\/blog\/index.php\/archives\/franken-bayern\/35-laut-umfragen-bayern-bald-stoiberlos.html?share=tumblr\" target=\"_blank\" title=\"Klick, um auf Tumblr zu teilen\"><span><\/span><span class=\"sharing-screen-reader-text\">Klick, um auf Tumblr zu teilen (Wird in neuem Fenster ge\u00f6ffnet)<\/span><\/a><\/li><li class=\"share-pinterest\"><a rel=\"nofollow noopener noreferrer\" data-shared=\"sharing-pinterest-35\" class=\"share-pinterest sd-button share-icon no-text\" href=\"https:\/\/www.bayern-wolln-mer.net\/blog\/index.php\/archives\/franken-bayern\/35-laut-umfragen-bayern-bald-stoiberlos.html?share=pinterest\" target=\"_blank\" title=\"Klick, um auf Pinterest zu teilen\"><span><\/span><span class=\"sharing-screen-reader-text\">Klick, um auf Pinterest zu teilen (Wird in neuem Fenster ge\u00f6ffnet)<\/span><\/a><\/li><li class=\"share-pocket\"><a rel=\"nofollow noopener noreferrer\" data-shared=\"\" class=\"share-pocket sd-button share-icon no-text\" href=\"https:\/\/www.bayern-wolln-mer.net\/blog\/index.php\/archives\/franken-bayern\/35-laut-umfragen-bayern-bald-stoiberlos.html?share=pocket\" target=\"_blank\" title=\"Klick, um auf Pocket zu teilen\"><span><\/span><span class=\"sharing-screen-reader-text\">Klick, um auf Pocket zu teilen (Wird in neuem Fenster ge\u00f6ffnet)<\/span><\/a><\/li><li class=\"share-telegram\"><a rel=\"nofollow noopener noreferrer\" data-shared=\"\" class=\"share-telegram sd-button share-icon no-text\" href=\"https:\/\/www.bayern-wolln-mer.net\/blog\/index.php\/archives\/franken-bayern\/35-laut-umfragen-bayern-bald-stoiberlos.html?share=telegram\" target=\"_blank\" title=\"Klicken, um auf Telegram zu teilen\"><span><\/span><span class=\"sharing-screen-reader-text\">Klicken, um auf Telegram zu teilen (Wird in neuem Fenster ge\u00f6ffnet)<\/span><\/a><\/li><li class=\"share-skype\"><a rel=\"nofollow noopener noreferrer\" data-shared=\"sharing-skype-35\" class=\"share-skype sd-button share-icon no-text\" href=\"https:\/\/www.bayern-wolln-mer.net\/blog\/index.php\/archives\/franken-bayern\/35-laut-umfragen-bayern-bald-stoiberlos.html?share=skype\" target=\"_blank\" title=\"Klicken, um in Skype zu teilen\"><span><\/span><span class=\"sharing-screen-reader-text\">Klicken, um in Skype zu teilen (Wird in neuem Fenster ge\u00f6ffnet)<\/span><\/a><\/li><li><a href=\"#\" class=\"sharing-anchor sd-button share-more\"><span>Mehr<\/span><\/a><\/li><li class=\"share-end\"><\/li><\/ul><div class=\"sharing-hidden\"><div class=\"inner\" style=\"display: none;width:150px;\"><ul style=\"background-image:none;\"><li class=\"share-facebook\"><a rel=\"nofollow noopener noreferrer\" data-shared=\"sharing-facebook-35\" class=\"share-facebook sd-button share-icon no-text\" href=\"https:\/\/www.bayern-wolln-mer.net\/blog\/index.php\/archives\/franken-bayern\/35-laut-umfragen-bayern-bald-stoiberlos.html?share=facebook\" target=\"_blank\" title=\"Klick, um auf Facebook zu teilen\"><span><\/span><span class=\"sharing-screen-reader-text\">Klick, um auf Facebook zu teilen (Wird in neuem Fenster ge\u00f6ffnet)<\/span><\/a><\/li><li class=\"share-end\"><\/li><\/ul><\/div><\/div><\/div><\/div><\/div>","protected":false},"excerpt":{"rendered":"<p>Kurze Pause um sich gegenseitig ein gutes neues Jahr zu w\u00fcnschen (Ihnen auf diesem Wege auch, lieber Leser!) und schon wird wieder weiter gestritten. Zu dem geforderten Parteiausschlussverfahren gegen Dr. Gabriele Pauli pr\u00e4sentierte welt.de noch am 31.12.2006 das Ergebnis einer Forsa-Umfrage, wonach 62 Prozent der Befragten der Meinung w\u00e4ren, die CSU k\u00f6nne ohne Stoiber ein [&hellip;]<\/p>\n<div class=\"sharedaddy sd-sharing-enabled\"><div class=\"robots-nocontent sd-block sd-social sd-social-icon sd-sharing\"><h3 class=\"sd-title\">Share this:<\/h3><div class=\"sd-content\"><ul><li class=\"share-print\"><a rel=\"nofollow noopener noreferrer\" data-shared=\"\" class=\"share-print sd-button share-icon no-text\" href=\"https:\/\/www.bayern-wolln-mer.net\/blog\/index.php\/archives\/franken-bayern\/35-laut-umfragen-bayern-bald-stoiberlos.html\" target=\"_blank\" title=\"Klicken zum Ausdrucken\"><span><\/span><span class=\"sharing-screen-reader-text\">Klicken zum Ausdrucken (Wird in neuem Fenster ge\u00f6ffnet)<\/span><\/a><\/li><li class=\"share-email\"><a rel=\"nofollow noopener noreferrer\" data-shared=\"\" class=\"share-email sd-button share-icon no-text\" href=\"https:\/\/www.bayern-wolln-mer.net\/blog\/index.php\/archives\/franken-bayern\/35-laut-umfragen-bayern-bald-stoiberlos.html?share=email\" target=\"_blank\" title=\"Klick, um dies einem Freund per E-Mail zu senden\"><span><\/span><span class=\"sharing-screen-reader-text\">Klick, um dies einem Freund per E-Mail zu senden (Wird in neuem Fenster ge\u00f6ffnet)<\/span><\/a><\/li><li class=\"share-twitter\"><a rel=\"nofollow noopener noreferrer\" data-shared=\"sharing-twitter-35\" class=\"share-twitter sd-button share-icon no-text\" href=\"https:\/\/www.bayern-wolln-mer.net\/blog\/index.php\/archives\/franken-bayern\/35-laut-umfragen-bayern-bald-stoiberlos.html?share=twitter\" target=\"_blank\" title=\"Klick, um \u00fcber Twitter zu teilen\"><span><\/span><span class=\"sharing-screen-reader-text\">Klick, um \u00fcber Twitter zu teilen (Wird in neuem Fenster ge\u00f6ffnet)<\/span><\/a><\/li><li class=\"share-jetpack-whatsapp\"><a rel=\"nofollow noopener noreferrer\" data-shared=\"\" class=\"share-jetpack-whatsapp sd-button share-icon no-text\" href=\"https:\/\/www.bayern-wolln-mer.net\/blog\/index.php\/archives\/franken-bayern\/35-laut-umfragen-bayern-bald-stoiberlos.html?share=jetpack-whatsapp\" target=\"_blank\" title=\"Klicken, um auf WhatsApp zu teilen\"><span><\/span><span class=\"sharing-screen-reader-text\">Klicken, um auf WhatsApp zu teilen (Wird in neuem Fenster ge\u00f6ffnet)<\/span><\/a><\/li><li class=\"share-linkedin\"><a rel=\"nofollow noopener noreferrer\" data-shared=\"sharing-linkedin-35\" class=\"share-linkedin sd-button share-icon no-text\" href=\"https:\/\/www.bayern-wolln-mer.net\/blog\/index.php\/archives\/franken-bayern\/35-laut-umfragen-bayern-bald-stoiberlos.html?share=linkedin\" target=\"_blank\" title=\"Klick, um auf LinkedIn zu teilen\"><span><\/span><span class=\"sharing-screen-reader-text\">Klick, um auf LinkedIn zu teilen (Wird in neuem Fenster ge\u00f6ffnet)<\/span><\/a><\/li><li class=\"share-reddit\"><a rel=\"nofollow noopener noreferrer\" data-shared=\"\" class=\"share-reddit sd-button share-icon no-text\" href=\"https:\/\/www.bayern-wolln-mer.net\/blog\/index.php\/archives\/franken-bayern\/35-laut-umfragen-bayern-bald-stoiberlos.html?share=reddit\" target=\"_blank\" title=\"Klick, um auf Reddit zu teilen\"><span><\/span><span class=\"sharing-screen-reader-text\">Klick, um auf Reddit zu teilen (Wird in neuem Fenster ge\u00f6ffnet)<\/span><\/a><\/li><li class=\"share-tumblr\"><a rel=\"nofollow noopener noreferrer\" data-shared=\"\" class=\"share-tumblr sd-button share-icon no-text\" href=\"https:\/\/www.bayern-wolln-mer.net\/blog\/index.php\/archives\/franken-bayern\/35-laut-umfragen-bayern-bald-stoiberlos.html?share=tumblr\" target=\"_blank\" title=\"Klick, um auf Tumblr zu teilen\"><span><\/span><span class=\"sharing-screen-reader-text\">Klick, um auf Tumblr zu teilen (Wird in neuem Fenster ge\u00f6ffnet)<\/span><\/a><\/li><li class=\"share-pinterest\"><a rel=\"nofollow noopener noreferrer\" data-shared=\"sharing-pinterest-35\" class=\"share-pinterest sd-button share-icon no-text\" href=\"https:\/\/www.bayern-wolln-mer.net\/blog\/index.php\/archives\/franken-bayern\/35-laut-umfragen-bayern-bald-stoiberlos.html?share=pinterest\" target=\"_blank\" title=\"Klick, um auf Pinterest zu teilen\"><span><\/span><span class=\"sharing-screen-reader-text\">Klick, um auf Pinterest zu teilen (Wird in neuem Fenster ge\u00f6ffnet)<\/span><\/a><\/li><li class=\"share-pocket\"><a rel=\"nofollow noopener noreferrer\" data-shared=\"\" class=\"share-pocket sd-button share-icon no-text\" href=\"https:\/\/www.bayern-wolln-mer.net\/blog\/index.php\/archives\/franken-bayern\/35-laut-umfragen-bayern-bald-stoiberlos.html?share=pocket\" target=\"_blank\" title=\"Klick, um auf Pocket zu teilen\"><span><\/span><span class=\"sharing-screen-reader-text\">Klick, um auf Pocket zu teilen (Wird in neuem Fenster ge\u00f6ffnet)<\/span><\/a><\/li><li class=\"share-telegram\"><a rel=\"nofollow noopener noreferrer\" data-shared=\"\" class=\"share-telegram sd-button share-icon no-text\" href=\"https:\/\/www.bayern-wolln-mer.net\/blog\/index.php\/archives\/franken-bayern\/35-laut-umfragen-bayern-bald-stoiberlos.html?share=telegram\" target=\"_blank\" title=\"Klicken, um auf Telegram zu teilen\"><span><\/span><span class=\"sharing-screen-reader-text\">Klicken, um auf Telegram zu teilen (Wird in neuem Fenster ge\u00f6ffnet)<\/span><\/a><\/li><li class=\"share-skype\"><a rel=\"nofollow noopener noreferrer\" data-shared=\"sharing-skype-35\" class=\"share-skype sd-button share-icon no-text\" href=\"https:\/\/www.bayern-wolln-mer.net\/blog\/index.php\/archives\/franken-bayern\/35-laut-umfragen-bayern-bald-stoiberlos.html?share=skype\" target=\"_blank\" title=\"Klicken, um in Skype zu teilen\"><span><\/span><span class=\"sharing-screen-reader-text\">Klicken, um in Skype zu teilen (Wird in neuem Fenster ge\u00f6ffnet)<\/span><\/a><\/li><li><a href=\"#\" class=\"sharing-anchor sd-button share-more\"><span>Mehr<\/span><\/a><\/li><li class=\"share-end\"><\/li><\/ul><div class=\"sharing-hidden\"><div class=\"inner\" style=\"display: none;width:150px;\"><ul style=\"background-image:none;\"><li class=\"share-facebook\"><a rel=\"nofollow noopener noreferrer\" data-shared=\"sharing-facebook-35\" class=\"share-facebook sd-button share-icon no-text\" href=\"https:\/\/www.bayern-wolln-mer.net\/blog\/index.php\/archives\/franken-bayern\/35-laut-umfragen-bayern-bald-stoiberlos.html?share=facebook\" target=\"_blank\" title=\"Klick, um auf Facebook zu teilen\"><span><\/span><span class=\"sharing-screen-reader-text\">Klick, um auf Facebook zu teilen (Wird in neuem Fenster ge\u00f6ffnet)<\/span><\/a><\/li><li class=\"share-end\"><\/li><\/ul><\/div><\/div><\/div><\/div><\/div>","protected":false},"author":3,"featured_media":0,"comment_status":"open","ping_status":"open","sticky":false,"template":"","format":"standard","meta":{"spay_email":"","jetpack_publicize_message":""},"categories":[4,6,8],"tags":[54],"jetpack_featured_media_url":"","jetpack_publicize_connections":[],"yoast_head":"<!-- This site is optimized with the Yoast SEO plugin v18.2 - https:\/\/yoast.com\/wordpress\/plugins\/seo\/ -->\n<meta name=\"robots\" content=\"index, follow, max-snippet:-1, max-image-preview:large, max-video-preview:-1\" \/>\n<link rel=\"canonical\" href=\"https:\/\/www.bayern-wolln-mer.net\/blog\/index.php\/archives\/franken-bayern\/35-laut-umfragen-bayern-bald-stoiberlos.html\" \/>\n<meta property=\"og:locale\" content=\"de_DE\" \/>\n<meta property=\"og:type\" content=\"article\" \/>\n<meta property=\"og:title\" content=\"Laut Umfragen Bayern bald Stoiberlos? - Bayern-wolln-mer.net\" \/>\n<meta property=\"og:description\" content=\"Kurze Pause um sich gegenseitig ein gutes neues Jahr zu w\u00fcnschen (Ihnen auf diesem Wege auch, lieber Leser!) und schon wird wieder weiter gestritten. Zu dem geforderten Parteiausschlussverfahren gegen Dr. Gabriele Pauli pr\u00e4sentierte welt.de noch am 31.12.2006 das Ergebnis einer Forsa-Umfrage, wonach 62 Prozent der Befragten der Meinung w\u00e4ren, die CSU k\u00f6nne ohne Stoiber ein [&hellip;]\" \/>\n<meta property=\"og:url\" content=\"https:\/\/www.bayern-wolln-mer.net\/blog\/index.php\/archives\/franken-bayern\/35-laut-umfragen-bayern-bald-stoiberlos.html\" \/>\n<meta property=\"og:site_name\" content=\"Bayern-wolln-mer.net\" \/>\n<meta property=\"article:published_time\" content=\"2007-01-03T22:29:02+00:00\" \/>\n<meta property=\"article:modified_time\" content=\"2007-01-19T20:53:18+00:00\" \/>\n<meta name=\"twitter:card\" content=\"summary_large_image\" \/>\n<meta name=\"twitter:label1\" content=\"Verfasst von\" \/>\n\t<meta name=\"twitter:data1\" content=\"Andreas Brandl\" \/>\n\t<meta name=\"twitter:label2\" content=\"Gesch\u00e4tzte Lesezeit\" \/>\n\t<meta name=\"twitter:data2\" content=\"3\u00a0Minuten\" \/>\n<script type=\"application\/ld+json\" class=\"yoast-schema-graph\">{\"@context\":\"https:\/\/schema.org\",\"@graph\":[{\"@type\":\"WebSite\",\"@id\":\"https:\/\/www.bayern-wolln-mer.net\/blog\/#website\",\"url\":\"https:\/\/www.bayern-wolln-mer.net\/blog\/\",\"name\":\"Bayern-wolln-mer.net\",\"description\":\"Frankenblog! Frei statt Bayern! Freiheit f\u00fcr Franken!\",\"potentialAction\":[{\"@type\":\"SearchAction\",\"target\":{\"@type\":\"EntryPoint\",\"urlTemplate\":\"https:\/\/www.bayern-wolln-mer.net\/blog\/?s={search_term_string}\"},\"query-input\":\"required name=search_term_string\"}],\"inLanguage\":\"de\"},{\"@type\":\"WebPage\",\"@id\":\"https:\/\/www.bayern-wolln-mer.net\/blog\/index.php\/archives\/franken-bayern\/35-laut-umfragen-bayern-bald-stoiberlos.html#webpage\",\"url\":\"https:\/\/www.bayern-wolln-mer.net\/blog\/index.php\/archives\/franken-bayern\/35-laut-umfragen-bayern-bald-stoiberlos.html\",\"name\":\"Laut Umfragen Bayern bald Stoiberlos? - Bayern-wolln-mer.net\",\"isPartOf\":{\"@id\":\"https:\/\/www.bayern-wolln-mer.net\/blog\/#website\"},\"datePublished\":\"2007-01-03T22:29:02+00:00\",\"dateModified\":\"2007-01-19T20:53:18+00:00\",\"author\":{\"@id\":\"https:\/\/www.bayern-wolln-mer.net\/blog\/#\/schema\/person\/b9fcf524d723fdb81f40a1bed0e52f96\"},\"breadcrumb\":{\"@id\":\"https:\/\/www.bayern-wolln-mer.net\/blog\/index.php\/archives\/franken-bayern\/35-laut-umfragen-bayern-bald-stoiberlos.html#breadcrumb\"},\"inLanguage\":\"de\",\"potentialAction\":[{\"@type\":\"ReadAction\",\"target\":[\"https:\/\/www.bayern-wolln-mer.net\/blog\/index.php\/archives\/franken-bayern\/35-laut-umfragen-bayern-bald-stoiberlos.html\"]}]},{\"@type\":\"BreadcrumbList\",\"@id\":\"https:\/\/www.bayern-wolln-mer.net\/blog\/index.php\/archives\/franken-bayern\/35-laut-umfragen-bayern-bald-stoiberlos.html#breadcrumb\",\"itemListElement\":[{\"@type\":\"ListItem\",\"position\":1,\"name\":\"Startseite\",\"item\":\"https:\/\/www.bayern-wolln-mer.net\/blog\"},{\"@type\":\"ListItem\",\"position\":2,\"name\":\"Laut Umfragen Bayern bald Stoiberlos?\"}]},{\"@type\":\"Person\",\"@id\":\"https:\/\/www.bayern-wolln-mer.net\/blog\/#\/schema\/person\/b9fcf524d723fdb81f40a1bed0e52f96\",\"name\":\"Andreas Brandl\",\"image\":{\"@type\":\"ImageObject\",\"@id\":\"https:\/\/www.bayern-wolln-mer.net\/blog\/#personlogo\",\"inLanguage\":\"de\",\"url\":\"https:\/\/secure.gravatar.com\/avatar\/7c2e8ddf168a4d43fa09a0495da2d513?s=96&d=mm&r=g\",\"contentUrl\":\"https:\/\/secure.gravatar.com\/avatar\/7c2e8ddf168a4d43fa09a0495da2d513?s=96&d=mm&r=g\",\"caption\":\"Andreas Brandl\"},\"sameAs\":[\"https:\/\/www.bayern-wolln-mer.net\"],\"url\":\"https:\/\/www.bayern-wolln-mer.net\/blog\/index.php\/archives\/author\/andy\"}]}<\/script>\n<!-- \/ Yoast SEO plugin. -->","yoast_head_json":{"robots":{"index":"index","follow":"follow","max-snippet":"max-snippet:-1","max-image-preview":"max-image-preview:large","max-video-preview":"max-video-preview:-1"},"canonical":"https:\/\/www.bayern-wolln-mer.net\/blog\/index.php\/archives\/franken-bayern\/35-laut-umfragen-bayern-bald-stoiberlos.html","og_locale":"de_DE","og_type":"article","og_title":"Laut Umfragen Bayern bald Stoiberlos? - Bayern-wolln-mer.net","og_description":"Kurze Pause um sich gegenseitig ein gutes neues Jahr zu w\u00fcnschen (Ihnen auf diesem Wege auch, lieber Leser!) und schon wird wieder weiter gestritten. Zu dem geforderten Parteiausschlussverfahren gegen Dr. Gabriele Pauli pr\u00e4sentierte welt.de noch am 31.12.2006 das Ergebnis einer Forsa-Umfrage, wonach 62 Prozent der Befragten der Meinung w\u00e4ren, die CSU k\u00f6nne ohne Stoiber ein [&hellip;]","og_url":"https:\/\/www.bayern-wolln-mer.net\/blog\/index.php\/archives\/franken-bayern\/35-laut-umfragen-bayern-bald-stoiberlos.html","og_site_name":"Bayern-wolln-mer.net","article_published_time":"2007-01-03T22:29:02+00:00","article_modified_time":"2007-01-19T20:53:18+00:00","twitter_card":"summary_large_image","twitter_misc":{"Verfasst von":"Andreas Brandl","Gesch\u00e4tzte Lesezeit":"3\u00a0Minuten"},"schema":{"@context":"https:\/\/schema.org","@graph":[{"@type":"WebSite","@id":"https:\/\/www.bayern-wolln-mer.net\/blog\/#website","url":"https:\/\/www.bayern-wolln-mer.net\/blog\/","name":"Bayern-wolln-mer.net","description":"Frankenblog! Frei statt Bayern! Freiheit f\u00fcr Franken!","potentialAction":[{"@type":"SearchAction","target":{"@type":"EntryPoint","urlTemplate":"https:\/\/www.bayern-wolln-mer.net\/blog\/?s={search_term_string}"},"query-input":"required name=search_term_string"}],"inLanguage":"de"},{"@type":"WebPage","@id":"https:\/\/www.bayern-wolln-mer.net\/blog\/index.php\/archives\/franken-bayern\/35-laut-umfragen-bayern-bald-stoiberlos.html#webpage","url":"https:\/\/www.bayern-wolln-mer.net\/blog\/index.php\/archives\/franken-bayern\/35-laut-umfragen-bayern-bald-stoiberlos.html","name":"Laut Umfragen Bayern bald Stoiberlos? - Bayern-wolln-mer.net","isPartOf":{"@id":"https:\/\/www.bayern-wolln-mer.net\/blog\/#website"},"datePublished":"2007-01-03T22:29:02+00:00","dateModified":"2007-01-19T20:53:18+00:00","author":{"@id":"https:\/\/www.bayern-wolln-mer.net\/blog\/#\/schema\/person\/b9fcf524d723fdb81f40a1bed0e52f96"},"breadcrumb":{"@id":"https:\/\/www.bayern-wolln-mer.net\/blog\/index.php\/archives\/franken-bayern\/35-laut-umfragen-bayern-bald-stoiberlos.html#breadcrumb"},"inLanguage":"de","potentialAction":[{"@type":"ReadAction","target":["https:\/\/www.bayern-wolln-mer.net\/blog\/index.php\/archives\/franken-bayern\/35-laut-umfragen-bayern-bald-stoiberlos.html"]}]},{"@type":"BreadcrumbList","@id":"https:\/\/www.bayern-wolln-mer.net\/blog\/index.php\/archives\/franken-bayern\/35-laut-umfragen-bayern-bald-stoiberlos.html#breadcrumb","itemListElement":[{"@type":"ListItem","position":1,"name":"Startseite","item":"https:\/\/www.bayern-wolln-mer.net\/blog"},{"@type":"ListItem","position":2,"name":"Laut Umfragen Bayern bald Stoiberlos?"}]},{"@type":"Person","@id":"https:\/\/www.bayern-wolln-mer.net\/blog\/#\/schema\/person\/b9fcf524d723fdb81f40a1bed0e52f96","name":"Andreas Brandl","image":{"@type":"ImageObject","@id":"https:\/\/www.bayern-wolln-mer.net\/blog\/#personlogo","inLanguage":"de","url":"https:\/\/secure.gravatar.com\/avatar\/7c2e8ddf168a4d43fa09a0495da2d513?s=96&d=mm&r=g","contentUrl":"https:\/\/secure.gravatar.com\/avatar\/7c2e8ddf168a4d43fa09a0495da2d513?s=96&d=mm&r=g","caption":"Andreas Brandl"},"sameAs":["https:\/\/www.bayern-wolln-mer.net"],"url":"https:\/\/www.bayern-wolln-mer.net\/blog\/index.php\/archives\/author\/andy"}]}},"jetpack_sharing_enabled":true,"jetpack_shortlink":"https:\/\/wp.me\/p7UoAp-z","jetpack-related-posts":[],"_links":{"self":[{"href":"https:\/\/www.bayern-wolln-mer.net\/blog\/index.php\/wp-json\/wp\/v2\/posts\/35"}],"collection":[{"href":"https:\/\/www.bayern-wolln-mer.net\/blog\/index.php\/wp-json\/wp\/v2\/posts"}],"about":[{"href":"https:\/\/www.bayern-wolln-mer.net\/blog\/index.php\/wp-json\/wp\/v2\/types\/post"}],"author":[{"embeddable":true,"href":"https:\/\/www.bayern-wolln-mer.net\/blog\/index.php\/wp-json\/wp\/v2\/users\/3"}],"replies":[{"embeddable":true,"href":"https:\/\/www.bayern-wolln-mer.net\/blog\/index.php\/wp-json\/wp\/v2\/comments?post=35"}],"version-history":[{"count":0,"href":"https:\/\/www.bayern-wolln-mer.net\/blog\/index.php\/wp-json\/wp\/v2\/posts\/35\/revisions"}],"wp:attachment":[{"href":"https:\/\/www.bayern-wolln-mer.net\/blog\/index.php\/wp-json\/wp\/v2\/media?parent=35"}],"wp:term":[{"taxonomy":"category","embeddable":true,"href":"https:\/\/www.bayern-wolln-mer.net\/blog\/index.php\/wp-json\/wp\/v2\/categories?post=35"},{"taxonomy":"post_tag","embeddable":true,"href":"https:\/\/www.bayern-wolln-mer.net\/blog\/index.php\/wp-json\/wp\/v2\/tags?post=35"}],"curies":[{"name":"wp","href":"https:\/\/api.w.org\/{rel}","templated":true}]}}