{"id":40,"date":"2007-01-09T19:31:15","date_gmt":"2007-01-09T17:31:15","guid":{"rendered":"http:\/\/bayern-wolln-mer.net\/blog\/index.php\/archives\/franken-bayern\/40-tagesthema-pauli-in-den-tagesthemen.html"},"modified":"2007-01-11T14:27:25","modified_gmt":"2007-01-11T12:27:25","slug":"tagesthema-pauli-in-den-tagesthemen","status":"publish","type":"post","link":"https:\/\/www.bayern-wolln-mer.net\/blog\/index.php\/archives\/franken-bayern\/40-tagesthema-pauli-in-den-tagesthemen.html","title":{"rendered":"Tagesthema Pauli in den Tagesthemen"},"content":{"rendered":"<p>Der Abend des gro\u00dfen <strong><a title=\"Frankenblog berichtete\" href=\"https:\/\/bayern-wolln-mer.net\/blog\/index.php\/archives\/franken-bayern\/39-trotz-bespitzelung-und-umfragetief-stoiber-bleibt.html\" target=\"_blank\">Schulterschlusses der CSU-F\u00fchrung<\/a><\/strong> um Ministerpr\u00e4sident Edmund Stoiber und die Tagesthemen berichten: Ein trotzig auftretender Parteivorsitzender, der in der K\u00e4lte von Wildbad Kreuth von den Lobreden seiner Parteispezln &#8220;besch\u00fctzt&#8221; in Mitten von Kameras wirkte wie ein <strong>Ex-Champion<\/strong>.<\/p>\n<p>Gleich danach ein Bericht vom Neujahrempfang des Markus S\u00f6der-Wahlkreises aus dem <strong>Multimediaraum<\/strong> des <strong><a title=\"S\u00fcd-West-Park N\u00fcrnberg\" href=\"https:\/\/www.gewerbeimmobilien-news.de\/allgemein\/33.html\" target=\"_blank\">N\u00fcrnberger S\u00fcd-West-Parks<\/a><\/strong>, wo der Gastgeber seinen Standardspruch ableierte (&#8220;Niemand kann die CSU schlagen. Nur die CSU kann die CSU schlagen&#8221;) und von <strong>Joachim Herrmann<\/strong> das Buch &#8220;Besonder Land&#8221; (Godehard Schramm \u00fcber den F\u00fcrther Landkreis) \u00fcberreicht bekam &#8211; witzigerweise ist das Vorwort von einer gewissen <strong><a title=\"Frankenblog berichtete\" href=\"https:\/\/bayern-wolln-mer.net\/blog\/index.php\/archives\/franken-bayern\/36-spiegel-starker-tobak-zu-pauli-gate.html\" target=\"_blank\">Gabriele Pauli<\/a><\/strong> verfasst!<\/p>\n<p>Gleich danach ein k\u00f6stliches Interview von Ankerfrau <strong><a href=\"https:\/\/de.wikipedia.org\/wiki\/Anne_Will\" target=\"_blank\">Anne Will<\/a><\/strong> mit CSU-Fraktionschef Joachim Herrmann, dem im Studio N\u00fcrnberg sitzend jedes Mal von Anne in die <strong>Parade<\/strong> gefahren wurde, wenn er zu &#8220;Bayern ist Spitze&#8221;-Lobges\u00e4ngen ansetzte. Herrmann meinte noch, dass in 2007 schlie\u00dflich &#8220;10 Bezirksparteitage im Juni und Juli gew\u00e4hlt werden&#8221; und sich Stoiber \u00fcberall &#8220;der Diskussion stellen wird&#8221;. Anne Will hakte sofort nach: &#8220;Warum stellt sich Stoiber dann nicht einer <strong>Mitgliederbefragung<\/strong>?&#8221; und Herrmann meinte, dass das ja &#8220;unsinnig&#8221; w\u00e4re &#8220;wenn nur eine Person zu w\u00e4hlen ist&#8221;. (?)<\/p>\n<p><strong><a title=\"Stoiber hat nicht verstanden\" href=\"https:\/\/www.szon.de\/news\/leitartikel\/200701090599.html\" target=\"_blank\">szon.de<\/a><\/strong> zieht hierzu einen sch\u00f6nen Vergleich mit der Historie (Danke <a href=\"https:\/\/blogreiter.typepad.com\/blogreiter\/2007\/01\/ein_abend_mit_p.html\" target=\"_blank\">Blogreiter<\/a>):<\/p>\n<blockquote>\n<p>So lange f\u00fcr den Chef &#8211; fr\u00fcher war das vielleicht ein K\u00f6nig &#8211; kein eindeutiger, kraftvoller Herausforderer in Sicht ist, geloben ihm seine Vasallen die Treue. Das hei\u00dft aber nicht, dass sie ihm auf immer und ewig folgen werden. Sie, die von ihm Abh\u00e4ngigen, werden auch einem neuen Herren huldigen, wenn dieser machtvoll genug ist und ihnen eine neue Perspektive bietet.<\/p>\n<\/blockquote>\n<p>Doch zur\u00fcck zu den <strong>Tagesthemen<\/strong>: Zum Kommentar von <strong>Sigmund Gottlieb<\/strong> des <strong>Bayerischen Rundfunks<\/strong> kann man nur sagen, dass man auf die BR-Einblendung auch h\u00e4tte verzichten k\u00f6nnen &#8211; man h\u00f6rte ja eh, von wem er geschickt wurde: Nat\u00fcrlich wieder &#8220;starkes Bayern&#8221;, es gibt nichts besseres. Der gute alte &#8220;<strong>Stoiber<\/strong> frisst Akten und rackert&#8221; wie ein Wilder und wird von einer &#8220;<strong>Landr\u00e4tin aus Franken<\/strong> wochenlang provoziert, als g\u00e4be es keine anderen Themen&#8221;, nur die Erkenntnis dass sie &#8220;offensichtlich nicht allein steht&#8221; machte die vorherige Aussage ertr\u00e4glich.<\/p>\n<p>Abschlie\u00dfend noch was vern\u00fcnftiges von <strong>Sigmund<\/strong>: &#8220;Stoibers Fluch ist dass er an 2\/3-Mehrheit von 2003 gemessen wird &#8211; sein Trumpf, dass es keine Alternative zu ihm gibt&#8230; aber die Diskussion ist noch nicht beendet&#8221;.<\/p>\n<p><strong>Ich finde<\/strong><\/p>\n<p>&#8230;dass <strong>Gabi Pauli<\/strong> immer <strong>professioneller<\/strong> in den Medien r\u00fcberkommt (auch wenn sie ziemlich erschrocken ist \u00fcber die vielen Kameras in der Kneipe) und <strong>Anne Will<\/strong> bestimmt mal eine gro\u00dfe <strong>Talkmasterin<\/strong> wird. Und dass Stoiber angeblich keine <strong>Nachfolger<\/strong> hat, erkennt man auch ganz deutlich daran, wie vorsichtig sich die <strong>Herren Seehofer<\/strong> und <strong>Herrmann<\/strong> \u00e4u\u00dfern und dass von <strong>Beckstein<\/strong> zur Zeit gar nix zu h\u00f6ren ist. <strong>Die Alternativen werden sich aber bei Zeiten zeigen!<\/strong><\/p>\n<div class=\"sharedaddy sd-sharing-enabled\"><div class=\"robots-nocontent sd-block sd-social sd-social-icon sd-sharing\"><h3 class=\"sd-title\">Share this:<\/h3><div class=\"sd-content\"><ul><li class=\"share-print\"><a rel=\"nofollow noopener noreferrer\" data-shared=\"\" class=\"share-print sd-button share-icon no-text\" href=\"https:\/\/www.bayern-wolln-mer.net\/blog\/index.php\/archives\/franken-bayern\/40-tagesthema-pauli-in-den-tagesthemen.html\" target=\"_blank\" title=\"Klicken zum Ausdrucken\"><span><\/span><span class=\"sharing-screen-reader-text\">Klicken zum Ausdrucken (Wird in neuem Fenster ge\u00f6ffnet)<\/span><\/a><\/li><li class=\"share-email\"><a rel=\"nofollow noopener noreferrer\" data-shared=\"\" class=\"share-email sd-button share-icon no-text\" href=\"https:\/\/www.bayern-wolln-mer.net\/blog\/index.php\/archives\/franken-bayern\/40-tagesthema-pauli-in-den-tagesthemen.html?share=email\" target=\"_blank\" title=\"Klick, um dies einem Freund per E-Mail zu senden\"><span><\/span><span class=\"sharing-screen-reader-text\">Klick, um dies einem Freund per E-Mail zu senden (Wird in neuem Fenster ge\u00f6ffnet)<\/span><\/a><\/li><li class=\"share-twitter\"><a rel=\"nofollow noopener noreferrer\" data-shared=\"sharing-twitter-40\" class=\"share-twitter sd-button share-icon no-text\" href=\"https:\/\/www.bayern-wolln-mer.net\/blog\/index.php\/archives\/franken-bayern\/40-tagesthema-pauli-in-den-tagesthemen.html?share=twitter\" target=\"_blank\" title=\"Klick, um \u00fcber Twitter zu teilen\"><span><\/span><span class=\"sharing-screen-reader-text\">Klick, um \u00fcber Twitter zu teilen (Wird in neuem Fenster ge\u00f6ffnet)<\/span><\/a><\/li><li class=\"share-jetpack-whatsapp\"><a rel=\"nofollow noopener noreferrer\" data-shared=\"\" class=\"share-jetpack-whatsapp sd-button share-icon no-text\" href=\"https:\/\/www.bayern-wolln-mer.net\/blog\/index.php\/archives\/franken-bayern\/40-tagesthema-pauli-in-den-tagesthemen.html?share=jetpack-whatsapp\" target=\"_blank\" title=\"Klicken, um auf WhatsApp zu teilen\"><span><\/span><span class=\"sharing-screen-reader-text\">Klicken, um auf WhatsApp zu teilen (Wird in neuem Fenster ge\u00f6ffnet)<\/span><\/a><\/li><li class=\"share-linkedin\"><a rel=\"nofollow noopener noreferrer\" data-shared=\"sharing-linkedin-40\" class=\"share-linkedin sd-button share-icon no-text\" href=\"https:\/\/www.bayern-wolln-mer.net\/blog\/index.php\/archives\/franken-bayern\/40-tagesthema-pauli-in-den-tagesthemen.html?share=linkedin\" target=\"_blank\" title=\"Klick, um auf LinkedIn zu teilen\"><span><\/span><span class=\"sharing-screen-reader-text\">Klick, um auf LinkedIn zu teilen (Wird in neuem Fenster ge\u00f6ffnet)<\/span><\/a><\/li><li class=\"share-reddit\"><a rel=\"nofollow noopener noreferrer\" data-shared=\"\" class=\"share-reddit sd-button share-icon no-text\" href=\"https:\/\/www.bayern-wolln-mer.net\/blog\/index.php\/archives\/franken-bayern\/40-tagesthema-pauli-in-den-tagesthemen.html?share=reddit\" target=\"_blank\" title=\"Klick, um auf Reddit zu teilen\"><span><\/span><span class=\"sharing-screen-reader-text\">Klick, um auf Reddit zu teilen (Wird in neuem Fenster ge\u00f6ffnet)<\/span><\/a><\/li><li class=\"share-tumblr\"><a rel=\"nofollow noopener noreferrer\" data-shared=\"\" class=\"share-tumblr sd-button share-icon no-text\" href=\"https:\/\/www.bayern-wolln-mer.net\/blog\/index.php\/archives\/franken-bayern\/40-tagesthema-pauli-in-den-tagesthemen.html?share=tumblr\" target=\"_blank\" title=\"Klick, um auf Tumblr zu teilen\"><span><\/span><span class=\"sharing-screen-reader-text\">Klick, um auf Tumblr zu teilen (Wird in neuem Fenster ge\u00f6ffnet)<\/span><\/a><\/li><li class=\"share-pinterest\"><a rel=\"nofollow noopener noreferrer\" data-shared=\"sharing-pinterest-40\" class=\"share-pinterest sd-button share-icon no-text\" href=\"https:\/\/www.bayern-wolln-mer.net\/blog\/index.php\/archives\/franken-bayern\/40-tagesthema-pauli-in-den-tagesthemen.html?share=pinterest\" target=\"_blank\" title=\"Klick, um auf Pinterest zu teilen\"><span><\/span><span class=\"sharing-screen-reader-text\">Klick, um auf Pinterest zu teilen (Wird in neuem Fenster ge\u00f6ffnet)<\/span><\/a><\/li><li class=\"share-pocket\"><a rel=\"nofollow noopener noreferrer\" data-shared=\"\" class=\"share-pocket sd-button share-icon no-text\" href=\"https:\/\/www.bayern-wolln-mer.net\/blog\/index.php\/archives\/franken-bayern\/40-tagesthema-pauli-in-den-tagesthemen.html?share=pocket\" target=\"_blank\" title=\"Klick, um auf Pocket zu teilen\"><span><\/span><span class=\"sharing-screen-reader-text\">Klick, um auf Pocket zu teilen (Wird in neuem Fenster ge\u00f6ffnet)<\/span><\/a><\/li><li class=\"share-telegram\"><a rel=\"nofollow noopener noreferrer\" data-shared=\"\" class=\"share-telegram sd-button share-icon no-text\" href=\"https:\/\/www.bayern-wolln-mer.net\/blog\/index.php\/archives\/franken-bayern\/40-tagesthema-pauli-in-den-tagesthemen.html?share=telegram\" target=\"_blank\" title=\"Klicken, um auf Telegram zu teilen\"><span><\/span><span class=\"sharing-screen-reader-text\">Klicken, um auf Telegram zu teilen (Wird in neuem Fenster ge\u00f6ffnet)<\/span><\/a><\/li><li class=\"share-skype\"><a rel=\"nofollow noopener noreferrer\" data-shared=\"sharing-skype-40\" class=\"share-skype sd-button share-icon no-text\" href=\"https:\/\/www.bayern-wolln-mer.net\/blog\/index.php\/archives\/franken-bayern\/40-tagesthema-pauli-in-den-tagesthemen.html?share=skype\" target=\"_blank\" title=\"Klicken, um in Skype zu teilen\"><span><\/span><span class=\"sharing-screen-reader-text\">Klicken, um in Skype zu teilen (Wird in neuem Fenster ge\u00f6ffnet)<\/span><\/a><\/li><li><a href=\"#\" class=\"sharing-anchor sd-button share-more\"><span>Mehr<\/span><\/a><\/li><li class=\"share-end\"><\/li><\/ul><div class=\"sharing-hidden\"><div class=\"inner\" style=\"display: none;width:150px;\"><ul style=\"background-image:none;\"><li class=\"share-facebook\"><a rel=\"nofollow noopener noreferrer\" data-shared=\"sharing-facebook-40\" class=\"share-facebook sd-button share-icon no-text\" href=\"https:\/\/www.bayern-wolln-mer.net\/blog\/index.php\/archives\/franken-bayern\/40-tagesthema-pauli-in-den-tagesthemen.html?share=facebook\" target=\"_blank\" title=\"Klick, um auf Facebook zu teilen\"><span><\/span><span class=\"sharing-screen-reader-text\">Klick, um auf Facebook zu teilen (Wird in neuem Fenster ge\u00f6ffnet)<\/span><\/a><\/li><li class=\"share-end\"><\/li><\/ul><\/div><\/div><\/div><\/div><\/div>","protected":false},"excerpt":{"rendered":"<p>Der Abend des gro\u00dfen Schulterschlusses der CSU-F\u00fchrung um Ministerpr\u00e4sident Edmund Stoiber und die Tagesthemen berichten: Ein trotzig auftretender Parteivorsitzender, der in der K\u00e4lte von Wildbad Kreuth von den Lobreden seiner Parteispezln &#8220;besch\u00fctzt&#8221; in Mitten von Kameras wirkte wie ein Ex-Champion. Gleich danach ein Bericht vom Neujahrempfang des Markus S\u00f6der-Wahlkreises aus dem Multimediaraum des N\u00fcrnberger S\u00fcd-West-Parks, [&hellip;]<\/p>\n<div class=\"sharedaddy sd-sharing-enabled\"><div class=\"robots-nocontent sd-block sd-social sd-social-icon sd-sharing\"><h3 class=\"sd-title\">Share this:<\/h3><div class=\"sd-content\"><ul><li class=\"share-print\"><a rel=\"nofollow noopener noreferrer\" data-shared=\"\" class=\"share-print sd-button share-icon no-text\" href=\"https:\/\/www.bayern-wolln-mer.net\/blog\/index.php\/archives\/franken-bayern\/40-tagesthema-pauli-in-den-tagesthemen.html\" target=\"_blank\" title=\"Klicken zum Ausdrucken\"><span><\/span><span class=\"sharing-screen-reader-text\">Klicken zum Ausdrucken (Wird in neuem Fenster ge\u00f6ffnet)<\/span><\/a><\/li><li class=\"share-email\"><a rel=\"nofollow noopener noreferrer\" data-shared=\"\" class=\"share-email sd-button share-icon no-text\" href=\"https:\/\/www.bayern-wolln-mer.net\/blog\/index.php\/archives\/franken-bayern\/40-tagesthema-pauli-in-den-tagesthemen.html?share=email\" target=\"_blank\" title=\"Klick, um dies einem Freund per E-Mail zu senden\"><span><\/span><span class=\"sharing-screen-reader-text\">Klick, um dies einem Freund per E-Mail zu senden (Wird in neuem Fenster ge\u00f6ffnet)<\/span><\/a><\/li><li class=\"share-twitter\"><a rel=\"nofollow noopener noreferrer\" data-shared=\"sharing-twitter-40\" class=\"share-twitter sd-button share-icon no-text\" href=\"https:\/\/www.bayern-wolln-mer.net\/blog\/index.php\/archives\/franken-bayern\/40-tagesthema-pauli-in-den-tagesthemen.html?share=twitter\" target=\"_blank\" title=\"Klick, um \u00fcber Twitter zu teilen\"><span><\/span><span class=\"sharing-screen-reader-text\">Klick, um \u00fcber Twitter zu teilen (Wird in neuem Fenster ge\u00f6ffnet)<\/span><\/a><\/li><li class=\"share-jetpack-whatsapp\"><a rel=\"nofollow noopener noreferrer\" data-shared=\"\" class=\"share-jetpack-whatsapp sd-button share-icon no-text\" href=\"https:\/\/www.bayern-wolln-mer.net\/blog\/index.php\/archives\/franken-bayern\/40-tagesthema-pauli-in-den-tagesthemen.html?share=jetpack-whatsapp\" target=\"_blank\" title=\"Klicken, um auf WhatsApp zu teilen\"><span><\/span><span class=\"sharing-screen-reader-text\">Klicken, um auf WhatsApp zu teilen (Wird in neuem Fenster ge\u00f6ffnet)<\/span><\/a><\/li><li class=\"share-linkedin\"><a rel=\"nofollow noopener noreferrer\" data-shared=\"sharing-linkedin-40\" class=\"share-linkedin sd-button share-icon no-text\" href=\"https:\/\/www.bayern-wolln-mer.net\/blog\/index.php\/archives\/franken-bayern\/40-tagesthema-pauli-in-den-tagesthemen.html?share=linkedin\" target=\"_blank\" title=\"Klick, um auf LinkedIn zu teilen\"><span><\/span><span class=\"sharing-screen-reader-text\">Klick, um auf LinkedIn zu teilen (Wird in neuem Fenster ge\u00f6ffnet)<\/span><\/a><\/li><li class=\"share-reddit\"><a rel=\"nofollow noopener noreferrer\" data-shared=\"\" class=\"share-reddit sd-button share-icon no-text\" href=\"https:\/\/www.bayern-wolln-mer.net\/blog\/index.php\/archives\/franken-bayern\/40-tagesthema-pauli-in-den-tagesthemen.html?share=reddit\" target=\"_blank\" title=\"Klick, um auf Reddit zu teilen\"><span><\/span><span class=\"sharing-screen-reader-text\">Klick, um auf Reddit zu teilen (Wird in neuem Fenster ge\u00f6ffnet)<\/span><\/a><\/li><li class=\"share-tumblr\"><a rel=\"nofollow noopener noreferrer\" data-shared=\"\" class=\"share-tumblr sd-button share-icon no-text\" href=\"https:\/\/www.bayern-wolln-mer.net\/blog\/index.php\/archives\/franken-bayern\/40-tagesthema-pauli-in-den-tagesthemen.html?share=tumblr\" target=\"_blank\" title=\"Klick, um auf Tumblr zu teilen\"><span><\/span><span class=\"sharing-screen-reader-text\">Klick, um auf Tumblr zu teilen (Wird in neuem Fenster ge\u00f6ffnet)<\/span><\/a><\/li><li class=\"share-pinterest\"><a rel=\"nofollow noopener noreferrer\" data-shared=\"sharing-pinterest-40\" class=\"share-pinterest sd-button share-icon no-text\" href=\"https:\/\/www.bayern-wolln-mer.net\/blog\/index.php\/archives\/franken-bayern\/40-tagesthema-pauli-in-den-tagesthemen.html?share=pinterest\" target=\"_blank\" title=\"Klick, um auf Pinterest zu teilen\"><span><\/span><span class=\"sharing-screen-reader-text\">Klick, um auf Pinterest zu teilen (Wird in neuem Fenster ge\u00f6ffnet)<\/span><\/a><\/li><li class=\"share-pocket\"><a rel=\"nofollow noopener noreferrer\" data-shared=\"\" class=\"share-pocket sd-button share-icon no-text\" href=\"https:\/\/www.bayern-wolln-mer.net\/blog\/index.php\/archives\/franken-bayern\/40-tagesthema-pauli-in-den-tagesthemen.html?share=pocket\" target=\"_blank\" title=\"Klick, um auf Pocket zu teilen\"><span><\/span><span class=\"sharing-screen-reader-text\">Klick, um auf Pocket zu teilen (Wird in neuem Fenster ge\u00f6ffnet)<\/span><\/a><\/li><li class=\"share-telegram\"><a rel=\"nofollow noopener noreferrer\" data-shared=\"\" class=\"share-telegram sd-button share-icon no-text\" href=\"https:\/\/www.bayern-wolln-mer.net\/blog\/index.php\/archives\/franken-bayern\/40-tagesthema-pauli-in-den-tagesthemen.html?share=telegram\" target=\"_blank\" title=\"Klicken, um auf Telegram zu teilen\"><span><\/span><span class=\"sharing-screen-reader-text\">Klicken, um auf Telegram zu teilen (Wird in neuem Fenster ge\u00f6ffnet)<\/span><\/a><\/li><li class=\"share-skype\"><a rel=\"nofollow noopener noreferrer\" data-shared=\"sharing-skype-40\" class=\"share-skype sd-button share-icon no-text\" href=\"https:\/\/www.bayern-wolln-mer.net\/blog\/index.php\/archives\/franken-bayern\/40-tagesthema-pauli-in-den-tagesthemen.html?share=skype\" target=\"_blank\" title=\"Klicken, um in Skype zu teilen\"><span><\/span><span class=\"sharing-screen-reader-text\">Klicken, um in Skype zu teilen (Wird in neuem Fenster ge\u00f6ffnet)<\/span><\/a><\/li><li><a href=\"#\" class=\"sharing-anchor sd-button share-more\"><span>Mehr<\/span><\/a><\/li><li class=\"share-end\"><\/li><\/ul><div class=\"sharing-hidden\"><div class=\"inner\" style=\"display: none;width:150px;\"><ul style=\"background-image:none;\"><li class=\"share-facebook\"><a rel=\"nofollow noopener noreferrer\" data-shared=\"sharing-facebook-40\" class=\"share-facebook sd-button share-icon no-text\" href=\"https:\/\/www.bayern-wolln-mer.net\/blog\/index.php\/archives\/franken-bayern\/40-tagesthema-pauli-in-den-tagesthemen.html?share=facebook\" target=\"_blank\" title=\"Klick, um auf Facebook zu teilen\"><span><\/span><span class=\"sharing-screen-reader-text\">Klick, um auf Facebook zu teilen (Wird in neuem Fenster ge\u00f6ffnet)<\/span><\/a><\/li><li class=\"share-end\"><\/li><\/ul><\/div><\/div><\/div><\/div><\/div>","protected":false},"author":3,"featured_media":0,"comment_status":"open","ping_status":"open","sticky":false,"template":"","format":"standard","meta":{"spay_email":"","jetpack_publicize_message":""},"categories":[4,6],"tags":[40],"jetpack_featured_media_url":"","jetpack_publicize_connections":[],"yoast_head":"<!-- This site is optimized with the Yoast SEO plugin v18.2 - https:\/\/yoast.com\/wordpress\/plugins\/seo\/ -->\n<meta name=\"robots\" content=\"index, follow, max-snippet:-1, max-image-preview:large, max-video-preview:-1\" \/>\n<link rel=\"canonical\" href=\"https:\/\/www.bayern-wolln-mer.net\/blog\/index.php\/archives\/franken-bayern\/40-tagesthema-pauli-in-den-tagesthemen.html\" \/>\n<meta property=\"og:locale\" content=\"de_DE\" \/>\n<meta property=\"og:type\" content=\"article\" \/>\n<meta property=\"og:title\" content=\"Tagesthema Pauli in den Tagesthemen - Bayern-wolln-mer.net\" \/>\n<meta property=\"og:description\" content=\"Der Abend des gro\u00dfen Schulterschlusses der CSU-F\u00fchrung um Ministerpr\u00e4sident Edmund Stoiber und die Tagesthemen berichten: Ein trotzig auftretender Parteivorsitzender, der in der K\u00e4lte von Wildbad Kreuth von den Lobreden seiner Parteispezln &#8220;besch\u00fctzt&#8221; in Mitten von Kameras wirkte wie ein Ex-Champion. Gleich danach ein Bericht vom Neujahrempfang des Markus S\u00f6der-Wahlkreises aus dem Multimediaraum des N\u00fcrnberger S\u00fcd-West-Parks, [&hellip;]\" \/>\n<meta property=\"og:url\" content=\"https:\/\/www.bayern-wolln-mer.net\/blog\/index.php\/archives\/franken-bayern\/40-tagesthema-pauli-in-den-tagesthemen.html\" \/>\n<meta property=\"og:site_name\" content=\"Bayern-wolln-mer.net\" \/>\n<meta property=\"article:published_time\" content=\"2007-01-09T17:31:15+00:00\" \/>\n<meta property=\"article:modified_time\" content=\"2007-01-11T12:27:25+00:00\" \/>\n<meta name=\"twitter:card\" content=\"summary_large_image\" \/>\n<meta name=\"twitter:label1\" content=\"Verfasst von\" \/>\n\t<meta name=\"twitter:data1\" content=\"Andreas Brandl\" \/>\n\t<meta name=\"twitter:label2\" content=\"Gesch\u00e4tzte Lesezeit\" \/>\n\t<meta name=\"twitter:data2\" content=\"2\u00a0Minuten\" \/>\n<script type=\"application\/ld+json\" class=\"yoast-schema-graph\">{\"@context\":\"https:\/\/schema.org\",\"@graph\":[{\"@type\":\"WebSite\",\"@id\":\"https:\/\/www.bayern-wolln-mer.net\/blog\/#website\",\"url\":\"https:\/\/www.bayern-wolln-mer.net\/blog\/\",\"name\":\"Bayern-wolln-mer.net\",\"description\":\"Frankenblog! Frei statt Bayern! Freiheit f\u00fcr Franken!\",\"potentialAction\":[{\"@type\":\"SearchAction\",\"target\":{\"@type\":\"EntryPoint\",\"urlTemplate\":\"https:\/\/www.bayern-wolln-mer.net\/blog\/?s={search_term_string}\"},\"query-input\":\"required name=search_term_string\"}],\"inLanguage\":\"de\"},{\"@type\":\"WebPage\",\"@id\":\"https:\/\/www.bayern-wolln-mer.net\/blog\/index.php\/archives\/franken-bayern\/40-tagesthema-pauli-in-den-tagesthemen.html#webpage\",\"url\":\"https:\/\/www.bayern-wolln-mer.net\/blog\/index.php\/archives\/franken-bayern\/40-tagesthema-pauli-in-den-tagesthemen.html\",\"name\":\"Tagesthema Pauli in den Tagesthemen - Bayern-wolln-mer.net\",\"isPartOf\":{\"@id\":\"https:\/\/www.bayern-wolln-mer.net\/blog\/#website\"},\"datePublished\":\"2007-01-09T17:31:15+00:00\",\"dateModified\":\"2007-01-11T12:27:25+00:00\",\"author\":{\"@id\":\"https:\/\/www.bayern-wolln-mer.net\/blog\/#\/schema\/person\/b9fcf524d723fdb81f40a1bed0e52f96\"},\"breadcrumb\":{\"@id\":\"https:\/\/www.bayern-wolln-mer.net\/blog\/index.php\/archives\/franken-bayern\/40-tagesthema-pauli-in-den-tagesthemen.html#breadcrumb\"},\"inLanguage\":\"de\",\"potentialAction\":[{\"@type\":\"ReadAction\",\"target\":[\"https:\/\/www.bayern-wolln-mer.net\/blog\/index.php\/archives\/franken-bayern\/40-tagesthema-pauli-in-den-tagesthemen.html\"]}]},{\"@type\":\"BreadcrumbList\",\"@id\":\"https:\/\/www.bayern-wolln-mer.net\/blog\/index.php\/archives\/franken-bayern\/40-tagesthema-pauli-in-den-tagesthemen.html#breadcrumb\",\"itemListElement\":[{\"@type\":\"ListItem\",\"position\":1,\"name\":\"Startseite\",\"item\":\"https:\/\/www.bayern-wolln-mer.net\/blog\"},{\"@type\":\"ListItem\",\"position\":2,\"name\":\"Tagesthema Pauli in den Tagesthemen\"}]},{\"@type\":\"Person\",\"@id\":\"https:\/\/www.bayern-wolln-mer.net\/blog\/#\/schema\/person\/b9fcf524d723fdb81f40a1bed0e52f96\",\"name\":\"Andreas Brandl\",\"image\":{\"@type\":\"ImageObject\",\"@id\":\"https:\/\/www.bayern-wolln-mer.net\/blog\/#personlogo\",\"inLanguage\":\"de\",\"url\":\"https:\/\/secure.gravatar.com\/avatar\/7c2e8ddf168a4d43fa09a0495da2d513?s=96&d=mm&r=g\",\"contentUrl\":\"https:\/\/secure.gravatar.com\/avatar\/7c2e8ddf168a4d43fa09a0495da2d513?s=96&d=mm&r=g\",\"caption\":\"Andreas Brandl\"},\"sameAs\":[\"https:\/\/www.bayern-wolln-mer.net\"],\"url\":\"https:\/\/www.bayern-wolln-mer.net\/blog\/index.php\/archives\/author\/andy\"}]}<\/script>\n<!-- \/ Yoast SEO plugin. -->","yoast_head_json":{"robots":{"index":"index","follow":"follow","max-snippet":"max-snippet:-1","max-image-preview":"max-image-preview:large","max-video-preview":"max-video-preview:-1"},"canonical":"https:\/\/www.bayern-wolln-mer.net\/blog\/index.php\/archives\/franken-bayern\/40-tagesthema-pauli-in-den-tagesthemen.html","og_locale":"de_DE","og_type":"article","og_title":"Tagesthema Pauli in den Tagesthemen - Bayern-wolln-mer.net","og_description":"Der Abend des gro\u00dfen Schulterschlusses der CSU-F\u00fchrung um Ministerpr\u00e4sident Edmund Stoiber und die Tagesthemen berichten: Ein trotzig auftretender Parteivorsitzender, der in der K\u00e4lte von Wildbad Kreuth von den Lobreden seiner Parteispezln &#8220;besch\u00fctzt&#8221; in Mitten von Kameras wirkte wie ein Ex-Champion. Gleich danach ein Bericht vom Neujahrempfang des Markus S\u00f6der-Wahlkreises aus dem Multimediaraum des N\u00fcrnberger S\u00fcd-West-Parks, [&hellip;]","og_url":"https:\/\/www.bayern-wolln-mer.net\/blog\/index.php\/archives\/franken-bayern\/40-tagesthema-pauli-in-den-tagesthemen.html","og_site_name":"Bayern-wolln-mer.net","article_published_time":"2007-01-09T17:31:15+00:00","article_modified_time":"2007-01-11T12:27:25+00:00","twitter_card":"summary_large_image","twitter_misc":{"Verfasst von":"Andreas Brandl","Gesch\u00e4tzte Lesezeit":"2\u00a0Minuten"},"schema":{"@context":"https:\/\/schema.org","@graph":[{"@type":"WebSite","@id":"https:\/\/www.bayern-wolln-mer.net\/blog\/#website","url":"https:\/\/www.bayern-wolln-mer.net\/blog\/","name":"Bayern-wolln-mer.net","description":"Frankenblog! Frei statt Bayern! Freiheit f\u00fcr Franken!","potentialAction":[{"@type":"SearchAction","target":{"@type":"EntryPoint","urlTemplate":"https:\/\/www.bayern-wolln-mer.net\/blog\/?s={search_term_string}"},"query-input":"required name=search_term_string"}],"inLanguage":"de"},{"@type":"WebPage","@id":"https:\/\/www.bayern-wolln-mer.net\/blog\/index.php\/archives\/franken-bayern\/40-tagesthema-pauli-in-den-tagesthemen.html#webpage","url":"https:\/\/www.bayern-wolln-mer.net\/blog\/index.php\/archives\/franken-bayern\/40-tagesthema-pauli-in-den-tagesthemen.html","name":"Tagesthema Pauli in den Tagesthemen - Bayern-wolln-mer.net","isPartOf":{"@id":"https:\/\/www.bayern-wolln-mer.net\/blog\/#website"},"datePublished":"2007-01-09T17:31:15+00:00","dateModified":"2007-01-11T12:27:25+00:00","author":{"@id":"https:\/\/www.bayern-wolln-mer.net\/blog\/#\/schema\/person\/b9fcf524d723fdb81f40a1bed0e52f96"},"breadcrumb":{"@id":"https:\/\/www.bayern-wolln-mer.net\/blog\/index.php\/archives\/franken-bayern\/40-tagesthema-pauli-in-den-tagesthemen.html#breadcrumb"},"inLanguage":"de","potentialAction":[{"@type":"ReadAction","target":["https:\/\/www.bayern-wolln-mer.net\/blog\/index.php\/archives\/franken-bayern\/40-tagesthema-pauli-in-den-tagesthemen.html"]}]},{"@type":"BreadcrumbList","@id":"https:\/\/www.bayern-wolln-mer.net\/blog\/index.php\/archives\/franken-bayern\/40-tagesthema-pauli-in-den-tagesthemen.html#breadcrumb","itemListElement":[{"@type":"ListItem","position":1,"name":"Startseite","item":"https:\/\/www.bayern-wolln-mer.net\/blog"},{"@type":"ListItem","position":2,"name":"Tagesthema Pauli in den Tagesthemen"}]},{"@type":"Person","@id":"https:\/\/www.bayern-wolln-mer.net\/blog\/#\/schema\/person\/b9fcf524d723fdb81f40a1bed0e52f96","name":"Andreas Brandl","image":{"@type":"ImageObject","@id":"https:\/\/www.bayern-wolln-mer.net\/blog\/#personlogo","inLanguage":"de","url":"https:\/\/secure.gravatar.com\/avatar\/7c2e8ddf168a4d43fa09a0495da2d513?s=96&d=mm&r=g","contentUrl":"https:\/\/secure.gravatar.com\/avatar\/7c2e8ddf168a4d43fa09a0495da2d513?s=96&d=mm&r=g","caption":"Andreas Brandl"},"sameAs":["https:\/\/www.bayern-wolln-mer.net"],"url":"https:\/\/www.bayern-wolln-mer.net\/blog\/index.php\/archives\/author\/andy"}]}},"jetpack_sharing_enabled":true,"jetpack_shortlink":"https:\/\/wp.me\/p7UoAp-E","jetpack-related-posts":[],"_links":{"self":[{"href":"https:\/\/www.bayern-wolln-mer.net\/blog\/index.php\/wp-json\/wp\/v2\/posts\/40"}],"collection":[{"href":"https:\/\/www.bayern-wolln-mer.net\/blog\/index.php\/wp-json\/wp\/v2\/posts"}],"about":[{"href":"https:\/\/www.bayern-wolln-mer.net\/blog\/index.php\/wp-json\/wp\/v2\/types\/post"}],"author":[{"embeddable":true,"href":"https:\/\/www.bayern-wolln-mer.net\/blog\/index.php\/wp-json\/wp\/v2\/users\/3"}],"replies":[{"embeddable":true,"href":"https:\/\/www.bayern-wolln-mer.net\/blog\/index.php\/wp-json\/wp\/v2\/comments?post=40"}],"version-history":[{"count":0,"href":"https:\/\/www.bayern-wolln-mer.net\/blog\/index.php\/wp-json\/wp\/v2\/posts\/40\/revisions"}],"wp:attachment":[{"href":"https:\/\/www.bayern-wolln-mer.net\/blog\/index.php\/wp-json\/wp\/v2\/media?parent=40"}],"wp:term":[{"taxonomy":"category","embeddable":true,"href":"https:\/\/www.bayern-wolln-mer.net\/blog\/index.php\/wp-json\/wp\/v2\/categories?post=40"},{"taxonomy":"post_tag","embeddable":true,"href":"https:\/\/www.bayern-wolln-mer.net\/blog\/index.php\/wp-json\/wp\/v2\/tags?post=40"}],"curies":[{"name":"wp","href":"https:\/\/api.w.org\/{rel}","templated":true}]}}