{"id":53,"date":"2007-01-18T16:55:59","date_gmt":"2007-01-18T14:55:59","guid":{"rendered":"http:\/\/bayern-wolln-mer.net\/blog\/index.php\/archives\/franken-bayern\/53-stoiber-gibt-auf.html"},"modified":"2008-10-01T11:33:33","modified_gmt":"2008-10-01T10:33:33","slug":"stoiber-gibt-auf","status":"publish","type":"post","link":"https:\/\/www.bayern-wolln-mer.net\/blog\/index.php\/archives\/franken-bayern\/53-stoiber-gibt-auf.html","title":{"rendered":"Stoiber gibt auf"},"content":{"rendered":"<p><strong><a href=\"https:\/\/bayern-wolln-mer.net\/blog\/index.php\/archives\/franken-bayern\/52-beckstein-wird-stoiber-nachfolger-2.html\" title=\"Beckstein beerbt Stoiber\" target=\"_blank\">Die 13-j\u00e4hrige &#8220;\u00c4ra Stoiber&#8221; ist zu Ende<\/a><\/strong>: Der bayerische Ministerpr\u00e4sident und Parteichef gibt dem Druck nach und <strong>tritt zur\u00fcck!<\/strong><\/p>\n<p>Sein Amt als Regierungschef wird er zum <strong>30. September abgeben<\/strong> und nicht mehr f\u00fcr den Vorsitz kandidieren. Das erkl\u00e4rte Stoiber am Donnerstagnachmittag in M\u00fcnchen.<\/p>\n<p><strong>G\u00fcnther Beckstein (63)<\/strong> soll neuer Ministerpr\u00e4sident und <strong>Erwin Huber (60)<\/strong> Parteichef werden. Diese Pl\u00e4ne sollten am kommenden Montag bei der Sitzung des CSU-Vorstandes besprochen werden. Stoiber wollte die <strong>Beckstein-Huber-L\u00f6sung<\/strong> nicht so rasch publik machen.<\/p>\n<p>CSU-Landesgruppenchefs <strong>Peter Ramsauer<\/strong> fordert dazu noch ein Mitspracherecht der Landesgruppe und bringt daf\u00fcr die CSU-Bundesminister <strong>Michael Glos<\/strong> und <strong>Horst Seehofer<\/strong> ins Gespr\u00e4ch. Allerdings wird der Bundeslandwirtschaftsminister <strong><a href=\"https:\/\/bayern-wolln-mer.net\/blog\/index.php\/archives\/franken-bayern\/49-seehofers-geliebte-die-geschichte-wiederholt-sich.html\" title=\"Seehofers Geliebte Die Geschichte wiederholt sich\" target=\"_blank\">Horst Seehofer<\/a><\/strong> in der neuen F\u00fchrungsspitze keine Beachtung mehr finden, so der Nachrichtensender N-TV.<\/p>\n<p><strong>Portrait G\u00fcnther Beckstein: <a href=\"https:\/\/www.n-tv.de\/754920.html\" title=\"Portrait Beckstein\" target=\"_blank\">Der fr\u00e4nkische Hardliner<\/a><\/strong><\/p>\n<p><strong>Quellen <a href=\"https:\/\/www.n-tv.de\/754911.html\" title=\"N-TV\" target=\"_blank\">N-TV<\/a><\/strong><\/p>\n<div class=\"sharedaddy sd-sharing-enabled\"><div class=\"robots-nocontent sd-block sd-social sd-social-icon sd-sharing\"><h3 class=\"sd-title\">Share this:<\/h3><div class=\"sd-content\"><ul><li class=\"share-print\"><a rel=\"nofollow noopener noreferrer\" data-shared=\"\" class=\"share-print sd-button share-icon no-text\" href=\"https:\/\/www.bayern-wolln-mer.net\/blog\/index.php\/archives\/franken-bayern\/53-stoiber-gibt-auf.html\" target=\"_blank\" title=\"Klicken zum Ausdrucken\"><span><\/span><span class=\"sharing-screen-reader-text\">Klicken zum Ausdrucken (Wird in neuem Fenster ge\u00f6ffnet)<\/span><\/a><\/li><li class=\"share-email\"><a rel=\"nofollow noopener noreferrer\" data-shared=\"\" class=\"share-email sd-button share-icon no-text\" href=\"https:\/\/www.bayern-wolln-mer.net\/blog\/index.php\/archives\/franken-bayern\/53-stoiber-gibt-auf.html?share=email\" target=\"_blank\" title=\"Klick, um dies einem Freund per E-Mail zu senden\"><span><\/span><span class=\"sharing-screen-reader-text\">Klick, um dies einem Freund per E-Mail zu senden (Wird in neuem Fenster ge\u00f6ffnet)<\/span><\/a><\/li><li class=\"share-twitter\"><a rel=\"nofollow noopener noreferrer\" data-shared=\"sharing-twitter-53\" class=\"share-twitter sd-button share-icon no-text\" href=\"https:\/\/www.bayern-wolln-mer.net\/blog\/index.php\/archives\/franken-bayern\/53-stoiber-gibt-auf.html?share=twitter\" target=\"_blank\" title=\"Klick, um \u00fcber Twitter zu teilen\"><span><\/span><span class=\"sharing-screen-reader-text\">Klick, um \u00fcber Twitter zu teilen (Wird in neuem Fenster ge\u00f6ffnet)<\/span><\/a><\/li><li class=\"share-jetpack-whatsapp\"><a rel=\"nofollow noopener noreferrer\" data-shared=\"\" class=\"share-jetpack-whatsapp sd-button share-icon no-text\" href=\"https:\/\/www.bayern-wolln-mer.net\/blog\/index.php\/archives\/franken-bayern\/53-stoiber-gibt-auf.html?share=jetpack-whatsapp\" target=\"_blank\" title=\"Klicken, um auf WhatsApp zu teilen\"><span><\/span><span class=\"sharing-screen-reader-text\">Klicken, um auf WhatsApp zu teilen (Wird in neuem Fenster ge\u00f6ffnet)<\/span><\/a><\/li><li class=\"share-linkedin\"><a rel=\"nofollow noopener noreferrer\" data-shared=\"sharing-linkedin-53\" class=\"share-linkedin sd-button share-icon no-text\" href=\"https:\/\/www.bayern-wolln-mer.net\/blog\/index.php\/archives\/franken-bayern\/53-stoiber-gibt-auf.html?share=linkedin\" target=\"_blank\" title=\"Klick, um auf LinkedIn zu teilen\"><span><\/span><span class=\"sharing-screen-reader-text\">Klick, um auf LinkedIn zu teilen (Wird in neuem Fenster ge\u00f6ffnet)<\/span><\/a><\/li><li class=\"share-reddit\"><a rel=\"nofollow noopener noreferrer\" data-shared=\"\" class=\"share-reddit sd-button share-icon no-text\" href=\"https:\/\/www.bayern-wolln-mer.net\/blog\/index.php\/archives\/franken-bayern\/53-stoiber-gibt-auf.html?share=reddit\" target=\"_blank\" title=\"Klick, um auf Reddit zu teilen\"><span><\/span><span class=\"sharing-screen-reader-text\">Klick, um auf Reddit zu teilen (Wird in neuem Fenster ge\u00f6ffnet)<\/span><\/a><\/li><li class=\"share-tumblr\"><a rel=\"nofollow noopener noreferrer\" data-shared=\"\" class=\"share-tumblr sd-button share-icon no-text\" href=\"https:\/\/www.bayern-wolln-mer.net\/blog\/index.php\/archives\/franken-bayern\/53-stoiber-gibt-auf.html?share=tumblr\" target=\"_blank\" title=\"Klick, um auf Tumblr zu teilen\"><span><\/span><span class=\"sharing-screen-reader-text\">Klick, um auf Tumblr zu teilen (Wird in neuem Fenster ge\u00f6ffnet)<\/span><\/a><\/li><li class=\"share-pinterest\"><a rel=\"nofollow noopener noreferrer\" data-shared=\"sharing-pinterest-53\" class=\"share-pinterest sd-button share-icon no-text\" href=\"https:\/\/www.bayern-wolln-mer.net\/blog\/index.php\/archives\/franken-bayern\/53-stoiber-gibt-auf.html?share=pinterest\" target=\"_blank\" title=\"Klick, um auf Pinterest zu teilen\"><span><\/span><span class=\"sharing-screen-reader-text\">Klick, um auf Pinterest zu teilen (Wird in neuem Fenster ge\u00f6ffnet)<\/span><\/a><\/li><li class=\"share-pocket\"><a rel=\"nofollow noopener noreferrer\" data-shared=\"\" class=\"share-pocket sd-button share-icon no-text\" href=\"https:\/\/www.bayern-wolln-mer.net\/blog\/index.php\/archives\/franken-bayern\/53-stoiber-gibt-auf.html?share=pocket\" target=\"_blank\" title=\"Klick, um auf Pocket zu teilen\"><span><\/span><span class=\"sharing-screen-reader-text\">Klick, um auf Pocket zu teilen (Wird in neuem Fenster ge\u00f6ffnet)<\/span><\/a><\/li><li class=\"share-telegram\"><a rel=\"nofollow noopener noreferrer\" data-shared=\"\" class=\"share-telegram sd-button share-icon no-text\" href=\"https:\/\/www.bayern-wolln-mer.net\/blog\/index.php\/archives\/franken-bayern\/53-stoiber-gibt-auf.html?share=telegram\" target=\"_blank\" title=\"Klicken, um auf Telegram zu teilen\"><span><\/span><span class=\"sharing-screen-reader-text\">Klicken, um auf Telegram zu teilen (Wird in neuem Fenster ge\u00f6ffnet)<\/span><\/a><\/li><li class=\"share-skype\"><a rel=\"nofollow noopener noreferrer\" data-shared=\"sharing-skype-53\" class=\"share-skype sd-button share-icon no-text\" href=\"https:\/\/www.bayern-wolln-mer.net\/blog\/index.php\/archives\/franken-bayern\/53-stoiber-gibt-auf.html?share=skype\" target=\"_blank\" title=\"Klicken, um in Skype zu teilen\"><span><\/span><span class=\"sharing-screen-reader-text\">Klicken, um in Skype zu teilen (Wird in neuem Fenster ge\u00f6ffnet)<\/span><\/a><\/li><li><a href=\"#\" class=\"sharing-anchor sd-button share-more\"><span>Mehr<\/span><\/a><\/li><li class=\"share-end\"><\/li><\/ul><div class=\"sharing-hidden\"><div class=\"inner\" style=\"display: none;width:150px;\"><ul style=\"background-image:none;\"><li class=\"share-facebook\"><a rel=\"nofollow noopener noreferrer\" data-shared=\"sharing-facebook-53\" class=\"share-facebook sd-button share-icon no-text\" href=\"https:\/\/www.bayern-wolln-mer.net\/blog\/index.php\/archives\/franken-bayern\/53-stoiber-gibt-auf.html?share=facebook\" target=\"_blank\" title=\"Klick, um auf Facebook zu teilen\"><span><\/span><span class=\"sharing-screen-reader-text\">Klick, um auf Facebook zu teilen (Wird in neuem Fenster ge\u00f6ffnet)<\/span><\/a><\/li><li class=\"share-end\"><\/li><\/ul><\/div><\/div><\/div><\/div><\/div>","protected":false},"excerpt":{"rendered":"<p>Die 13-j\u00e4hrige &#8220;\u00c4ra Stoiber&#8221; ist zu Ende: Der bayerische Ministerpr\u00e4sident und Parteichef gibt dem Druck nach und tritt zur\u00fcck! Sein Amt als Regierungschef wird er zum 30. September abgeben und nicht mehr f\u00fcr den Vorsitz kandidieren. Das erkl\u00e4rte Stoiber am Donnerstagnachmittag in M\u00fcnchen. G\u00fcnther Beckstein (63) soll neuer Ministerpr\u00e4sident und Erwin Huber (60) Parteichef werden. [&hellip;]<\/p>\n<div class=\"sharedaddy sd-sharing-enabled\"><div class=\"robots-nocontent sd-block sd-social sd-social-icon sd-sharing\"><h3 class=\"sd-title\">Share this:<\/h3><div class=\"sd-content\"><ul><li class=\"share-print\"><a rel=\"nofollow noopener noreferrer\" data-shared=\"\" class=\"share-print sd-button share-icon no-text\" href=\"https:\/\/www.bayern-wolln-mer.net\/blog\/index.php\/archives\/franken-bayern\/53-stoiber-gibt-auf.html\" target=\"_blank\" title=\"Klicken zum Ausdrucken\"><span><\/span><span class=\"sharing-screen-reader-text\">Klicken zum Ausdrucken (Wird in neuem Fenster ge\u00f6ffnet)<\/span><\/a><\/li><li class=\"share-email\"><a rel=\"nofollow noopener noreferrer\" data-shared=\"\" class=\"share-email sd-button share-icon no-text\" href=\"https:\/\/www.bayern-wolln-mer.net\/blog\/index.php\/archives\/franken-bayern\/53-stoiber-gibt-auf.html?share=email\" target=\"_blank\" title=\"Klick, um dies einem Freund per E-Mail zu senden\"><span><\/span><span class=\"sharing-screen-reader-text\">Klick, um dies einem Freund per E-Mail zu senden (Wird in neuem Fenster ge\u00f6ffnet)<\/span><\/a><\/li><li class=\"share-twitter\"><a rel=\"nofollow noopener noreferrer\" data-shared=\"sharing-twitter-53\" class=\"share-twitter sd-button share-icon no-text\" href=\"https:\/\/www.bayern-wolln-mer.net\/blog\/index.php\/archives\/franken-bayern\/53-stoiber-gibt-auf.html?share=twitter\" target=\"_blank\" title=\"Klick, um \u00fcber Twitter zu teilen\"><span><\/span><span class=\"sharing-screen-reader-text\">Klick, um \u00fcber Twitter zu teilen (Wird in neuem Fenster ge\u00f6ffnet)<\/span><\/a><\/li><li class=\"share-jetpack-whatsapp\"><a rel=\"nofollow noopener noreferrer\" data-shared=\"\" class=\"share-jetpack-whatsapp sd-button share-icon no-text\" href=\"https:\/\/www.bayern-wolln-mer.net\/blog\/index.php\/archives\/franken-bayern\/53-stoiber-gibt-auf.html?share=jetpack-whatsapp\" target=\"_blank\" title=\"Klicken, um auf WhatsApp zu teilen\"><span><\/span><span class=\"sharing-screen-reader-text\">Klicken, um auf WhatsApp zu teilen (Wird in neuem Fenster ge\u00f6ffnet)<\/span><\/a><\/li><li class=\"share-linkedin\"><a rel=\"nofollow noopener noreferrer\" data-shared=\"sharing-linkedin-53\" class=\"share-linkedin sd-button share-icon no-text\" href=\"https:\/\/www.bayern-wolln-mer.net\/blog\/index.php\/archives\/franken-bayern\/53-stoiber-gibt-auf.html?share=linkedin\" target=\"_blank\" title=\"Klick, um auf LinkedIn zu teilen\"><span><\/span><span class=\"sharing-screen-reader-text\">Klick, um auf LinkedIn zu teilen (Wird in neuem Fenster ge\u00f6ffnet)<\/span><\/a><\/li><li class=\"share-reddit\"><a rel=\"nofollow noopener noreferrer\" data-shared=\"\" class=\"share-reddit sd-button share-icon no-text\" href=\"https:\/\/www.bayern-wolln-mer.net\/blog\/index.php\/archives\/franken-bayern\/53-stoiber-gibt-auf.html?share=reddit\" target=\"_blank\" title=\"Klick, um auf Reddit zu teilen\"><span><\/span><span class=\"sharing-screen-reader-text\">Klick, um auf Reddit zu teilen (Wird in neuem Fenster ge\u00f6ffnet)<\/span><\/a><\/li><li class=\"share-tumblr\"><a rel=\"nofollow noopener noreferrer\" data-shared=\"\" class=\"share-tumblr sd-button share-icon no-text\" href=\"https:\/\/www.bayern-wolln-mer.net\/blog\/index.php\/archives\/franken-bayern\/53-stoiber-gibt-auf.html?share=tumblr\" target=\"_blank\" title=\"Klick, um auf Tumblr zu teilen\"><span><\/span><span class=\"sharing-screen-reader-text\">Klick, um auf Tumblr zu teilen (Wird in neuem Fenster ge\u00f6ffnet)<\/span><\/a><\/li><li class=\"share-pinterest\"><a rel=\"nofollow noopener noreferrer\" data-shared=\"sharing-pinterest-53\" class=\"share-pinterest sd-button share-icon no-text\" href=\"https:\/\/www.bayern-wolln-mer.net\/blog\/index.php\/archives\/franken-bayern\/53-stoiber-gibt-auf.html?share=pinterest\" target=\"_blank\" title=\"Klick, um auf Pinterest zu teilen\"><span><\/span><span class=\"sharing-screen-reader-text\">Klick, um auf Pinterest zu teilen (Wird in neuem Fenster ge\u00f6ffnet)<\/span><\/a><\/li><li class=\"share-pocket\"><a rel=\"nofollow noopener noreferrer\" data-shared=\"\" class=\"share-pocket sd-button share-icon no-text\" href=\"https:\/\/www.bayern-wolln-mer.net\/blog\/index.php\/archives\/franken-bayern\/53-stoiber-gibt-auf.html?share=pocket\" target=\"_blank\" title=\"Klick, um auf Pocket zu teilen\"><span><\/span><span class=\"sharing-screen-reader-text\">Klick, um auf Pocket zu teilen (Wird in neuem Fenster ge\u00f6ffnet)<\/span><\/a><\/li><li class=\"share-telegram\"><a rel=\"nofollow noopener noreferrer\" data-shared=\"\" class=\"share-telegram sd-button share-icon no-text\" href=\"https:\/\/www.bayern-wolln-mer.net\/blog\/index.php\/archives\/franken-bayern\/53-stoiber-gibt-auf.html?share=telegram\" target=\"_blank\" title=\"Klicken, um auf Telegram zu teilen\"><span><\/span><span class=\"sharing-screen-reader-text\">Klicken, um auf Telegram zu teilen (Wird in neuem Fenster ge\u00f6ffnet)<\/span><\/a><\/li><li class=\"share-skype\"><a rel=\"nofollow noopener noreferrer\" data-shared=\"sharing-skype-53\" class=\"share-skype sd-button share-icon no-text\" href=\"https:\/\/www.bayern-wolln-mer.net\/blog\/index.php\/archives\/franken-bayern\/53-stoiber-gibt-auf.html?share=skype\" target=\"_blank\" title=\"Klicken, um in Skype zu teilen\"><span><\/span><span class=\"sharing-screen-reader-text\">Klicken, um in Skype zu teilen (Wird in neuem Fenster ge\u00f6ffnet)<\/span><\/a><\/li><li><a href=\"#\" class=\"sharing-anchor sd-button share-more\"><span>Mehr<\/span><\/a><\/li><li class=\"share-end\"><\/li><\/ul><div class=\"sharing-hidden\"><div class=\"inner\" style=\"display: none;width:150px;\"><ul style=\"background-image:none;\"><li class=\"share-facebook\"><a rel=\"nofollow noopener noreferrer\" data-shared=\"sharing-facebook-53\" class=\"share-facebook sd-button share-icon no-text\" href=\"https:\/\/www.bayern-wolln-mer.net\/blog\/index.php\/archives\/franken-bayern\/53-stoiber-gibt-auf.html?share=facebook\" target=\"_blank\" title=\"Klick, um auf Facebook zu teilen\"><span><\/span><span class=\"sharing-screen-reader-text\">Klick, um auf Facebook zu teilen (Wird in neuem Fenster ge\u00f6ffnet)<\/span><\/a><\/li><li class=\"share-end\"><\/li><\/ul><\/div><\/div><\/div><\/div><\/div>","protected":false},"author":3,"featured_media":0,"comment_status":"open","ping_status":"open","sticky":false,"template":"","format":"standard","meta":{"spay_email":"","jetpack_publicize_message":""},"categories":[4,6,8],"tags":[81,54],"jetpack_featured_media_url":"","jetpack_publicize_connections":[],"yoast_head":"<!-- This site is optimized with the Yoast SEO plugin v18.2 - https:\/\/yoast.com\/wordpress\/plugins\/seo\/ -->\n<meta name=\"robots\" content=\"index, follow, max-snippet:-1, max-image-preview:large, max-video-preview:-1\" \/>\n<link rel=\"canonical\" href=\"https:\/\/www.bayern-wolln-mer.net\/blog\/index.php\/archives\/franken-bayern\/53-stoiber-gibt-auf.html\" \/>\n<meta property=\"og:locale\" content=\"de_DE\" \/>\n<meta property=\"og:type\" content=\"article\" \/>\n<meta property=\"og:title\" content=\"Stoiber gibt auf - Bayern-wolln-mer.net\" \/>\n<meta property=\"og:description\" content=\"Die 13-j\u00e4hrige &#8220;\u00c4ra Stoiber&#8221; ist zu Ende: Der bayerische Ministerpr\u00e4sident und Parteichef gibt dem Druck nach und tritt zur\u00fcck! Sein Amt als Regierungschef wird er zum 30. September abgeben und nicht mehr f\u00fcr den Vorsitz kandidieren. Das erkl\u00e4rte Stoiber am Donnerstagnachmittag in M\u00fcnchen. G\u00fcnther Beckstein (63) soll neuer Ministerpr\u00e4sident und Erwin Huber (60) Parteichef werden. [&hellip;]\" \/>\n<meta property=\"og:url\" content=\"https:\/\/www.bayern-wolln-mer.net\/blog\/index.php\/archives\/franken-bayern\/53-stoiber-gibt-auf.html\" \/>\n<meta property=\"og:site_name\" content=\"Bayern-wolln-mer.net\" \/>\n<meta property=\"article:published_time\" content=\"2007-01-18T14:55:59+00:00\" \/>\n<meta property=\"article:modified_time\" content=\"2008-10-01T10:33:33+00:00\" \/>\n<meta name=\"twitter:card\" content=\"summary_large_image\" \/>\n<meta name=\"twitter:label1\" content=\"Verfasst von\" \/>\n\t<meta name=\"twitter:data1\" content=\"Andreas Brandl\" \/>\n\t<meta name=\"twitter:label2\" content=\"Gesch\u00e4tzte Lesezeit\" \/>\n\t<meta name=\"twitter:data2\" content=\"1\u00a0Minute\" \/>\n<script type=\"application\/ld+json\" class=\"yoast-schema-graph\">{\"@context\":\"https:\/\/schema.org\",\"@graph\":[{\"@type\":\"WebSite\",\"@id\":\"https:\/\/www.bayern-wolln-mer.net\/blog\/#website\",\"url\":\"https:\/\/www.bayern-wolln-mer.net\/blog\/\",\"name\":\"Bayern-wolln-mer.net\",\"description\":\"Frankenblog! Frei statt Bayern! Freiheit f\u00fcr Franken!\",\"potentialAction\":[{\"@type\":\"SearchAction\",\"target\":{\"@type\":\"EntryPoint\",\"urlTemplate\":\"https:\/\/www.bayern-wolln-mer.net\/blog\/?s={search_term_string}\"},\"query-input\":\"required name=search_term_string\"}],\"inLanguage\":\"de\"},{\"@type\":\"WebPage\",\"@id\":\"https:\/\/www.bayern-wolln-mer.net\/blog\/index.php\/archives\/franken-bayern\/53-stoiber-gibt-auf.html#webpage\",\"url\":\"https:\/\/www.bayern-wolln-mer.net\/blog\/index.php\/archives\/franken-bayern\/53-stoiber-gibt-auf.html\",\"name\":\"Stoiber gibt auf - Bayern-wolln-mer.net\",\"isPartOf\":{\"@id\":\"https:\/\/www.bayern-wolln-mer.net\/blog\/#website\"},\"datePublished\":\"2007-01-18T14:55:59+00:00\",\"dateModified\":\"2008-10-01T10:33:33+00:00\",\"author\":{\"@id\":\"https:\/\/www.bayern-wolln-mer.net\/blog\/#\/schema\/person\/b9fcf524d723fdb81f40a1bed0e52f96\"},\"breadcrumb\":{\"@id\":\"https:\/\/www.bayern-wolln-mer.net\/blog\/index.php\/archives\/franken-bayern\/53-stoiber-gibt-auf.html#breadcrumb\"},\"inLanguage\":\"de\",\"potentialAction\":[{\"@type\":\"ReadAction\",\"target\":[\"https:\/\/www.bayern-wolln-mer.net\/blog\/index.php\/archives\/franken-bayern\/53-stoiber-gibt-auf.html\"]}]},{\"@type\":\"BreadcrumbList\",\"@id\":\"https:\/\/www.bayern-wolln-mer.net\/blog\/index.php\/archives\/franken-bayern\/53-stoiber-gibt-auf.html#breadcrumb\",\"itemListElement\":[{\"@type\":\"ListItem\",\"position\":1,\"name\":\"Startseite\",\"item\":\"https:\/\/www.bayern-wolln-mer.net\/blog\"},{\"@type\":\"ListItem\",\"position\":2,\"name\":\"Stoiber gibt auf\"}]},{\"@type\":\"Person\",\"@id\":\"https:\/\/www.bayern-wolln-mer.net\/blog\/#\/schema\/person\/b9fcf524d723fdb81f40a1bed0e52f96\",\"name\":\"Andreas Brandl\",\"image\":{\"@type\":\"ImageObject\",\"@id\":\"https:\/\/www.bayern-wolln-mer.net\/blog\/#personlogo\",\"inLanguage\":\"de\",\"url\":\"https:\/\/secure.gravatar.com\/avatar\/7c2e8ddf168a4d43fa09a0495da2d513?s=96&d=mm&r=g\",\"contentUrl\":\"https:\/\/secure.gravatar.com\/avatar\/7c2e8ddf168a4d43fa09a0495da2d513?s=96&d=mm&r=g\",\"caption\":\"Andreas Brandl\"},\"sameAs\":[\"https:\/\/www.bayern-wolln-mer.net\"],\"url\":\"https:\/\/www.bayern-wolln-mer.net\/blog\/index.php\/archives\/author\/andy\"}]}<\/script>\n<!-- \/ Yoast SEO plugin. -->","yoast_head_json":{"robots":{"index":"index","follow":"follow","max-snippet":"max-snippet:-1","max-image-preview":"max-image-preview:large","max-video-preview":"max-video-preview:-1"},"canonical":"https:\/\/www.bayern-wolln-mer.net\/blog\/index.php\/archives\/franken-bayern\/53-stoiber-gibt-auf.html","og_locale":"de_DE","og_type":"article","og_title":"Stoiber gibt auf - Bayern-wolln-mer.net","og_description":"Die 13-j\u00e4hrige &#8220;\u00c4ra Stoiber&#8221; ist zu Ende: Der bayerische Ministerpr\u00e4sident und Parteichef gibt dem Druck nach und tritt zur\u00fcck! Sein Amt als Regierungschef wird er zum 30. September abgeben und nicht mehr f\u00fcr den Vorsitz kandidieren. Das erkl\u00e4rte Stoiber am Donnerstagnachmittag in M\u00fcnchen. G\u00fcnther Beckstein (63) soll neuer Ministerpr\u00e4sident und Erwin Huber (60) Parteichef werden. [&hellip;]","og_url":"https:\/\/www.bayern-wolln-mer.net\/blog\/index.php\/archives\/franken-bayern\/53-stoiber-gibt-auf.html","og_site_name":"Bayern-wolln-mer.net","article_published_time":"2007-01-18T14:55:59+00:00","article_modified_time":"2008-10-01T10:33:33+00:00","twitter_card":"summary_large_image","twitter_misc":{"Verfasst von":"Andreas Brandl","Gesch\u00e4tzte Lesezeit":"1\u00a0Minute"},"schema":{"@context":"https:\/\/schema.org","@graph":[{"@type":"WebSite","@id":"https:\/\/www.bayern-wolln-mer.net\/blog\/#website","url":"https:\/\/www.bayern-wolln-mer.net\/blog\/","name":"Bayern-wolln-mer.net","description":"Frankenblog! Frei statt Bayern! Freiheit f\u00fcr Franken!","potentialAction":[{"@type":"SearchAction","target":{"@type":"EntryPoint","urlTemplate":"https:\/\/www.bayern-wolln-mer.net\/blog\/?s={search_term_string}"},"query-input":"required name=search_term_string"}],"inLanguage":"de"},{"@type":"WebPage","@id":"https:\/\/www.bayern-wolln-mer.net\/blog\/index.php\/archives\/franken-bayern\/53-stoiber-gibt-auf.html#webpage","url":"https:\/\/www.bayern-wolln-mer.net\/blog\/index.php\/archives\/franken-bayern\/53-stoiber-gibt-auf.html","name":"Stoiber gibt auf - Bayern-wolln-mer.net","isPartOf":{"@id":"https:\/\/www.bayern-wolln-mer.net\/blog\/#website"},"datePublished":"2007-01-18T14:55:59+00:00","dateModified":"2008-10-01T10:33:33+00:00","author":{"@id":"https:\/\/www.bayern-wolln-mer.net\/blog\/#\/schema\/person\/b9fcf524d723fdb81f40a1bed0e52f96"},"breadcrumb":{"@id":"https:\/\/www.bayern-wolln-mer.net\/blog\/index.php\/archives\/franken-bayern\/53-stoiber-gibt-auf.html#breadcrumb"},"inLanguage":"de","potentialAction":[{"@type":"ReadAction","target":["https:\/\/www.bayern-wolln-mer.net\/blog\/index.php\/archives\/franken-bayern\/53-stoiber-gibt-auf.html"]}]},{"@type":"BreadcrumbList","@id":"https:\/\/www.bayern-wolln-mer.net\/blog\/index.php\/archives\/franken-bayern\/53-stoiber-gibt-auf.html#breadcrumb","itemListElement":[{"@type":"ListItem","position":1,"name":"Startseite","item":"https:\/\/www.bayern-wolln-mer.net\/blog"},{"@type":"ListItem","position":2,"name":"Stoiber gibt auf"}]},{"@type":"Person","@id":"https:\/\/www.bayern-wolln-mer.net\/blog\/#\/schema\/person\/b9fcf524d723fdb81f40a1bed0e52f96","name":"Andreas Brandl","image":{"@type":"ImageObject","@id":"https:\/\/www.bayern-wolln-mer.net\/blog\/#personlogo","inLanguage":"de","url":"https:\/\/secure.gravatar.com\/avatar\/7c2e8ddf168a4d43fa09a0495da2d513?s=96&d=mm&r=g","contentUrl":"https:\/\/secure.gravatar.com\/avatar\/7c2e8ddf168a4d43fa09a0495da2d513?s=96&d=mm&r=g","caption":"Andreas Brandl"},"sameAs":["https:\/\/www.bayern-wolln-mer.net"],"url":"https:\/\/www.bayern-wolln-mer.net\/blog\/index.php\/archives\/author\/andy"}]}},"jetpack_sharing_enabled":true,"jetpack_shortlink":"https:\/\/wp.me\/p7UoAp-R","jetpack-related-posts":[],"_links":{"self":[{"href":"https:\/\/www.bayern-wolln-mer.net\/blog\/index.php\/wp-json\/wp\/v2\/posts\/53"}],"collection":[{"href":"https:\/\/www.bayern-wolln-mer.net\/blog\/index.php\/wp-json\/wp\/v2\/posts"}],"about":[{"href":"https:\/\/www.bayern-wolln-mer.net\/blog\/index.php\/wp-json\/wp\/v2\/types\/post"}],"author":[{"embeddable":true,"href":"https:\/\/www.bayern-wolln-mer.net\/blog\/index.php\/wp-json\/wp\/v2\/users\/3"}],"replies":[{"embeddable":true,"href":"https:\/\/www.bayern-wolln-mer.net\/blog\/index.php\/wp-json\/wp\/v2\/comments?post=53"}],"version-history":[{"count":0,"href":"https:\/\/www.bayern-wolln-mer.net\/blog\/index.php\/wp-json\/wp\/v2\/posts\/53\/revisions"}],"wp:attachment":[{"href":"https:\/\/www.bayern-wolln-mer.net\/blog\/index.php\/wp-json\/wp\/v2\/media?parent=53"}],"wp:term":[{"taxonomy":"category","embeddable":true,"href":"https:\/\/www.bayern-wolln-mer.net\/blog\/index.php\/wp-json\/wp\/v2\/categories?post=53"},{"taxonomy":"post_tag","embeddable":true,"href":"https:\/\/www.bayern-wolln-mer.net\/blog\/index.php\/wp-json\/wp\/v2\/tags?post=53"}],"curies":[{"name":"wp","href":"https:\/\/api.w.org\/{rel}","templated":true}]}}