{"id":64,"date":"2026-01-26T11:11:31","date_gmt":"2026-01-26T10:11:31","guid":{"rendered":"http:\/\/bayern-wolln-mer.net\/blog\/index.php\/archives\/allgemein\/64-franken-helau-in-veitshoechheim.html"},"modified":"2026-01-27T17:49:46","modified_gmt":"2026-01-27T16:49:46","slug":"franken-helau-in-veitshoechheim","status":"publish","type":"post","link":"https:\/\/www.bayern-wolln-mer.net\/blog\/index.php\/archives\/allgemein\/64-franken-helau-in-veitshoechheim.html","title":{"rendered":"Franken helau in Veitsh\u00f6chheim: Fastnacht in Franken"},"content":{"rendered":"<p><a href=\"https:\/\/i1.wp.com\/www.bayern-wolln-mer.net\/blog\/wp-content\/uploads\/2016\/01\/IMG_2424.jpg?ssl=1\"><img data-attachment-id=\"1486\" data-permalink=\"https:\/\/www.bayern-wolln-mer.net\/blog\/index.php\/archives\/allgemein\/64-franken-helau-in-veitshoechheim.html\/attachment\/img_2424\" data-orig-file=\"https:\/\/i1.wp.com\/www.bayern-wolln-mer.net\/blog\/wp-content\/uploads\/2016\/01\/IMG_2424.jpg?fit=375%2C500&amp;ssl=1\" data-orig-size=\"375,500\" data-comments-opened=\"1\" data-image-meta=\"{&quot;aperture&quot;:&quot;0&quot;,&quot;credit&quot;:&quot;&quot;,&quot;camera&quot;:&quot;&quot;,&quot;caption&quot;:&quot;&quot;,&quot;created_timestamp&quot;:&quot;0&quot;,&quot;copyright&quot;:&quot;&quot;,&quot;focal_length&quot;:&quot;0&quot;,&quot;iso&quot;:&quot;0&quot;,&quot;shutter_speed&quot;:&quot;0&quot;,&quot;title&quot;:&quot;&quot;,&quot;orientation&quot;:&quot;0&quot;}\" data-image-title=\"img_2424\" data-image-description=\"\" data-medium-file=\"https:\/\/i1.wp.com\/www.bayern-wolln-mer.net\/blog\/wp-content\/uploads\/2016\/01\/IMG_2424.jpg?fit=225%2C300&amp;ssl=1\" data-large-file=\"https:\/\/i1.wp.com\/www.bayern-wolln-mer.net\/blog\/wp-content\/uploads\/2016\/01\/IMG_2424.jpg?fit=375%2C500&amp;ssl=1\" loading=\"lazy\" class=\"alignleft size-medium wp-image-1486\" src=\"https:\/\/i1.wp.com\/www.bayern-wolln-mer.net\/blog\/wp-content\/uploads\/2016\/01\/IMG_2424.jpg?resize=225%2C300&#038;ssl=1\" alt=\"img_2424\" width=\"225\" height=\"300\" srcset=\"https:\/\/i1.wp.com\/www.bayern-wolln-mer.net\/blog\/wp-content\/uploads\/2016\/01\/IMG_2424.jpg?resize=225%2C300&amp;ssl=1 225w, https:\/\/i1.wp.com\/www.bayern-wolln-mer.net\/blog\/wp-content\/uploads\/2016\/01\/IMG_2424.jpg?w=375&amp;ssl=1 375w\" sizes=\"(max-width: 225px) 100vw, 225px\" data-recalc-dims=\"1\" \/><\/a>Am 06. Februar 2026 ist wieder soweit! Der H\u00f6hepunkt des Fernsehjahres der dritten Programme ist da: <a title=\"Wikipedia\" href=\"https:\/\/de.wikipedia.org\/wiki\/Fastnacht_in_Franken\" target=\"_blank\" rel=\"noopener noreferrer\"><strong>&#8220;Fastnacht in Franken&#8221;<\/strong><\/a>, die TV-Prunksitzung aus den Mainfrankens\u00e4len in Veitsh\u00f6chheim! Fastnacht-Kult seit 1987!<\/p>\n<p>Mit Rekordeinschaltquoten (h\u00f6chstwert war 2023 mit <a href=\"https:\/\/www.br.de\/nachrichten\/bayern\/kultsendung-fastnacht-in-franken-rekord-marktanteil-in-bayern,TVXYPLP\" target=\"_blank\" rel=\"noopener\">3,8 Millionen Zuschauern, was einem Marktanteil von 53,3% in Bayern entspricht und bundesweit 14,8%<\/a>) ist Fastnacht in Franken deutschlandweit seit Jahren mit Abstand die beliebteste Sendung aller dritten TV-Programme. Auch in diesem Jahr pr\u00e4sentiert Sitzungspr\u00e4sident Christoph Maul aus Schillingsf\u00fcrst in Mittelfranken wieder alle Gr\u00f6\u00dfen der fr\u00e4nkischen Fastnacht:<\/p>\n<p><a href=\"https:\/\/www.bayern-wolln-mer.net\/blog\/index.php\/archives\/allgemein\/1748-dreifranken-buch-die-fraenkische-lebenskunst.html\" target=\"_blank\" rel=\"noopener noreferrer\">Oliver Tissot<\/a>, <a href=\"https:\/\/de.wikipedia.org\/wiki\/Peter_Kuhn_(Karnevalist)\" target=\"_blank\" rel=\"noopener\">Peter Kuhn (\u00fcber 30 Jahre dabei!)<\/a>, Michl M\u00fcller (&#8220;Dreggsagg&#8221;), &#8220;Butzfra&#8221; Ines Procter, A-capella-Band Viva Voce aus Ansbach, &#8220;Mann am Klavier&#8221; Matthias Walz, Bauchredner Sebastian Reich mit seiner Nilpferddame Amanda sowie nat\u00fcrlich Volker Hei\u00dfmann und Martin Rassau! In diesem Jahr leider <a href=\"https:\/\/www.br.de\/nachrichten\/bayern\/fastnacht-in-franken-altneihauser-feierwehrkapell-n-hoert-auf,V9UO5Xk\" target=\"_blank\" rel=\"noopener\">zum letzten Mal<\/a> dabei: Die &#8220;<a href=\"https:\/\/altneihauser.de\/\" target=\"_blank\" rel=\"noopener\">Altneihauser Feierwehrkapelln<\/a>&#8221; aus der Oberpfalz um Kommandant Norbert Neugirg!<\/p>\n<p>Nach seinem bewegenden Abschied in 2025 wird Otmar &#8220;Oti&#8221; Schmelzer nicht mehr dabei sein. Neu dagegen sind die Komiker Lubber und Babbo, die nach 2024 wieder in Veitsh\u00f6chheim auftreten d\u00fcrfen. Ganz neu ist Philipp Weber aus Amorbach im Odenwald dabei.<\/p>\n<p>Die Tanzeinlagen kommen in diesem Jahr von der meisterlichen Selleriegarde Buchnesia aus N\u00fcrnberg, der amtierende deutscher Meister im \u00dc15 Gardetanz sowie der Brauchtumsgruppen Spalter Fleckli, Allersberger Flecklashexen und Ober\u00f6lsbacher Fousan\u00f6chter Musikalisch begleitet wird der Abend wie immer von der <a href=\"https:\/\/www.pavelsandorf-bigband.de\/\" target=\"_blank\" rel=\"noopener noreferrer\">Pavel Sandorf Big Band<\/a>. Das Er\u00f6ffnungslied singt Norbert Knorr von der N\u00fcrnberger Trichter Karnevalsgesellschaft e.V. 1909.<\/p>\n<p><strong>Altneihauser Feierwehrkapelln:<\/strong> &#8220;<em>Die CSU regiert in manchem Nest, in Bayern ja schon seit der Pest. Und in der Oberpfalz ist nicht ganz klar, ob die Pest nicht besser war.<\/em>&#8221;<br \/>\n<a href=\"https:\/\/www.br.de\/fastnacht-in-franken\/zitate-2022-100.html\" target=\"_blank\" rel=\"noopener noreferrer\">Die besten Spr\u00fcche 2022<\/a><\/p>\n<p><a href=\"https:\/\/www.np-coburg.de\/regional\/franken\/schauplatzregionnp\/Der-fraenkische-Nockherberg;art83463,1877241\" target=\"_blank\" rel=\"noopener noreferrer\"><strong>Der fr\u00e4nkische Nockherberg<\/strong><\/a><\/p>\n<p>Der amtierende Ministerpr\u00e4sident Markus S\u00f6der wird wieder anwesend sein und wie immer ein super geheimnisvolles Kost\u00fcm pr\u00e4sentieren. Mal sehen, wann auch die kommenden Politgr\u00f6\u00dfen der <a href=\"https:\/\/www.partei-fuer-franken.de\/\" target=\"_blank\" rel=\"noopener noreferrer\"><strong>Partei f\u00fcr Franken<\/strong><\/a> in die Kamera winken d\u00fcrfen! Originelle Verkleidungen w\u00e4ren da auch sicher!<\/p>\n<p>Die Livesendung ist am <strong>06. Februar 2025 ab 19:00 Uhr<\/strong> &#8211; und wer das verpasst braucht sich keine Sorgen machen: Der BR wiederholt in Zusammenarbeit mit dem <a href=\"https:\/\/fastnacht-verband-franken.de\/\" target=\"_blank\" rel=\"noopener\">Fastnacht-Verband Franken<\/a> die Sendung am Tag drauf dem 07.02.2025 um 19:30 Uhr und traditionell am Faschingsdienstag, 17.02.2025 um 12:30 Uhr!<\/p>\n<p><a href=\"https:\/\/www.mainfrankensaele.de\/de\/veranstaltungen\" target=\"_blank\" rel=\"noopener\">Kartenbestellung hier<\/a><\/p>\n<p><strong>Franken helau<\/strong> und <strong>N\u00e4mberch aha<\/strong>!<\/p>\n<p><span style=\"text-decoration: underline;\">Bitte vormerken:<\/span> TV-Prunksitzung <strong>Fastnacht in Franken 2027<\/strong> aus Veitsh\u00f6chheim findet <span style=\"text-decoration: underline;\">vermutlich<\/span> am 29.01.2027 statt!<\/p>\n<p><a href=\"https:\/\/www.br.de\/fastnacht-in-franken\/index.html\" target=\"_blank\" rel=\"noopener\">Weitere Faschingssendungen aus Franken im BR<\/a>:<br \/>\n16. Januar 2026: Die N\u00e4rrische Weinprobe aus dem Hofkeller in W\u00fcrzburg<br \/>\n23. Januar 2026: Franken Helau aus Amorbach<br \/>\n06. Februar 2026: Fastnacht in Franken, die Prunksitzung des Fastnacht-Verband Franken in Veitsh\u00f6chheim<br \/>\n15. Februar 2026: Fastnacht in Franken \u2013 jung und n\u00e4rrisch<\/p>\n<p>(aktualisiert 27.01.2026)<\/p>\n<div class=\"sharedaddy sd-sharing-enabled\"><div class=\"robots-nocontent sd-block sd-social sd-social-icon sd-sharing\"><h3 class=\"sd-title\">Share this:<\/h3><div class=\"sd-content\"><ul><li class=\"share-print\"><a rel=\"nofollow noopener noreferrer\" data-shared=\"\" class=\"share-print sd-button share-icon no-text\" href=\"https:\/\/www.bayern-wolln-mer.net\/blog\/index.php\/archives\/allgemein\/64-franken-helau-in-veitshoechheim.html\" target=\"_blank\" title=\"Klicken zum Ausdrucken\"><span><\/span><span class=\"sharing-screen-reader-text\">Klicken zum Ausdrucken (Wird in neuem Fenster ge\u00f6ffnet)<\/span><\/a><\/li><li class=\"share-email\"><a rel=\"nofollow noopener noreferrer\" data-shared=\"\" class=\"share-email sd-button share-icon no-text\" href=\"https:\/\/www.bayern-wolln-mer.net\/blog\/index.php\/archives\/allgemein\/64-franken-helau-in-veitshoechheim.html?share=email\" target=\"_blank\" title=\"Klick, um dies einem Freund per E-Mail zu senden\"><span><\/span><span class=\"sharing-screen-reader-text\">Klick, um dies einem Freund per E-Mail zu senden (Wird in neuem Fenster ge\u00f6ffnet)<\/span><\/a><\/li><li class=\"share-twitter\"><a rel=\"nofollow noopener noreferrer\" data-shared=\"sharing-twitter-64\" class=\"share-twitter sd-button share-icon no-text\" href=\"https:\/\/www.bayern-wolln-mer.net\/blog\/index.php\/archives\/allgemein\/64-franken-helau-in-veitshoechheim.html?share=twitter\" target=\"_blank\" title=\"Klick, um \u00fcber Twitter zu teilen\"><span><\/span><span class=\"sharing-screen-reader-text\">Klick, um \u00fcber Twitter zu teilen (Wird in neuem Fenster ge\u00f6ffnet)<\/span><\/a><\/li><li class=\"share-jetpack-whatsapp\"><a rel=\"nofollow noopener noreferrer\" data-shared=\"\" class=\"share-jetpack-whatsapp sd-button share-icon no-text\" href=\"https:\/\/www.bayern-wolln-mer.net\/blog\/index.php\/archives\/allgemein\/64-franken-helau-in-veitshoechheim.html?share=jetpack-whatsapp\" target=\"_blank\" title=\"Klicken, um auf WhatsApp zu teilen\"><span><\/span><span class=\"sharing-screen-reader-text\">Klicken, um auf WhatsApp zu teilen (Wird in neuem Fenster ge\u00f6ffnet)<\/span><\/a><\/li><li class=\"share-linkedin\"><a rel=\"nofollow noopener noreferrer\" data-shared=\"sharing-linkedin-64\" class=\"share-linkedin sd-button share-icon no-text\" href=\"https:\/\/www.bayern-wolln-mer.net\/blog\/index.php\/archives\/allgemein\/64-franken-helau-in-veitshoechheim.html?share=linkedin\" target=\"_blank\" title=\"Klick, um auf LinkedIn zu teilen\"><span><\/span><span class=\"sharing-screen-reader-text\">Klick, um auf LinkedIn zu teilen (Wird in neuem Fenster ge\u00f6ffnet)<\/span><\/a><\/li><li class=\"share-reddit\"><a rel=\"nofollow noopener noreferrer\" data-shared=\"\" class=\"share-reddit sd-button share-icon no-text\" href=\"https:\/\/www.bayern-wolln-mer.net\/blog\/index.php\/archives\/allgemein\/64-franken-helau-in-veitshoechheim.html?share=reddit\" target=\"_blank\" title=\"Klick, um auf Reddit zu teilen\"><span><\/span><span class=\"sharing-screen-reader-text\">Klick, um auf Reddit zu teilen (Wird in neuem Fenster ge\u00f6ffnet)<\/span><\/a><\/li><li class=\"share-tumblr\"><a rel=\"nofollow noopener noreferrer\" data-shared=\"\" class=\"share-tumblr sd-button share-icon no-text\" href=\"https:\/\/www.bayern-wolln-mer.net\/blog\/index.php\/archives\/allgemein\/64-franken-helau-in-veitshoechheim.html?share=tumblr\" target=\"_blank\" title=\"Klick, um auf Tumblr zu teilen\"><span><\/span><span class=\"sharing-screen-reader-text\">Klick, um auf Tumblr zu teilen (Wird in neuem Fenster ge\u00f6ffnet)<\/span><\/a><\/li><li class=\"share-pinterest\"><a rel=\"nofollow noopener noreferrer\" data-shared=\"sharing-pinterest-64\" class=\"share-pinterest sd-button share-icon no-text\" href=\"https:\/\/www.bayern-wolln-mer.net\/blog\/index.php\/archives\/allgemein\/64-franken-helau-in-veitshoechheim.html?share=pinterest\" target=\"_blank\" title=\"Klick, um auf Pinterest zu teilen\"><span><\/span><span class=\"sharing-screen-reader-text\">Klick, um auf Pinterest zu teilen (Wird in neuem Fenster ge\u00f6ffnet)<\/span><\/a><\/li><li class=\"share-pocket\"><a rel=\"nofollow noopener noreferrer\" data-shared=\"\" class=\"share-pocket sd-button share-icon no-text\" href=\"https:\/\/www.bayern-wolln-mer.net\/blog\/index.php\/archives\/allgemein\/64-franken-helau-in-veitshoechheim.html?share=pocket\" target=\"_blank\" title=\"Klick, um auf Pocket zu teilen\"><span><\/span><span class=\"sharing-screen-reader-text\">Klick, um auf Pocket zu teilen (Wird in neuem Fenster ge\u00f6ffnet)<\/span><\/a><\/li><li class=\"share-telegram\"><a rel=\"nofollow noopener noreferrer\" data-shared=\"\" class=\"share-telegram sd-button share-icon no-text\" href=\"https:\/\/www.bayern-wolln-mer.net\/blog\/index.php\/archives\/allgemein\/64-franken-helau-in-veitshoechheim.html?share=telegram\" target=\"_blank\" title=\"Klicken, um auf Telegram zu teilen\"><span><\/span><span class=\"sharing-screen-reader-text\">Klicken, um auf Telegram zu teilen (Wird in neuem Fenster ge\u00f6ffnet)<\/span><\/a><\/li><li class=\"share-skype\"><a rel=\"nofollow noopener noreferrer\" data-shared=\"sharing-skype-64\" class=\"share-skype sd-button share-icon no-text\" href=\"https:\/\/www.bayern-wolln-mer.net\/blog\/index.php\/archives\/allgemein\/64-franken-helau-in-veitshoechheim.html?share=skype\" target=\"_blank\" title=\"Klicken, um in Skype zu teilen\"><span><\/span><span class=\"sharing-screen-reader-text\">Klicken, um in Skype zu teilen (Wird in neuem Fenster ge\u00f6ffnet)<\/span><\/a><\/li><li><a href=\"#\" class=\"sharing-anchor sd-button share-more\"><span>Mehr<\/span><\/a><\/li><li class=\"share-end\"><\/li><\/ul><div class=\"sharing-hidden\"><div class=\"inner\" style=\"display: none;width:150px;\"><ul style=\"background-image:none;\"><li class=\"share-facebook\"><a rel=\"nofollow noopener noreferrer\" data-shared=\"sharing-facebook-64\" class=\"share-facebook sd-button share-icon no-text\" href=\"https:\/\/www.bayern-wolln-mer.net\/blog\/index.php\/archives\/allgemein\/64-franken-helau-in-veitshoechheim.html?share=facebook\" target=\"_blank\" title=\"Klick, um auf Facebook zu teilen\"><span><\/span><span class=\"sharing-screen-reader-text\">Klick, um auf Facebook zu teilen (Wird in neuem Fenster ge\u00f6ffnet)<\/span><\/a><\/li><li class=\"share-end\"><\/li><\/ul><\/div><\/div><\/div><\/div><\/div>","protected":false},"excerpt":{"rendered":"<p>Am 06. Februar 2026 ist wieder soweit! Der H\u00f6hepunkt des Fernsehjahres der dritten Programme ist da: &#8220;Fastnacht in Franken&#8221;, die TV-Prunksitzung aus den Mainfrankens\u00e4len in Veitsh\u00f6chheim! Fastnacht-Kult seit 1987! Mit Rekordeinschaltquoten (h\u00f6chstwert war 2023 mit 3,8 Millionen Zuschauern, was einem Marktanteil von 53,3% in Bayern entspricht und bundesweit 14,8%) ist Fastnacht in Franken deutschlandweit seit [&hellip;]<\/p>\n<div class=\"sharedaddy sd-sharing-enabled\"><div class=\"robots-nocontent sd-block sd-social sd-social-icon sd-sharing\"><h3 class=\"sd-title\">Share this:<\/h3><div class=\"sd-content\"><ul><li class=\"share-print\"><a rel=\"nofollow noopener noreferrer\" data-shared=\"\" class=\"share-print sd-button share-icon no-text\" href=\"https:\/\/www.bayern-wolln-mer.net\/blog\/index.php\/archives\/allgemein\/64-franken-helau-in-veitshoechheim.html\" target=\"_blank\" title=\"Klicken zum Ausdrucken\"><span><\/span><span class=\"sharing-screen-reader-text\">Klicken zum Ausdrucken (Wird in neuem Fenster ge\u00f6ffnet)<\/span><\/a><\/li><li class=\"share-email\"><a rel=\"nofollow noopener noreferrer\" data-shared=\"\" class=\"share-email sd-button share-icon no-text\" href=\"https:\/\/www.bayern-wolln-mer.net\/blog\/index.php\/archives\/allgemein\/64-franken-helau-in-veitshoechheim.html?share=email\" target=\"_blank\" title=\"Klick, um dies einem Freund per E-Mail zu senden\"><span><\/span><span class=\"sharing-screen-reader-text\">Klick, um dies einem Freund per E-Mail zu senden (Wird in neuem Fenster ge\u00f6ffnet)<\/span><\/a><\/li><li class=\"share-twitter\"><a rel=\"nofollow noopener noreferrer\" data-shared=\"sharing-twitter-64\" class=\"share-twitter sd-button share-icon no-text\" href=\"https:\/\/www.bayern-wolln-mer.net\/blog\/index.php\/archives\/allgemein\/64-franken-helau-in-veitshoechheim.html?share=twitter\" target=\"_blank\" title=\"Klick, um \u00fcber Twitter zu teilen\"><span><\/span><span class=\"sharing-screen-reader-text\">Klick, um \u00fcber Twitter zu teilen (Wird in neuem Fenster ge\u00f6ffnet)<\/span><\/a><\/li><li class=\"share-jetpack-whatsapp\"><a rel=\"nofollow noopener noreferrer\" data-shared=\"\" class=\"share-jetpack-whatsapp sd-button share-icon no-text\" href=\"https:\/\/www.bayern-wolln-mer.net\/blog\/index.php\/archives\/allgemein\/64-franken-helau-in-veitshoechheim.html?share=jetpack-whatsapp\" target=\"_blank\" title=\"Klicken, um auf WhatsApp zu teilen\"><span><\/span><span class=\"sharing-screen-reader-text\">Klicken, um auf WhatsApp zu teilen (Wird in neuem Fenster ge\u00f6ffnet)<\/span><\/a><\/li><li class=\"share-linkedin\"><a rel=\"nofollow noopener noreferrer\" data-shared=\"sharing-linkedin-64\" class=\"share-linkedin sd-button share-icon no-text\" href=\"https:\/\/www.bayern-wolln-mer.net\/blog\/index.php\/archives\/allgemein\/64-franken-helau-in-veitshoechheim.html?share=linkedin\" target=\"_blank\" title=\"Klick, um auf LinkedIn zu teilen\"><span><\/span><span class=\"sharing-screen-reader-text\">Klick, um auf LinkedIn zu teilen (Wird in neuem Fenster ge\u00f6ffnet)<\/span><\/a><\/li><li class=\"share-reddit\"><a rel=\"nofollow noopener noreferrer\" data-shared=\"\" class=\"share-reddit sd-button share-icon no-text\" href=\"https:\/\/www.bayern-wolln-mer.net\/blog\/index.php\/archives\/allgemein\/64-franken-helau-in-veitshoechheim.html?share=reddit\" target=\"_blank\" title=\"Klick, um auf Reddit zu teilen\"><span><\/span><span class=\"sharing-screen-reader-text\">Klick, um auf Reddit zu teilen (Wird in neuem Fenster ge\u00f6ffnet)<\/span><\/a><\/li><li class=\"share-tumblr\"><a rel=\"nofollow noopener noreferrer\" data-shared=\"\" class=\"share-tumblr sd-button share-icon no-text\" href=\"https:\/\/www.bayern-wolln-mer.net\/blog\/index.php\/archives\/allgemein\/64-franken-helau-in-veitshoechheim.html?share=tumblr\" target=\"_blank\" title=\"Klick, um auf Tumblr zu teilen\"><span><\/span><span class=\"sharing-screen-reader-text\">Klick, um auf Tumblr zu teilen (Wird in neuem Fenster ge\u00f6ffnet)<\/span><\/a><\/li><li class=\"share-pinterest\"><a rel=\"nofollow noopener noreferrer\" data-shared=\"sharing-pinterest-64\" class=\"share-pinterest sd-button share-icon no-text\" href=\"https:\/\/www.bayern-wolln-mer.net\/blog\/index.php\/archives\/allgemein\/64-franken-helau-in-veitshoechheim.html?share=pinterest\" target=\"_blank\" title=\"Klick, um auf Pinterest zu teilen\"><span><\/span><span class=\"sharing-screen-reader-text\">Klick, um auf Pinterest zu teilen (Wird in neuem Fenster ge\u00f6ffnet)<\/span><\/a><\/li><li class=\"share-pocket\"><a rel=\"nofollow noopener noreferrer\" data-shared=\"\" class=\"share-pocket sd-button share-icon no-text\" href=\"https:\/\/www.bayern-wolln-mer.net\/blog\/index.php\/archives\/allgemein\/64-franken-helau-in-veitshoechheim.html?share=pocket\" target=\"_blank\" title=\"Klick, um auf Pocket zu teilen\"><span><\/span><span class=\"sharing-screen-reader-text\">Klick, um auf Pocket zu teilen (Wird in neuem Fenster ge\u00f6ffnet)<\/span><\/a><\/li><li class=\"share-telegram\"><a rel=\"nofollow noopener noreferrer\" data-shared=\"\" class=\"share-telegram sd-button share-icon no-text\" href=\"https:\/\/www.bayern-wolln-mer.net\/blog\/index.php\/archives\/allgemein\/64-franken-helau-in-veitshoechheim.html?share=telegram\" target=\"_blank\" title=\"Klicken, um auf Telegram zu teilen\"><span><\/span><span class=\"sharing-screen-reader-text\">Klicken, um auf Telegram zu teilen (Wird in neuem Fenster ge\u00f6ffnet)<\/span><\/a><\/li><li class=\"share-skype\"><a rel=\"nofollow noopener noreferrer\" data-shared=\"sharing-skype-64\" class=\"share-skype sd-button share-icon no-text\" href=\"https:\/\/www.bayern-wolln-mer.net\/blog\/index.php\/archives\/allgemein\/64-franken-helau-in-veitshoechheim.html?share=skype\" target=\"_blank\" title=\"Klicken, um in Skype zu teilen\"><span><\/span><span class=\"sharing-screen-reader-text\">Klicken, um in Skype zu teilen (Wird in neuem Fenster ge\u00f6ffnet)<\/span><\/a><\/li><li><a href=\"#\" class=\"sharing-anchor sd-button share-more\"><span>Mehr<\/span><\/a><\/li><li class=\"share-end\"><\/li><\/ul><div class=\"sharing-hidden\"><div class=\"inner\" style=\"display: none;width:150px;\"><ul style=\"background-image:none;\"><li class=\"share-facebook\"><a rel=\"nofollow noopener noreferrer\" data-shared=\"sharing-facebook-64\" class=\"share-facebook sd-button share-icon no-text\" href=\"https:\/\/www.bayern-wolln-mer.net\/blog\/index.php\/archives\/allgemein\/64-franken-helau-in-veitshoechheim.html?share=facebook\" target=\"_blank\" title=\"Klick, um auf Facebook zu teilen\"><span><\/span><span class=\"sharing-screen-reader-text\">Klick, um auf Facebook zu teilen (Wird in neuem Fenster ge\u00f6ffnet)<\/span><\/a><\/li><li class=\"share-end\"><\/li><\/ul><\/div><\/div><\/div><\/div><\/div>","protected":false},"author":3,"featured_media":0,"comment_status":"open","ping_status":"open","sticky":false,"template":"","format":"standard","meta":{"spay_email":"","jetpack_publicize_message":""},"categories":[1,4],"tags":[187,219,62,221,220,227,224,223,188,222,225,63,228,226],"jetpack_featured_media_url":"","jetpack_publicize_connections":[],"yoast_head":"<!-- This site is optimized with the Yoast SEO plugin v18.2 - https:\/\/yoast.com\/wordpress\/plugins\/seo\/ -->\n<meta name=\"robots\" content=\"index, follow, max-snippet:-1, max-image-preview:large, max-video-preview:-1\" \/>\n<link rel=\"canonical\" href=\"https:\/\/www.bayern-wolln-mer.net\/blog\/index.php\/archives\/allgemein\/64-franken-helau-in-veitshoechheim.html\" \/>\n<meta property=\"og:locale\" content=\"de_DE\" \/>\n<meta property=\"og:type\" content=\"article\" \/>\n<meta property=\"og:title\" content=\"Franken helau in Veitsh\u00f6chheim: Fastnacht in Franken - Bayern-wolln-mer.net\" \/>\n<meta property=\"og:description\" content=\"Am 06. Februar 2026 ist wieder soweit! Der H\u00f6hepunkt des Fernsehjahres der dritten Programme ist da: &#8220;Fastnacht in Franken&#8221;, die TV-Prunksitzung aus den Mainfrankens\u00e4len in Veitsh\u00f6chheim! Fastnacht-Kult seit 1987! Mit Rekordeinschaltquoten (h\u00f6chstwert war 2023 mit 3,8 Millionen Zuschauern, was einem Marktanteil von 53,3% in Bayern entspricht und bundesweit 14,8%) ist Fastnacht in Franken deutschlandweit seit [&hellip;]\" \/>\n<meta property=\"og:url\" content=\"https:\/\/www.bayern-wolln-mer.net\/blog\/index.php\/archives\/allgemein\/64-franken-helau-in-veitshoechheim.html\" \/>\n<meta property=\"og:site_name\" content=\"Bayern-wolln-mer.net\" \/>\n<meta property=\"article:published_time\" content=\"2026-01-26T10:11:31+00:00\" \/>\n<meta property=\"article:modified_time\" content=\"2026-01-27T16:49:46+00:00\" \/>\n<meta property=\"og:image\" content=\"https:\/\/www.bayern-wolln-mer.net\/blog\/wp-content\/uploads\/2016\/01\/IMG_2424.jpg\" \/>\n\t<meta property=\"og:image:width\" content=\"375\" \/>\n\t<meta property=\"og:image:height\" content=\"500\" \/>\n\t<meta property=\"og:image:type\" content=\"image\/jpeg\" \/>\n<meta name=\"twitter:card\" content=\"summary_large_image\" \/>\n<meta name=\"twitter:image\" content=\"https:\/\/i1.wp.com\/www.bayern-wolln-mer.net\/blog\/wp-content\/uploads\/2016\/01\/IMG_2424.jpg?fit=375%2C500&amp;ssl=1\" \/>\n<meta name=\"twitter:label1\" content=\"Verfasst von\" \/>\n\t<meta name=\"twitter:data1\" content=\"Andreas Brandl\" \/>\n\t<meta name=\"twitter:label2\" content=\"Gesch\u00e4tzte Lesezeit\" \/>\n\t<meta name=\"twitter:data2\" content=\"3\u00a0Minuten\" \/>\n<script type=\"application\/ld+json\" class=\"yoast-schema-graph\">{\"@context\":\"https:\/\/schema.org\",\"@graph\":[{\"@type\":\"WebSite\",\"@id\":\"https:\/\/www.bayern-wolln-mer.net\/blog\/#website\",\"url\":\"https:\/\/www.bayern-wolln-mer.net\/blog\/\",\"name\":\"Bayern-wolln-mer.net\",\"description\":\"Frankenblog! Frei statt Bayern! Freiheit f\u00fcr Franken!\",\"potentialAction\":[{\"@type\":\"SearchAction\",\"target\":{\"@type\":\"EntryPoint\",\"urlTemplate\":\"https:\/\/www.bayern-wolln-mer.net\/blog\/?s={search_term_string}\"},\"query-input\":\"required name=search_term_string\"}],\"inLanguage\":\"de\"},{\"@type\":\"ImageObject\",\"@id\":\"https:\/\/www.bayern-wolln-mer.net\/blog\/index.php\/archives\/allgemein\/64-franken-helau-in-veitshoechheim.html#primaryimage\",\"inLanguage\":\"de\",\"url\":\"https:\/\/i1.wp.com\/www.bayern-wolln-mer.net\/blog\/wp-content\/uploads\/2016\/01\/IMG_2424.jpg?fit=375%2C500&ssl=1\",\"contentUrl\":\"https:\/\/i1.wp.com\/www.bayern-wolln-mer.net\/blog\/wp-content\/uploads\/2016\/01\/IMG_2424.jpg?fit=375%2C500&ssl=1\",\"width\":375,\"height\":500},{\"@type\":\"WebPage\",\"@id\":\"https:\/\/www.bayern-wolln-mer.net\/blog\/index.php\/archives\/allgemein\/64-franken-helau-in-veitshoechheim.html#webpage\",\"url\":\"https:\/\/www.bayern-wolln-mer.net\/blog\/index.php\/archives\/allgemein\/64-franken-helau-in-veitshoechheim.html\",\"name\":\"Franken helau in Veitsh\u00f6chheim: Fastnacht in Franken - Bayern-wolln-mer.net\",\"isPartOf\":{\"@id\":\"https:\/\/www.bayern-wolln-mer.net\/blog\/#website\"},\"primaryImageOfPage\":{\"@id\":\"https:\/\/www.bayern-wolln-mer.net\/blog\/index.php\/archives\/allgemein\/64-franken-helau-in-veitshoechheim.html#primaryimage\"},\"datePublished\":\"2026-01-26T10:11:31+00:00\",\"dateModified\":\"2026-01-27T16:49:46+00:00\",\"author\":{\"@id\":\"https:\/\/www.bayern-wolln-mer.net\/blog\/#\/schema\/person\/b9fcf524d723fdb81f40a1bed0e52f96\"},\"breadcrumb\":{\"@id\":\"https:\/\/www.bayern-wolln-mer.net\/blog\/index.php\/archives\/allgemein\/64-franken-helau-in-veitshoechheim.html#breadcrumb\"},\"inLanguage\":\"de\",\"potentialAction\":[{\"@type\":\"ReadAction\",\"target\":[\"https:\/\/www.bayern-wolln-mer.net\/blog\/index.php\/archives\/allgemein\/64-franken-helau-in-veitshoechheim.html\"]}]},{\"@type\":\"BreadcrumbList\",\"@id\":\"https:\/\/www.bayern-wolln-mer.net\/blog\/index.php\/archives\/allgemein\/64-franken-helau-in-veitshoechheim.html#breadcrumb\",\"itemListElement\":[{\"@type\":\"ListItem\",\"position\":1,\"name\":\"Startseite\",\"item\":\"https:\/\/www.bayern-wolln-mer.net\/blog\"},{\"@type\":\"ListItem\",\"position\":2,\"name\":\"Franken helau in Veitsh\u00f6chheim: Fastnacht in Franken\"}]},{\"@type\":\"Person\",\"@id\":\"https:\/\/www.bayern-wolln-mer.net\/blog\/#\/schema\/person\/b9fcf524d723fdb81f40a1bed0e52f96\",\"name\":\"Andreas Brandl\",\"image\":{\"@type\":\"ImageObject\",\"@id\":\"https:\/\/www.bayern-wolln-mer.net\/blog\/#personlogo\",\"inLanguage\":\"de\",\"url\":\"https:\/\/secure.gravatar.com\/avatar\/7c2e8ddf168a4d43fa09a0495da2d513?s=96&d=mm&r=g\",\"contentUrl\":\"https:\/\/secure.gravatar.com\/avatar\/7c2e8ddf168a4d43fa09a0495da2d513?s=96&d=mm&r=g\",\"caption\":\"Andreas Brandl\"},\"sameAs\":[\"https:\/\/www.bayern-wolln-mer.net\"],\"url\":\"https:\/\/www.bayern-wolln-mer.net\/blog\/index.php\/archives\/author\/andy\"}]}<\/script>\n<!-- \/ Yoast SEO plugin. -->","yoast_head_json":{"robots":{"index":"index","follow":"follow","max-snippet":"max-snippet:-1","max-image-preview":"max-image-preview:large","max-video-preview":"max-video-preview:-1"},"canonical":"https:\/\/www.bayern-wolln-mer.net\/blog\/index.php\/archives\/allgemein\/64-franken-helau-in-veitshoechheim.html","og_locale":"de_DE","og_type":"article","og_title":"Franken helau in Veitsh\u00f6chheim: Fastnacht in Franken - Bayern-wolln-mer.net","og_description":"Am 06. Februar 2026 ist wieder soweit! Der H\u00f6hepunkt des Fernsehjahres der dritten Programme ist da: &#8220;Fastnacht in Franken&#8221;, die TV-Prunksitzung aus den Mainfrankens\u00e4len in Veitsh\u00f6chheim! Fastnacht-Kult seit 1987! Mit Rekordeinschaltquoten (h\u00f6chstwert war 2023 mit 3,8 Millionen Zuschauern, was einem Marktanteil von 53,3% in Bayern entspricht und bundesweit 14,8%) ist Fastnacht in Franken deutschlandweit seit [&hellip;]","og_url":"https:\/\/www.bayern-wolln-mer.net\/blog\/index.php\/archives\/allgemein\/64-franken-helau-in-veitshoechheim.html","og_site_name":"Bayern-wolln-mer.net","article_published_time":"2026-01-26T10:11:31+00:00","article_modified_time":"2026-01-27T16:49:46+00:00","og_image":[{"width":375,"height":500,"url":"https:\/\/www.bayern-wolln-mer.net\/blog\/wp-content\/uploads\/2016\/01\/IMG_2424.jpg","type":"image\/jpeg"}],"twitter_card":"summary_large_image","twitter_image":"https:\/\/i1.wp.com\/www.bayern-wolln-mer.net\/blog\/wp-content\/uploads\/2016\/01\/IMG_2424.jpg?fit=375%2C500&ssl=1","twitter_misc":{"Verfasst von":"Andreas Brandl","Gesch\u00e4tzte Lesezeit":"3\u00a0Minuten"},"schema":{"@context":"https:\/\/schema.org","@graph":[{"@type":"WebSite","@id":"https:\/\/www.bayern-wolln-mer.net\/blog\/#website","url":"https:\/\/www.bayern-wolln-mer.net\/blog\/","name":"Bayern-wolln-mer.net","description":"Frankenblog! Frei statt Bayern! Freiheit f\u00fcr Franken!","potentialAction":[{"@type":"SearchAction","target":{"@type":"EntryPoint","urlTemplate":"https:\/\/www.bayern-wolln-mer.net\/blog\/?s={search_term_string}"},"query-input":"required name=search_term_string"}],"inLanguage":"de"},{"@type":"ImageObject","@id":"https:\/\/www.bayern-wolln-mer.net\/blog\/index.php\/archives\/allgemein\/64-franken-helau-in-veitshoechheim.html#primaryimage","inLanguage":"de","url":"https:\/\/i1.wp.com\/www.bayern-wolln-mer.net\/blog\/wp-content\/uploads\/2016\/01\/IMG_2424.jpg?fit=375%2C500&ssl=1","contentUrl":"https:\/\/i1.wp.com\/www.bayern-wolln-mer.net\/blog\/wp-content\/uploads\/2016\/01\/IMG_2424.jpg?fit=375%2C500&ssl=1","width":375,"height":500},{"@type":"WebPage","@id":"https:\/\/www.bayern-wolln-mer.net\/blog\/index.php\/archives\/allgemein\/64-franken-helau-in-veitshoechheim.html#webpage","url":"https:\/\/www.bayern-wolln-mer.net\/blog\/index.php\/archives\/allgemein\/64-franken-helau-in-veitshoechheim.html","name":"Franken helau in Veitsh\u00f6chheim: Fastnacht in Franken - Bayern-wolln-mer.net","isPartOf":{"@id":"https:\/\/www.bayern-wolln-mer.net\/blog\/#website"},"primaryImageOfPage":{"@id":"https:\/\/www.bayern-wolln-mer.net\/blog\/index.php\/archives\/allgemein\/64-franken-helau-in-veitshoechheim.html#primaryimage"},"datePublished":"2026-01-26T10:11:31+00:00","dateModified":"2026-01-27T16:49:46+00:00","author":{"@id":"https:\/\/www.bayern-wolln-mer.net\/blog\/#\/schema\/person\/b9fcf524d723fdb81f40a1bed0e52f96"},"breadcrumb":{"@id":"https:\/\/www.bayern-wolln-mer.net\/blog\/index.php\/archives\/allgemein\/64-franken-helau-in-veitshoechheim.html#breadcrumb"},"inLanguage":"de","potentialAction":[{"@type":"ReadAction","target":["https:\/\/www.bayern-wolln-mer.net\/blog\/index.php\/archives\/allgemein\/64-franken-helau-in-veitshoechheim.html"]}]},{"@type":"BreadcrumbList","@id":"https:\/\/www.bayern-wolln-mer.net\/blog\/index.php\/archives\/allgemein\/64-franken-helau-in-veitshoechheim.html#breadcrumb","itemListElement":[{"@type":"ListItem","position":1,"name":"Startseite","item":"https:\/\/www.bayern-wolln-mer.net\/blog"},{"@type":"ListItem","position":2,"name":"Franken helau in Veitsh\u00f6chheim: Fastnacht in Franken"}]},{"@type":"Person","@id":"https:\/\/www.bayern-wolln-mer.net\/blog\/#\/schema\/person\/b9fcf524d723fdb81f40a1bed0e52f96","name":"Andreas Brandl","image":{"@type":"ImageObject","@id":"https:\/\/www.bayern-wolln-mer.net\/blog\/#personlogo","inLanguage":"de","url":"https:\/\/secure.gravatar.com\/avatar\/7c2e8ddf168a4d43fa09a0495da2d513?s=96&d=mm&r=g","contentUrl":"https:\/\/secure.gravatar.com\/avatar\/7c2e8ddf168a4d43fa09a0495da2d513?s=96&d=mm&r=g","caption":"Andreas Brandl"},"sameAs":["https:\/\/www.bayern-wolln-mer.net"],"url":"https:\/\/www.bayern-wolln-mer.net\/blog\/index.php\/archives\/author\/andy"}]}},"jetpack_sharing_enabled":true,"jetpack_shortlink":"https:\/\/wp.me\/p7UoAp-12","jetpack-related-posts":[],"_links":{"self":[{"href":"https:\/\/www.bayern-wolln-mer.net\/blog\/index.php\/wp-json\/wp\/v2\/posts\/64"}],"collection":[{"href":"https:\/\/www.bayern-wolln-mer.net\/blog\/index.php\/wp-json\/wp\/v2\/posts"}],"about":[{"href":"https:\/\/www.bayern-wolln-mer.net\/blog\/index.php\/wp-json\/wp\/v2\/types\/post"}],"author":[{"embeddable":true,"href":"https:\/\/www.bayern-wolln-mer.net\/blog\/index.php\/wp-json\/wp\/v2\/users\/3"}],"replies":[{"embeddable":true,"href":"https:\/\/www.bayern-wolln-mer.net\/blog\/index.php\/wp-json\/wp\/v2\/comments?post=64"}],"version-history":[{"count":54,"href":"https:\/\/www.bayern-wolln-mer.net\/blog\/index.php\/wp-json\/wp\/v2\/posts\/64\/revisions"}],"predecessor-version":[{"id":1774,"href":"https:\/\/www.bayern-wolln-mer.net\/blog\/index.php\/wp-json\/wp\/v2\/posts\/64\/revisions\/1774"}],"wp:attachment":[{"href":"https:\/\/www.bayern-wolln-mer.net\/blog\/index.php\/wp-json\/wp\/v2\/media?parent=64"}],"wp:term":[{"taxonomy":"category","embeddable":true,"href":"https:\/\/www.bayern-wolln-mer.net\/blog\/index.php\/wp-json\/wp\/v2\/categories?post=64"},{"taxonomy":"post_tag","embeddable":true,"href":"https:\/\/www.bayern-wolln-mer.net\/blog\/index.php\/wp-json\/wp\/v2\/tags?post=64"}],"curies":[{"name":"wp","href":"https:\/\/api.w.org\/{rel}","templated":true}]}}