{"id":73,"date":"2007-03-16T15:05:39","date_gmt":"2007-03-16T13:05:39","guid":{"rendered":"http:\/\/bayern-wolln-mer.net\/blog\/index.php\/archives\/bamberger-domschatz\/73-symbole-der-groesse-staerke-und-inneren-kraft-zurueck-nach-bamberg.html"},"modified":"2007-03-16T15:05:39","modified_gmt":"2007-03-16T13:05:39","slug":"symbole-der-groesse-staerke-und-inneren-kraft-zurueck-nach-bamberg","status":"publish","type":"post","link":"https:\/\/www.bayern-wolln-mer.net\/blog\/index.php\/archives\/bamberger-domschatz\/73-symbole-der-groesse-staerke-und-inneren-kraft-zurueck-nach-bamberg.html","title":{"rendered":"Symbole der Gr\u00f6\u00dfe, St\u00e4rke und inneren Kraft zur\u00fcck nach Bamberg"},"content":{"rendered":"<p>Die <strong>Bayerische Staatskanzlei<\/strong> hat heute in einer <strong>Pressemitteilung<\/strong> verk\u00fcndet, dass <a href=\"https:\/\/bayern-wolln-mer.net\/blog\/index.php\/archives\/category\/stoiber_ruecktritt\/\" target=\"_blank\">Ministerpr\u00e4sident Dr. Edmund Stoiber<\/a> heute gegen\u00fcber dem Bamberger Oberb\u00fcrgermeister <strong>Andreas Starke<\/strong> angek\u00fcndigt hat, dass der Freistaat den <strong>kompletten Domschatz<\/strong> zum 1000-j\u00e4hrigen Jubil\u00e4um des Bistums nach <strong>Bamberg<\/strong> geben wird.<\/p>\n<p>Bei einem Treffen in der Staatskanzlei sagte Stoiber: <em>&#8220;Alles was im Eigentum des Freistaats ist und was der Freistaat geben kann, wollen wir zu diesem einzigartigen Jubil\u00e4um tausend Jahre Bistum Bamberg geben. Der Domschatz ist ein Symbol f\u00fcr <strong>fr\u00e4nkische Identit\u00e4t<\/strong> und <strong>fr\u00e4nkisches Selbstbewusstsein<\/strong> in Bayern. Ich will, dass so viele B\u00fcrger wie m\u00f6glich diese gro\u00dfen Symbole der Gr\u00f6\u00dfe, St\u00e4rke und inneren Kraft unseres Landes in Bamberg sehen k\u00f6nnen. Wir wollen alles daf\u00fcr tun, dass der Domschatz so weit wie m\u00f6glich zur Tausendjahrfeier des Bistums nach Bamberg gebracht wird.&#8221;<\/em><\/p>\n<p>Nach <strong>Stoibers<\/strong> Angaben werden <strong>u.a. folgende hochkar\u00e4tige Kunstgegenst\u00e4nde<\/strong> aus staatlichem Eigentum nach Bamberg gebracht werden:<\/p>\n<ul>\n<li>das Evangeliar Ottos III.,<\/li>\n<li>das Sakramentar Heinrich II.,<\/li>\n<li>ein Evangeliar aus dem 9. Jahrhundert, das dem Bamberger Domschatz zugerechnete Relief &#8220;Thronender Christus mit den heiligen Petrus und Paulus&#8221; Elfenbein, 11. Jahrhundert),<\/li>\n<li>eine Taufschale (1100 bis 1130, Elfenbein, Kupfer),<\/li>\n<li>eine Agnus-Dei-Kapsel mit gravierter Darstellung des Agnus Dei, umgeben von der Muttergottes und acht Heiligen (1470, Silber graviert),<\/li>\n<li>ein Fl\u00fcgelretabel (um 1480),<\/li>\n<li>ein Reichsguldiner (1660, Silber) und ein Kasten der Hl. Kunigunde (um 1000, Eichenholz mit Elfenbein, Bronze, vergoldet).<\/li>\n<\/ul>\n<p>Aus dem Eigentum der <strong>Wittelsbacher Landesstiftung<\/strong> komtt zum Beispiel die ber\u00fchmte Frauenkrone aus dem Jahr 1350 hinzu. Andere Exponate aus dem Eigentum der <a title=\"Bamberger Domschatz: Wittelsbacher bleiben stur\" href=\"https:\/\/bayern-wolln-mer.net\/blog\/index.php\/archives\/franken-bayern\/29-bamberger-domschatz-wittelsbacher-bleiben-stur.html\" target=\"_blank\">Wittelsbacher Landesstiftung<\/a> sind nach \u00fcbereinstimmenden nationalen und internationalen Gutachten aus Berlin, Wien und London <strong>NICHT<\/strong> transportf\u00e4hig und werden deshalb <strong>NICHT<\/strong> nach Bamberg gebracht<\/p>\n<p><strong>Quelle: Rainer Haselbeck<br \/>\nPressesprecher der Bayerischen Staatskanzlei<\/strong><\/p>\n<div class=\"sharedaddy sd-sharing-enabled\"><div class=\"robots-nocontent sd-block sd-social sd-social-icon sd-sharing\"><h3 class=\"sd-title\">Share this:<\/h3><div class=\"sd-content\"><ul><li class=\"share-print\"><a rel=\"nofollow noopener noreferrer\" data-shared=\"\" class=\"share-print sd-button share-icon no-text\" href=\"https:\/\/www.bayern-wolln-mer.net\/blog\/index.php\/archives\/bamberger-domschatz\/73-symbole-der-groesse-staerke-und-inneren-kraft-zurueck-nach-bamberg.html\" target=\"_blank\" title=\"Klicken zum Ausdrucken\"><span><\/span><span class=\"sharing-screen-reader-text\">Klicken zum Ausdrucken (Wird in neuem Fenster ge\u00f6ffnet)<\/span><\/a><\/li><li class=\"share-email\"><a rel=\"nofollow noopener noreferrer\" data-shared=\"\" class=\"share-email sd-button share-icon no-text\" href=\"https:\/\/www.bayern-wolln-mer.net\/blog\/index.php\/archives\/bamberger-domschatz\/73-symbole-der-groesse-staerke-und-inneren-kraft-zurueck-nach-bamberg.html?share=email\" target=\"_blank\" title=\"Klick, um dies einem Freund per E-Mail zu senden\"><span><\/span><span class=\"sharing-screen-reader-text\">Klick, um dies einem Freund per E-Mail zu senden (Wird in neuem Fenster ge\u00f6ffnet)<\/span><\/a><\/li><li class=\"share-twitter\"><a rel=\"nofollow noopener noreferrer\" data-shared=\"sharing-twitter-73\" class=\"share-twitter sd-button share-icon no-text\" href=\"https:\/\/www.bayern-wolln-mer.net\/blog\/index.php\/archives\/bamberger-domschatz\/73-symbole-der-groesse-staerke-und-inneren-kraft-zurueck-nach-bamberg.html?share=twitter\" target=\"_blank\" title=\"Klick, um \u00fcber Twitter zu teilen\"><span><\/span><span class=\"sharing-screen-reader-text\">Klick, um \u00fcber Twitter zu teilen (Wird in neuem Fenster ge\u00f6ffnet)<\/span><\/a><\/li><li class=\"share-jetpack-whatsapp\"><a rel=\"nofollow noopener noreferrer\" data-shared=\"\" class=\"share-jetpack-whatsapp sd-button share-icon no-text\" href=\"https:\/\/www.bayern-wolln-mer.net\/blog\/index.php\/archives\/bamberger-domschatz\/73-symbole-der-groesse-staerke-und-inneren-kraft-zurueck-nach-bamberg.html?share=jetpack-whatsapp\" target=\"_blank\" title=\"Klicken, um auf WhatsApp zu teilen\"><span><\/span><span class=\"sharing-screen-reader-text\">Klicken, um auf WhatsApp zu teilen (Wird in neuem Fenster ge\u00f6ffnet)<\/span><\/a><\/li><li class=\"share-linkedin\"><a rel=\"nofollow noopener noreferrer\" data-shared=\"sharing-linkedin-73\" class=\"share-linkedin sd-button share-icon no-text\" href=\"https:\/\/www.bayern-wolln-mer.net\/blog\/index.php\/archives\/bamberger-domschatz\/73-symbole-der-groesse-staerke-und-inneren-kraft-zurueck-nach-bamberg.html?share=linkedin\" target=\"_blank\" title=\"Klick, um auf LinkedIn zu teilen\"><span><\/span><span class=\"sharing-screen-reader-text\">Klick, um auf LinkedIn zu teilen (Wird in neuem Fenster ge\u00f6ffnet)<\/span><\/a><\/li><li class=\"share-reddit\"><a rel=\"nofollow noopener noreferrer\" data-shared=\"\" class=\"share-reddit sd-button share-icon no-text\" href=\"https:\/\/www.bayern-wolln-mer.net\/blog\/index.php\/archives\/bamberger-domschatz\/73-symbole-der-groesse-staerke-und-inneren-kraft-zurueck-nach-bamberg.html?share=reddit\" target=\"_blank\" title=\"Klick, um auf Reddit zu teilen\"><span><\/span><span class=\"sharing-screen-reader-text\">Klick, um auf Reddit zu teilen (Wird in neuem Fenster ge\u00f6ffnet)<\/span><\/a><\/li><li class=\"share-tumblr\"><a rel=\"nofollow noopener noreferrer\" data-shared=\"\" class=\"share-tumblr sd-button share-icon no-text\" href=\"https:\/\/www.bayern-wolln-mer.net\/blog\/index.php\/archives\/bamberger-domschatz\/73-symbole-der-groesse-staerke-und-inneren-kraft-zurueck-nach-bamberg.html?share=tumblr\" target=\"_blank\" title=\"Klick, um auf Tumblr zu teilen\"><span><\/span><span class=\"sharing-screen-reader-text\">Klick, um auf Tumblr zu teilen (Wird in neuem Fenster ge\u00f6ffnet)<\/span><\/a><\/li><li class=\"share-pinterest\"><a rel=\"nofollow noopener noreferrer\" data-shared=\"sharing-pinterest-73\" class=\"share-pinterest sd-button share-icon no-text\" href=\"https:\/\/www.bayern-wolln-mer.net\/blog\/index.php\/archives\/bamberger-domschatz\/73-symbole-der-groesse-staerke-und-inneren-kraft-zurueck-nach-bamberg.html?share=pinterest\" target=\"_blank\" title=\"Klick, um auf Pinterest zu teilen\"><span><\/span><span class=\"sharing-screen-reader-text\">Klick, um auf Pinterest zu teilen (Wird in neuem Fenster ge\u00f6ffnet)<\/span><\/a><\/li><li class=\"share-pocket\"><a rel=\"nofollow noopener noreferrer\" data-shared=\"\" class=\"share-pocket sd-button share-icon no-text\" href=\"https:\/\/www.bayern-wolln-mer.net\/blog\/index.php\/archives\/bamberger-domschatz\/73-symbole-der-groesse-staerke-und-inneren-kraft-zurueck-nach-bamberg.html?share=pocket\" target=\"_blank\" title=\"Klick, um auf Pocket zu teilen\"><span><\/span><span class=\"sharing-screen-reader-text\">Klick, um auf Pocket zu teilen (Wird in neuem Fenster ge\u00f6ffnet)<\/span><\/a><\/li><li class=\"share-telegram\"><a rel=\"nofollow noopener noreferrer\" data-shared=\"\" class=\"share-telegram sd-button share-icon no-text\" href=\"https:\/\/www.bayern-wolln-mer.net\/blog\/index.php\/archives\/bamberger-domschatz\/73-symbole-der-groesse-staerke-und-inneren-kraft-zurueck-nach-bamberg.html?share=telegram\" target=\"_blank\" title=\"Klicken, um auf Telegram zu teilen\"><span><\/span><span class=\"sharing-screen-reader-text\">Klicken, um auf Telegram zu teilen (Wird in neuem Fenster ge\u00f6ffnet)<\/span><\/a><\/li><li class=\"share-skype\"><a rel=\"nofollow noopener noreferrer\" data-shared=\"sharing-skype-73\" class=\"share-skype sd-button share-icon no-text\" href=\"https:\/\/www.bayern-wolln-mer.net\/blog\/index.php\/archives\/bamberger-domschatz\/73-symbole-der-groesse-staerke-und-inneren-kraft-zurueck-nach-bamberg.html?share=skype\" target=\"_blank\" title=\"Klicken, um in Skype zu teilen\"><span><\/span><span class=\"sharing-screen-reader-text\">Klicken, um in Skype zu teilen (Wird in neuem Fenster ge\u00f6ffnet)<\/span><\/a><\/li><li><a href=\"#\" class=\"sharing-anchor sd-button share-more\"><span>Mehr<\/span><\/a><\/li><li class=\"share-end\"><\/li><\/ul><div class=\"sharing-hidden\"><div class=\"inner\" style=\"display: none;width:150px;\"><ul style=\"background-image:none;\"><li class=\"share-facebook\"><a rel=\"nofollow noopener noreferrer\" data-shared=\"sharing-facebook-73\" class=\"share-facebook sd-button share-icon no-text\" href=\"https:\/\/www.bayern-wolln-mer.net\/blog\/index.php\/archives\/bamberger-domschatz\/73-symbole-der-groesse-staerke-und-inneren-kraft-zurueck-nach-bamberg.html?share=facebook\" target=\"_blank\" title=\"Klick, um auf Facebook zu teilen\"><span><\/span><span class=\"sharing-screen-reader-text\">Klick, um auf Facebook zu teilen (Wird in neuem Fenster ge\u00f6ffnet)<\/span><\/a><\/li><li class=\"share-end\"><\/li><\/ul><\/div><\/div><\/div><\/div><\/div>","protected":false},"excerpt":{"rendered":"<p>Die Bayerische Staatskanzlei hat heute in einer Pressemitteilung verk\u00fcndet, dass Ministerpr\u00e4sident Dr. Edmund Stoiber heute gegen\u00fcber dem Bamberger Oberb\u00fcrgermeister Andreas Starke angek\u00fcndigt hat, dass der Freistaat den kompletten Domschatz zum 1000-j\u00e4hrigen Jubil\u00e4um des Bistums nach Bamberg geben wird. Bei einem Treffen in der Staatskanzlei sagte Stoiber: &#8220;Alles was im Eigentum des Freistaats ist und was [&hellip;]<\/p>\n<div class=\"sharedaddy sd-sharing-enabled\"><div class=\"robots-nocontent sd-block sd-social sd-social-icon sd-sharing\"><h3 class=\"sd-title\">Share this:<\/h3><div class=\"sd-content\"><ul><li class=\"share-print\"><a rel=\"nofollow noopener noreferrer\" data-shared=\"\" class=\"share-print sd-button share-icon no-text\" href=\"https:\/\/www.bayern-wolln-mer.net\/blog\/index.php\/archives\/bamberger-domschatz\/73-symbole-der-groesse-staerke-und-inneren-kraft-zurueck-nach-bamberg.html\" target=\"_blank\" title=\"Klicken zum Ausdrucken\"><span><\/span><span class=\"sharing-screen-reader-text\">Klicken zum Ausdrucken (Wird in neuem Fenster ge\u00f6ffnet)<\/span><\/a><\/li><li class=\"share-email\"><a rel=\"nofollow noopener noreferrer\" data-shared=\"\" class=\"share-email sd-button share-icon no-text\" href=\"https:\/\/www.bayern-wolln-mer.net\/blog\/index.php\/archives\/bamberger-domschatz\/73-symbole-der-groesse-staerke-und-inneren-kraft-zurueck-nach-bamberg.html?share=email\" target=\"_blank\" title=\"Klick, um dies einem Freund per E-Mail zu senden\"><span><\/span><span class=\"sharing-screen-reader-text\">Klick, um dies einem Freund per E-Mail zu senden (Wird in neuem Fenster ge\u00f6ffnet)<\/span><\/a><\/li><li class=\"share-twitter\"><a rel=\"nofollow noopener noreferrer\" data-shared=\"sharing-twitter-73\" class=\"share-twitter sd-button share-icon no-text\" href=\"https:\/\/www.bayern-wolln-mer.net\/blog\/index.php\/archives\/bamberger-domschatz\/73-symbole-der-groesse-staerke-und-inneren-kraft-zurueck-nach-bamberg.html?share=twitter\" target=\"_blank\" title=\"Klick, um \u00fcber Twitter zu teilen\"><span><\/span><span class=\"sharing-screen-reader-text\">Klick, um \u00fcber Twitter zu teilen (Wird in neuem Fenster ge\u00f6ffnet)<\/span><\/a><\/li><li class=\"share-jetpack-whatsapp\"><a rel=\"nofollow noopener noreferrer\" data-shared=\"\" class=\"share-jetpack-whatsapp sd-button share-icon no-text\" href=\"https:\/\/www.bayern-wolln-mer.net\/blog\/index.php\/archives\/bamberger-domschatz\/73-symbole-der-groesse-staerke-und-inneren-kraft-zurueck-nach-bamberg.html?share=jetpack-whatsapp\" target=\"_blank\" title=\"Klicken, um auf WhatsApp zu teilen\"><span><\/span><span class=\"sharing-screen-reader-text\">Klicken, um auf WhatsApp zu teilen (Wird in neuem Fenster ge\u00f6ffnet)<\/span><\/a><\/li><li class=\"share-linkedin\"><a rel=\"nofollow noopener noreferrer\" data-shared=\"sharing-linkedin-73\" class=\"share-linkedin sd-button share-icon no-text\" href=\"https:\/\/www.bayern-wolln-mer.net\/blog\/index.php\/archives\/bamberger-domschatz\/73-symbole-der-groesse-staerke-und-inneren-kraft-zurueck-nach-bamberg.html?share=linkedin\" target=\"_blank\" title=\"Klick, um auf LinkedIn zu teilen\"><span><\/span><span class=\"sharing-screen-reader-text\">Klick, um auf LinkedIn zu teilen (Wird in neuem Fenster ge\u00f6ffnet)<\/span><\/a><\/li><li class=\"share-reddit\"><a rel=\"nofollow noopener noreferrer\" data-shared=\"\" class=\"share-reddit sd-button share-icon no-text\" href=\"https:\/\/www.bayern-wolln-mer.net\/blog\/index.php\/archives\/bamberger-domschatz\/73-symbole-der-groesse-staerke-und-inneren-kraft-zurueck-nach-bamberg.html?share=reddit\" target=\"_blank\" title=\"Klick, um auf Reddit zu teilen\"><span><\/span><span class=\"sharing-screen-reader-text\">Klick, um auf Reddit zu teilen (Wird in neuem Fenster ge\u00f6ffnet)<\/span><\/a><\/li><li class=\"share-tumblr\"><a rel=\"nofollow noopener noreferrer\" data-shared=\"\" class=\"share-tumblr sd-button share-icon no-text\" href=\"https:\/\/www.bayern-wolln-mer.net\/blog\/index.php\/archives\/bamberger-domschatz\/73-symbole-der-groesse-staerke-und-inneren-kraft-zurueck-nach-bamberg.html?share=tumblr\" target=\"_blank\" title=\"Klick, um auf Tumblr zu teilen\"><span><\/span><span class=\"sharing-screen-reader-text\">Klick, um auf Tumblr zu teilen (Wird in neuem Fenster ge\u00f6ffnet)<\/span><\/a><\/li><li class=\"share-pinterest\"><a rel=\"nofollow noopener noreferrer\" data-shared=\"sharing-pinterest-73\" class=\"share-pinterest sd-button share-icon no-text\" href=\"https:\/\/www.bayern-wolln-mer.net\/blog\/index.php\/archives\/bamberger-domschatz\/73-symbole-der-groesse-staerke-und-inneren-kraft-zurueck-nach-bamberg.html?share=pinterest\" target=\"_blank\" title=\"Klick, um auf Pinterest zu teilen\"><span><\/span><span class=\"sharing-screen-reader-text\">Klick, um auf Pinterest zu teilen (Wird in neuem Fenster ge\u00f6ffnet)<\/span><\/a><\/li><li class=\"share-pocket\"><a rel=\"nofollow noopener noreferrer\" data-shared=\"\" class=\"share-pocket sd-button share-icon no-text\" href=\"https:\/\/www.bayern-wolln-mer.net\/blog\/index.php\/archives\/bamberger-domschatz\/73-symbole-der-groesse-staerke-und-inneren-kraft-zurueck-nach-bamberg.html?share=pocket\" target=\"_blank\" title=\"Klick, um auf Pocket zu teilen\"><span><\/span><span class=\"sharing-screen-reader-text\">Klick, um auf Pocket zu teilen (Wird in neuem Fenster ge\u00f6ffnet)<\/span><\/a><\/li><li class=\"share-telegram\"><a rel=\"nofollow noopener noreferrer\" data-shared=\"\" class=\"share-telegram sd-button share-icon no-text\" href=\"https:\/\/www.bayern-wolln-mer.net\/blog\/index.php\/archives\/bamberger-domschatz\/73-symbole-der-groesse-staerke-und-inneren-kraft-zurueck-nach-bamberg.html?share=telegram\" target=\"_blank\" title=\"Klicken, um auf Telegram zu teilen\"><span><\/span><span class=\"sharing-screen-reader-text\">Klicken, um auf Telegram zu teilen (Wird in neuem Fenster ge\u00f6ffnet)<\/span><\/a><\/li><li class=\"share-skype\"><a rel=\"nofollow noopener noreferrer\" data-shared=\"sharing-skype-73\" class=\"share-skype sd-button share-icon no-text\" href=\"https:\/\/www.bayern-wolln-mer.net\/blog\/index.php\/archives\/bamberger-domschatz\/73-symbole-der-groesse-staerke-und-inneren-kraft-zurueck-nach-bamberg.html?share=skype\" target=\"_blank\" title=\"Klicken, um in Skype zu teilen\"><span><\/span><span class=\"sharing-screen-reader-text\">Klicken, um in Skype zu teilen (Wird in neuem Fenster ge\u00f6ffnet)<\/span><\/a><\/li><li><a href=\"#\" class=\"sharing-anchor sd-button share-more\"><span>Mehr<\/span><\/a><\/li><li class=\"share-end\"><\/li><\/ul><div class=\"sharing-hidden\"><div class=\"inner\" style=\"display: none;width:150px;\"><ul style=\"background-image:none;\"><li class=\"share-facebook\"><a rel=\"nofollow noopener noreferrer\" data-shared=\"sharing-facebook-73\" class=\"share-facebook sd-button share-icon no-text\" href=\"https:\/\/www.bayern-wolln-mer.net\/blog\/index.php\/archives\/bamberger-domschatz\/73-symbole-der-groesse-staerke-und-inneren-kraft-zurueck-nach-bamberg.html?share=facebook\" target=\"_blank\" title=\"Klick, um auf Facebook zu teilen\"><span><\/span><span class=\"sharing-screen-reader-text\">Klick, um auf Facebook zu teilen (Wird in neuem Fenster ge\u00f6ffnet)<\/span><\/a><\/li><li class=\"share-end\"><\/li><\/ul><\/div><\/div><\/div><\/div><\/div>","protected":false},"author":3,"featured_media":0,"comment_status":"open","ping_status":"open","sticky":false,"template":"","format":"standard","meta":{"spay_email":"","jetpack_publicize_message":""},"categories":[7],"tags":[60,61],"jetpack_featured_media_url":"","jetpack_publicize_connections":[],"yoast_head":"<!-- This site is optimized with the Yoast SEO plugin v18.2 - https:\/\/yoast.com\/wordpress\/plugins\/seo\/ -->\n<meta name=\"robots\" content=\"index, follow, max-snippet:-1, max-image-preview:large, max-video-preview:-1\" \/>\n<link rel=\"canonical\" href=\"https:\/\/www.bayern-wolln-mer.net\/blog\/index.php\/archives\/bamberger-domschatz\/73-symbole-der-groesse-staerke-und-inneren-kraft-zurueck-nach-bamberg.html\" \/>\n<meta property=\"og:locale\" content=\"de_DE\" \/>\n<meta property=\"og:type\" content=\"article\" \/>\n<meta property=\"og:title\" content=\"Symbole der Gr\u00f6\u00dfe, St\u00e4rke und inneren Kraft zur\u00fcck nach Bamberg - Bayern-wolln-mer.net\" \/>\n<meta property=\"og:description\" content=\"Die Bayerische Staatskanzlei hat heute in einer Pressemitteilung verk\u00fcndet, dass Ministerpr\u00e4sident Dr. Edmund Stoiber heute gegen\u00fcber dem Bamberger Oberb\u00fcrgermeister Andreas Starke angek\u00fcndigt hat, dass der Freistaat den kompletten Domschatz zum 1000-j\u00e4hrigen Jubil\u00e4um des Bistums nach Bamberg geben wird. Bei einem Treffen in der Staatskanzlei sagte Stoiber: &#8220;Alles was im Eigentum des Freistaats ist und was [&hellip;]\" \/>\n<meta property=\"og:url\" content=\"https:\/\/www.bayern-wolln-mer.net\/blog\/index.php\/archives\/bamberger-domschatz\/73-symbole-der-groesse-staerke-und-inneren-kraft-zurueck-nach-bamberg.html\" \/>\n<meta property=\"og:site_name\" content=\"Bayern-wolln-mer.net\" \/>\n<meta property=\"article:published_time\" content=\"2007-03-16T13:05:39+00:00\" \/>\n<meta name=\"twitter:card\" content=\"summary_large_image\" \/>\n<meta name=\"twitter:label1\" content=\"Verfasst von\" \/>\n\t<meta name=\"twitter:data1\" content=\"Andreas Brandl\" \/>\n\t<meta name=\"twitter:label2\" content=\"Gesch\u00e4tzte Lesezeit\" \/>\n\t<meta name=\"twitter:data2\" content=\"1\u00a0Minute\" \/>\n<script type=\"application\/ld+json\" class=\"yoast-schema-graph\">{\"@context\":\"https:\/\/schema.org\",\"@graph\":[{\"@type\":\"WebSite\",\"@id\":\"https:\/\/www.bayern-wolln-mer.net\/blog\/#website\",\"url\":\"https:\/\/www.bayern-wolln-mer.net\/blog\/\",\"name\":\"Bayern-wolln-mer.net\",\"description\":\"Frankenblog! Frei statt Bayern! Freiheit f\u00fcr Franken!\",\"potentialAction\":[{\"@type\":\"SearchAction\",\"target\":{\"@type\":\"EntryPoint\",\"urlTemplate\":\"https:\/\/www.bayern-wolln-mer.net\/blog\/?s={search_term_string}\"},\"query-input\":\"required name=search_term_string\"}],\"inLanguage\":\"de\"},{\"@type\":\"WebPage\",\"@id\":\"https:\/\/www.bayern-wolln-mer.net\/blog\/index.php\/archives\/bamberger-domschatz\/73-symbole-der-groesse-staerke-und-inneren-kraft-zurueck-nach-bamberg.html#webpage\",\"url\":\"https:\/\/www.bayern-wolln-mer.net\/blog\/index.php\/archives\/bamberger-domschatz\/73-symbole-der-groesse-staerke-und-inneren-kraft-zurueck-nach-bamberg.html\",\"name\":\"Symbole der Gr\u00f6\u00dfe, St\u00e4rke und inneren Kraft zur\u00fcck nach Bamberg - Bayern-wolln-mer.net\",\"isPartOf\":{\"@id\":\"https:\/\/www.bayern-wolln-mer.net\/blog\/#website\"},\"datePublished\":\"2007-03-16T13:05:39+00:00\",\"dateModified\":\"2007-03-16T13:05:39+00:00\",\"author\":{\"@id\":\"https:\/\/www.bayern-wolln-mer.net\/blog\/#\/schema\/person\/b9fcf524d723fdb81f40a1bed0e52f96\"},\"breadcrumb\":{\"@id\":\"https:\/\/www.bayern-wolln-mer.net\/blog\/index.php\/archives\/bamberger-domschatz\/73-symbole-der-groesse-staerke-und-inneren-kraft-zurueck-nach-bamberg.html#breadcrumb\"},\"inLanguage\":\"de\",\"potentialAction\":[{\"@type\":\"ReadAction\",\"target\":[\"https:\/\/www.bayern-wolln-mer.net\/blog\/index.php\/archives\/bamberger-domschatz\/73-symbole-der-groesse-staerke-und-inneren-kraft-zurueck-nach-bamberg.html\"]}]},{\"@type\":\"BreadcrumbList\",\"@id\":\"https:\/\/www.bayern-wolln-mer.net\/blog\/index.php\/archives\/bamberger-domschatz\/73-symbole-der-groesse-staerke-und-inneren-kraft-zurueck-nach-bamberg.html#breadcrumb\",\"itemListElement\":[{\"@type\":\"ListItem\",\"position\":1,\"name\":\"Startseite\",\"item\":\"https:\/\/www.bayern-wolln-mer.net\/blog\"},{\"@type\":\"ListItem\",\"position\":2,\"name\":\"Symbole der Gr\u00f6\u00dfe, St\u00e4rke und inneren Kraft zur\u00fcck nach Bamberg\"}]},{\"@type\":\"Person\",\"@id\":\"https:\/\/www.bayern-wolln-mer.net\/blog\/#\/schema\/person\/b9fcf524d723fdb81f40a1bed0e52f96\",\"name\":\"Andreas Brandl\",\"image\":{\"@type\":\"ImageObject\",\"@id\":\"https:\/\/www.bayern-wolln-mer.net\/blog\/#personlogo\",\"inLanguage\":\"de\",\"url\":\"https:\/\/secure.gravatar.com\/avatar\/7c2e8ddf168a4d43fa09a0495da2d513?s=96&d=mm&r=g\",\"contentUrl\":\"https:\/\/secure.gravatar.com\/avatar\/7c2e8ddf168a4d43fa09a0495da2d513?s=96&d=mm&r=g\",\"caption\":\"Andreas Brandl\"},\"sameAs\":[\"https:\/\/www.bayern-wolln-mer.net\"],\"url\":\"https:\/\/www.bayern-wolln-mer.net\/blog\/index.php\/archives\/author\/andy\"}]}<\/script>\n<!-- \/ Yoast SEO plugin. -->","yoast_head_json":{"robots":{"index":"index","follow":"follow","max-snippet":"max-snippet:-1","max-image-preview":"max-image-preview:large","max-video-preview":"max-video-preview:-1"},"canonical":"https:\/\/www.bayern-wolln-mer.net\/blog\/index.php\/archives\/bamberger-domschatz\/73-symbole-der-groesse-staerke-und-inneren-kraft-zurueck-nach-bamberg.html","og_locale":"de_DE","og_type":"article","og_title":"Symbole der Gr\u00f6\u00dfe, St\u00e4rke und inneren Kraft zur\u00fcck nach Bamberg - Bayern-wolln-mer.net","og_description":"Die Bayerische Staatskanzlei hat heute in einer Pressemitteilung verk\u00fcndet, dass Ministerpr\u00e4sident Dr. Edmund Stoiber heute gegen\u00fcber dem Bamberger Oberb\u00fcrgermeister Andreas Starke angek\u00fcndigt hat, dass der Freistaat den kompletten Domschatz zum 1000-j\u00e4hrigen Jubil\u00e4um des Bistums nach Bamberg geben wird. Bei einem Treffen in der Staatskanzlei sagte Stoiber: &#8220;Alles was im Eigentum des Freistaats ist und was [&hellip;]","og_url":"https:\/\/www.bayern-wolln-mer.net\/blog\/index.php\/archives\/bamberger-domschatz\/73-symbole-der-groesse-staerke-und-inneren-kraft-zurueck-nach-bamberg.html","og_site_name":"Bayern-wolln-mer.net","article_published_time":"2007-03-16T13:05:39+00:00","twitter_card":"summary_large_image","twitter_misc":{"Verfasst von":"Andreas Brandl","Gesch\u00e4tzte Lesezeit":"1\u00a0Minute"},"schema":{"@context":"https:\/\/schema.org","@graph":[{"@type":"WebSite","@id":"https:\/\/www.bayern-wolln-mer.net\/blog\/#website","url":"https:\/\/www.bayern-wolln-mer.net\/blog\/","name":"Bayern-wolln-mer.net","description":"Frankenblog! Frei statt Bayern! Freiheit f\u00fcr Franken!","potentialAction":[{"@type":"SearchAction","target":{"@type":"EntryPoint","urlTemplate":"https:\/\/www.bayern-wolln-mer.net\/blog\/?s={search_term_string}"},"query-input":"required name=search_term_string"}],"inLanguage":"de"},{"@type":"WebPage","@id":"https:\/\/www.bayern-wolln-mer.net\/blog\/index.php\/archives\/bamberger-domschatz\/73-symbole-der-groesse-staerke-und-inneren-kraft-zurueck-nach-bamberg.html#webpage","url":"https:\/\/www.bayern-wolln-mer.net\/blog\/index.php\/archives\/bamberger-domschatz\/73-symbole-der-groesse-staerke-und-inneren-kraft-zurueck-nach-bamberg.html","name":"Symbole der Gr\u00f6\u00dfe, St\u00e4rke und inneren Kraft zur\u00fcck nach Bamberg - Bayern-wolln-mer.net","isPartOf":{"@id":"https:\/\/www.bayern-wolln-mer.net\/blog\/#website"},"datePublished":"2007-03-16T13:05:39+00:00","dateModified":"2007-03-16T13:05:39+00:00","author":{"@id":"https:\/\/www.bayern-wolln-mer.net\/blog\/#\/schema\/person\/b9fcf524d723fdb81f40a1bed0e52f96"},"breadcrumb":{"@id":"https:\/\/www.bayern-wolln-mer.net\/blog\/index.php\/archives\/bamberger-domschatz\/73-symbole-der-groesse-staerke-und-inneren-kraft-zurueck-nach-bamberg.html#breadcrumb"},"inLanguage":"de","potentialAction":[{"@type":"ReadAction","target":["https:\/\/www.bayern-wolln-mer.net\/blog\/index.php\/archives\/bamberger-domschatz\/73-symbole-der-groesse-staerke-und-inneren-kraft-zurueck-nach-bamberg.html"]}]},{"@type":"BreadcrumbList","@id":"https:\/\/www.bayern-wolln-mer.net\/blog\/index.php\/archives\/bamberger-domschatz\/73-symbole-der-groesse-staerke-und-inneren-kraft-zurueck-nach-bamberg.html#breadcrumb","itemListElement":[{"@type":"ListItem","position":1,"name":"Startseite","item":"https:\/\/www.bayern-wolln-mer.net\/blog"},{"@type":"ListItem","position":2,"name":"Symbole der Gr\u00f6\u00dfe, St\u00e4rke und inneren Kraft zur\u00fcck nach Bamberg"}]},{"@type":"Person","@id":"https:\/\/www.bayern-wolln-mer.net\/blog\/#\/schema\/person\/b9fcf524d723fdb81f40a1bed0e52f96","name":"Andreas Brandl","image":{"@type":"ImageObject","@id":"https:\/\/www.bayern-wolln-mer.net\/blog\/#personlogo","inLanguage":"de","url":"https:\/\/secure.gravatar.com\/avatar\/7c2e8ddf168a4d43fa09a0495da2d513?s=96&d=mm&r=g","contentUrl":"https:\/\/secure.gravatar.com\/avatar\/7c2e8ddf168a4d43fa09a0495da2d513?s=96&d=mm&r=g","caption":"Andreas Brandl"},"sameAs":["https:\/\/www.bayern-wolln-mer.net"],"url":"https:\/\/www.bayern-wolln-mer.net\/blog\/index.php\/archives\/author\/andy"}]}},"jetpack_sharing_enabled":true,"jetpack_shortlink":"https:\/\/wp.me\/p7UoAp-1b","jetpack-related-posts":[],"_links":{"self":[{"href":"https:\/\/www.bayern-wolln-mer.net\/blog\/index.php\/wp-json\/wp\/v2\/posts\/73"}],"collection":[{"href":"https:\/\/www.bayern-wolln-mer.net\/blog\/index.php\/wp-json\/wp\/v2\/posts"}],"about":[{"href":"https:\/\/www.bayern-wolln-mer.net\/blog\/index.php\/wp-json\/wp\/v2\/types\/post"}],"author":[{"embeddable":true,"href":"https:\/\/www.bayern-wolln-mer.net\/blog\/index.php\/wp-json\/wp\/v2\/users\/3"}],"replies":[{"embeddable":true,"href":"https:\/\/www.bayern-wolln-mer.net\/blog\/index.php\/wp-json\/wp\/v2\/comments?post=73"}],"version-history":[{"count":0,"href":"https:\/\/www.bayern-wolln-mer.net\/blog\/index.php\/wp-json\/wp\/v2\/posts\/73\/revisions"}],"wp:attachment":[{"href":"https:\/\/www.bayern-wolln-mer.net\/blog\/index.php\/wp-json\/wp\/v2\/media?parent=73"}],"wp:term":[{"taxonomy":"category","embeddable":true,"href":"https:\/\/www.bayern-wolln-mer.net\/blog\/index.php\/wp-json\/wp\/v2\/categories?post=73"},{"taxonomy":"post_tag","embeddable":true,"href":"https:\/\/www.bayern-wolln-mer.net\/blog\/index.php\/wp-json\/wp\/v2\/tags?post=73"}],"curies":[{"name":"wp","href":"https:\/\/api.w.org\/{rel}","templated":true}]}}