{"id":795,"date":"2010-10-05T14:41:13","date_gmt":"2010-10-05T13:41:13","guid":{"rendered":"http:\/\/www.bayern-wolln-mer.net\/blog\/?p=795"},"modified":"2010-10-12T19:44:13","modified_gmt":"2010-10-12T18:44:13","slug":"frankische-frischmilch-unterstutzt-720-landwirte-aus-der-region","status":"publish","type":"post","link":"https:\/\/www.bayern-wolln-mer.net\/blog\/index.php\/archives\/fraenkisch\/795-frankische-frischmilch-unterstutzt-720-landwirte-aus-der-region.html","title":{"rendered":"Fr\u00e4nkische Frischmilch unterst\u00fctzt 720 Landwirte aus der Region"},"content":{"rendered":"<p><a href=\"https:\/\/i0.wp.com\/www.bayern-wolln-mer.net\/blog\/wp-content\/uploads\/2010\/10\/Fraenkische_Frischmilch_Abb.jpg?ssl=1\"><img data-attachment-id=\"796\" data-permalink=\"https:\/\/www.bayern-wolln-mer.net\/blog\/index.php\/archives\/fraenkisch\/795-frankische-frischmilch-unterstutzt-720-landwirte-aus-der-region.html\/attachment\/fraenkische_frischmilch_abb\" data-orig-file=\"https:\/\/i0.wp.com\/www.bayern-wolln-mer.net\/blog\/wp-content\/uploads\/2010\/10\/Fraenkische_Frischmilch_Abb.jpg?fit=2480%2C3543&amp;ssl=1\" data-orig-size=\"2480,3543\" data-comments-opened=\"1\" data-image-meta=\"{&quot;aperture&quot;:&quot;0&quot;,&quot;credit&quot;:&quot;&quot;,&quot;camera&quot;:&quot;&quot;,&quot;caption&quot;:&quot;&quot;,&quot;created_timestamp&quot;:&quot;0&quot;,&quot;copyright&quot;:&quot;&quot;,&quot;focal_length&quot;:&quot;0&quot;,&quot;iso&quot;:&quot;0&quot;,&quot;shutter_speed&quot;:&quot;0&quot;,&quot;title&quot;:&quot;&quot;}\" data-image-title=\"Fraenkische_Frischmilch_Abb\" data-image-description=\"\" data-medium-file=\"https:\/\/i0.wp.com\/www.bayern-wolln-mer.net\/blog\/wp-content\/uploads\/2010\/10\/Fraenkische_Frischmilch_Abb.jpg?fit=209%2C300&amp;ssl=1\" data-large-file=\"https:\/\/i0.wp.com\/www.bayern-wolln-mer.net\/blog\/wp-content\/uploads\/2010\/10\/Fraenkische_Frischmilch_Abb.jpg?fit=716%2C1024&amp;ssl=1\" loading=\"lazy\" class=\"size-medium wp-image-796 alignleft\" title=\"Fraenkische_Frischmilch_Abb\" src=\"https:\/\/i0.wp.com\/www.bayern-wolln-mer.net\/blog\/wp-content\/uploads\/2010\/10\/Fraenkische_Frischmilch_Abb.jpg?resize=209%2C300&#038;ssl=1\" alt=\"\" width=\"209\" height=\"300\" srcset=\"https:\/\/i0.wp.com\/www.bayern-wolln-mer.net\/blog\/wp-content\/uploads\/2010\/10\/Fraenkische_Frischmilch_Abb.jpg?resize=209%2C300&amp;ssl=1 209w, https:\/\/i0.wp.com\/www.bayern-wolln-mer.net\/blog\/wp-content\/uploads\/2010\/10\/Fraenkische_Frischmilch_Abb.jpg?resize=716%2C1024&amp;ssl=1 716w, https:\/\/i0.wp.com\/www.bayern-wolln-mer.net\/blog\/wp-content\/uploads\/2010\/10\/Fraenkische_Frischmilch_Abb.jpg?w=2000&amp;ssl=1 2000w\" sizes=\"(max-width: 209px) 100vw, 209px\" data-recalc-dims=\"1\" \/><\/a>Nach dem ganzen <a href=\"https:\/\/www.blogabfertigung.de\/allgemein\/1072-monty-python-spricht-deutsch.html\" target=\"_blank\">Oktoberfestwahn<\/a> der verkaufenden Zunft in den letzten Wochen, kommt nun die richtige Antwort aus Franken: Unter der Dachmarke ECHT FRANKEN verkaufen nun rund 720 fr\u00e4nkische Landwirte  ihre Milch in den fr\u00e4nkischen Filialen der Handelsketten REWE und  Nahkauf.<\/p>\n<p>Ab Oktober werden die Milcht\u00fcten (ein einziger, rot-wei\u00dfer Frankenrechen) ein wichtiger Beitrag zur Strukturf\u00f6rderung in der Region und zum Umweltschutz sein!<\/p>\n<p>Denn die Milchbauern in Ihrer fr\u00e4nkischen Nachbarschaft leiden unter dem enormen Preisdruck, da allgemein mehr Milch produziert als verbraucht wird. Einzige M\u00f6glichkeit einen angemessenen Preis zu erzielen ist, die hochwertige Milch als regionales Qualit\u00e4tsprodukt dem Verbraucher anzubieten. Mit dem Kauf der FR\u00c4NKISCHEN FRISCHMILCH entscheiden sich die Verbraucher ganz bewusst f\u00fcr Milcherzeugnisse aus der Region Franken und st\u00e4rken damit die Landwirtschaft ihrer Heimat.<\/p>\n<p><strong>Nachhaltigkeit durch kurze Wege<br \/>\n<\/strong><\/p>\n<p>Da die Milch ausschlie\u00dflich von Landwirten aus den Landkreisen Ansbach, Neustadt a. d. Aisch\/Bad Windsheim und einem schmalen Streifen im hohenloisch-fr\u00e4nkischen Gebiet zwischen Rothenburg und Schw\u00e4bisch Hall kommt, reduzieren sich die Transportwege zum Verbraucher auf ein Minimum. In der Regel vergehen nur 39 Stunden, bis die Milch vom Bauernhof \u00fcber die Molkerei ins K\u00fchlregal gelangt. Das garantiert gr\u00f6\u00dftm\u00f6gliche Produktfrische, geringere Abgasbelastung, weniger Staus, deutlich weniger Energieverbrauch und schont unsere Umwelt.<\/p>\n<p>Unsere <a href=\"https:\/\/www.franken-sind-keine-baiern.de\/franken-ist-spitze\/2691-echtes-frankisches.html\" target=\"_blank\">FR\u00c4NKISCHE FRISCHMILCH<\/a> kommt aus den Einzugsgebieten der Bezirksmolkerei Ansbach eG und der Molkereigenossenschaft Hohenlohe-Franken eG, Schrozberg. Weil es im westlichen Mittelfranken keine selbst\u00e4ndige Molkerei gibt, wird die Frischmilch in der Molkerei Schrozberg (ca. 15 km westlich von Rothenburg) aufbereitet und abgef\u00fcllt. Die Eigent\u00fcmer der beiden Molkerei-Genossenschaften sind rund 720 Bauern. Der in den Genossenschaften erzielte Gewinn wird ausschlie\u00dflich an die b\u00e4uerlichen Mitglieder ausgezahlt.<\/p>\n<p><a href=\"https:\/\/i1.wp.com\/www.bayern-wolln-mer.net\/blog\/wp-content\/uploads\/2010\/10\/Frankenmilch.jpg?ssl=1\"><img data-attachment-id=\"800\" data-permalink=\"https:\/\/www.bayern-wolln-mer.net\/blog\/index.php\/archives\/fraenkisch\/795-frankische-frischmilch-unterstutzt-720-landwirte-aus-der-region.html\/attachment\/frankenmilch\" data-orig-file=\"https:\/\/i1.wp.com\/www.bayern-wolln-mer.net\/blog\/wp-content\/uploads\/2010\/10\/Frankenmilch.jpg?fit=472%2C423&amp;ssl=1\" data-orig-size=\"472,423\" data-comments-opened=\"1\" data-image-meta=\"{&quot;aperture&quot;:&quot;0&quot;,&quot;credit&quot;:&quot;&quot;,&quot;camera&quot;:&quot;&quot;,&quot;caption&quot;:&quot;&quot;,&quot;created_timestamp&quot;:&quot;0&quot;,&quot;copyright&quot;:&quot;&quot;,&quot;focal_length&quot;:&quot;0&quot;,&quot;iso&quot;:&quot;0&quot;,&quot;shutter_speed&quot;:&quot;0&quot;,&quot;title&quot;:&quot;&quot;}\" data-image-title=\"Frankenmilch\" data-image-description=\"\" data-medium-file=\"https:\/\/i1.wp.com\/www.bayern-wolln-mer.net\/blog\/wp-content\/uploads\/2010\/10\/Frankenmilch.jpg?fit=300%2C268&amp;ssl=1\" data-large-file=\"https:\/\/i1.wp.com\/www.bayern-wolln-mer.net\/blog\/wp-content\/uploads\/2010\/10\/Frankenmilch.jpg?fit=472%2C423&amp;ssl=1\" loading=\"lazy\" class=\"size-medium wp-image-800 alignleft\" title=\"Frankenmilch\" src=\"https:\/\/i1.wp.com\/www.bayern-wolln-mer.net\/blog\/wp-content\/uploads\/2010\/10\/Frankenmilch.jpg?resize=240%2C214&#038;ssl=1\" alt=\"\" width=\"240\" height=\"214\" srcset=\"https:\/\/i1.wp.com\/www.bayern-wolln-mer.net\/blog\/wp-content\/uploads\/2010\/10\/Frankenmilch.jpg?resize=300%2C268&amp;ssl=1 300w, https:\/\/i1.wp.com\/www.bayern-wolln-mer.net\/blog\/wp-content\/uploads\/2010\/10\/Frankenmilch.jpg?w=472&amp;ssl=1 472w\" sizes=\"(max-width: 240px) 100vw, 240px\" data-recalc-dims=\"1\" \/><\/a>Ab Oktober 2010 wird die FR\u00c4NKISCHE FRISCHMILCH in zwei Sorten angeboten: Vollmilch mit einem Fettanteil von 3,5% sowie fettarme Milch mit einem Fettanteil von 1,5%. Der Verkaufspreis soll dem der herk\u00f6mmlichen Markenmilch angepasst sein.<\/p>\n<p>Wird die Milch ein Verkaufserfolg, werden weitere Milchprodukte von ECHT FRANKEN wie Butter, Sahne, Quark und Joghurt folgen &#8211; hoffen wir, dass es so kommt! Also ich f\u00fcr meinen Teil freue mich schon auf UNSERE <a href=\"https:\/\/www.bayern-wolln-mer.net\/blog\/index.php\/archives\/fraenkisch\/795-frankische-frischmilch-unterstutzt-720-landwirte-aus-der-region.html\" target=\"_blank\">FRANKENMILCH<\/a> und werde diese Aktion mit meiner Kaufkraft unterst\u00fctzen. Die neu gegr\u00fcndete <a href=\"https:\/\/www.partei-fuer-franken.de\/1321-echt-franken-starkt-landwirte-aus-der-region.html\" target=\"_blank\">Partei f\u00fcr Franken<\/a> steht ebenfalls hinter diesem Projekt!<\/p>\n<p>Weitere Infos bei <a href=\"https:\/\/www.nordbayern.de\/nuernberger-nachrichten\/region-bayern\/echt-frankische-milch-als-markenartikel-1.184093\" target=\"_blank\">NN<\/a> und <a href=\"https:\/\/www.nordbayern.de\/nuernberger-zeitung\/nz-bayern\/echt-franken-in-rot-weisser-milchtute-1.205666\" target=\"_blank\">NZ<\/a><\/p>\n<div class=\"sharedaddy sd-sharing-enabled\"><div class=\"robots-nocontent sd-block sd-social sd-social-icon sd-sharing\"><h3 class=\"sd-title\">Share this:<\/h3><div class=\"sd-content\"><ul><li class=\"share-print\"><a rel=\"nofollow noopener noreferrer\" data-shared=\"\" class=\"share-print sd-button share-icon no-text\" href=\"https:\/\/www.bayern-wolln-mer.net\/blog\/index.php\/archives\/fraenkisch\/795-frankische-frischmilch-unterstutzt-720-landwirte-aus-der-region.html\" target=\"_blank\" title=\"Klicken zum Ausdrucken\"><span><\/span><span class=\"sharing-screen-reader-text\">Klicken zum Ausdrucken (Wird in neuem Fenster ge\u00f6ffnet)<\/span><\/a><\/li><li class=\"share-email\"><a rel=\"nofollow noopener noreferrer\" data-shared=\"\" class=\"share-email sd-button share-icon no-text\" href=\"https:\/\/www.bayern-wolln-mer.net\/blog\/index.php\/archives\/fraenkisch\/795-frankische-frischmilch-unterstutzt-720-landwirte-aus-der-region.html?share=email\" target=\"_blank\" title=\"Klick, um dies einem Freund per E-Mail zu senden\"><span><\/span><span class=\"sharing-screen-reader-text\">Klick, um dies einem Freund per E-Mail zu senden (Wird in neuem Fenster ge\u00f6ffnet)<\/span><\/a><\/li><li class=\"share-twitter\"><a rel=\"nofollow noopener noreferrer\" data-shared=\"sharing-twitter-795\" class=\"share-twitter sd-button share-icon no-text\" href=\"https:\/\/www.bayern-wolln-mer.net\/blog\/index.php\/archives\/fraenkisch\/795-frankische-frischmilch-unterstutzt-720-landwirte-aus-der-region.html?share=twitter\" target=\"_blank\" title=\"Klick, um \u00fcber Twitter zu teilen\"><span><\/span><span class=\"sharing-screen-reader-text\">Klick, um \u00fcber Twitter zu teilen (Wird in neuem Fenster ge\u00f6ffnet)<\/span><\/a><\/li><li class=\"share-jetpack-whatsapp\"><a rel=\"nofollow noopener noreferrer\" data-shared=\"\" class=\"share-jetpack-whatsapp sd-button share-icon no-text\" href=\"https:\/\/www.bayern-wolln-mer.net\/blog\/index.php\/archives\/fraenkisch\/795-frankische-frischmilch-unterstutzt-720-landwirte-aus-der-region.html?share=jetpack-whatsapp\" target=\"_blank\" title=\"Klicken, um auf WhatsApp zu teilen\"><span><\/span><span class=\"sharing-screen-reader-text\">Klicken, um auf WhatsApp zu teilen (Wird in neuem Fenster ge\u00f6ffnet)<\/span><\/a><\/li><li class=\"share-linkedin\"><a rel=\"nofollow noopener noreferrer\" data-shared=\"sharing-linkedin-795\" class=\"share-linkedin sd-button share-icon no-text\" href=\"https:\/\/www.bayern-wolln-mer.net\/blog\/index.php\/archives\/fraenkisch\/795-frankische-frischmilch-unterstutzt-720-landwirte-aus-der-region.html?share=linkedin\" target=\"_blank\" title=\"Klick, um auf LinkedIn zu teilen\"><span><\/span><span class=\"sharing-screen-reader-text\">Klick, um auf LinkedIn zu teilen (Wird in neuem Fenster ge\u00f6ffnet)<\/span><\/a><\/li><li class=\"share-reddit\"><a rel=\"nofollow noopener noreferrer\" data-shared=\"\" class=\"share-reddit sd-button share-icon no-text\" href=\"https:\/\/www.bayern-wolln-mer.net\/blog\/index.php\/archives\/fraenkisch\/795-frankische-frischmilch-unterstutzt-720-landwirte-aus-der-region.html?share=reddit\" target=\"_blank\" title=\"Klick, um auf Reddit zu teilen\"><span><\/span><span class=\"sharing-screen-reader-text\">Klick, um auf Reddit zu teilen (Wird in neuem Fenster ge\u00f6ffnet)<\/span><\/a><\/li><li class=\"share-tumblr\"><a rel=\"nofollow noopener noreferrer\" data-shared=\"\" class=\"share-tumblr sd-button share-icon no-text\" href=\"https:\/\/www.bayern-wolln-mer.net\/blog\/index.php\/archives\/fraenkisch\/795-frankische-frischmilch-unterstutzt-720-landwirte-aus-der-region.html?share=tumblr\" target=\"_blank\" title=\"Klick, um auf Tumblr zu teilen\"><span><\/span><span class=\"sharing-screen-reader-text\">Klick, um auf Tumblr zu teilen (Wird in neuem Fenster ge\u00f6ffnet)<\/span><\/a><\/li><li class=\"share-pinterest\"><a rel=\"nofollow noopener noreferrer\" data-shared=\"sharing-pinterest-795\" class=\"share-pinterest sd-button share-icon no-text\" href=\"https:\/\/www.bayern-wolln-mer.net\/blog\/index.php\/archives\/fraenkisch\/795-frankische-frischmilch-unterstutzt-720-landwirte-aus-der-region.html?share=pinterest\" target=\"_blank\" title=\"Klick, um auf Pinterest zu teilen\"><span><\/span><span class=\"sharing-screen-reader-text\">Klick, um auf Pinterest zu teilen (Wird in neuem Fenster ge\u00f6ffnet)<\/span><\/a><\/li><li class=\"share-pocket\"><a rel=\"nofollow noopener noreferrer\" data-shared=\"\" class=\"share-pocket sd-button share-icon no-text\" href=\"https:\/\/www.bayern-wolln-mer.net\/blog\/index.php\/archives\/fraenkisch\/795-frankische-frischmilch-unterstutzt-720-landwirte-aus-der-region.html?share=pocket\" target=\"_blank\" title=\"Klick, um auf Pocket zu teilen\"><span><\/span><span class=\"sharing-screen-reader-text\">Klick, um auf Pocket zu teilen (Wird in neuem Fenster ge\u00f6ffnet)<\/span><\/a><\/li><li class=\"share-telegram\"><a rel=\"nofollow noopener noreferrer\" data-shared=\"\" class=\"share-telegram sd-button share-icon no-text\" href=\"https:\/\/www.bayern-wolln-mer.net\/blog\/index.php\/archives\/fraenkisch\/795-frankische-frischmilch-unterstutzt-720-landwirte-aus-der-region.html?share=telegram\" target=\"_blank\" title=\"Klicken, um auf Telegram zu teilen\"><span><\/span><span class=\"sharing-screen-reader-text\">Klicken, um auf Telegram zu teilen (Wird in neuem Fenster ge\u00f6ffnet)<\/span><\/a><\/li><li class=\"share-skype\"><a rel=\"nofollow noopener noreferrer\" data-shared=\"sharing-skype-795\" class=\"share-skype sd-button share-icon no-text\" href=\"https:\/\/www.bayern-wolln-mer.net\/blog\/index.php\/archives\/fraenkisch\/795-frankische-frischmilch-unterstutzt-720-landwirte-aus-der-region.html?share=skype\" target=\"_blank\" title=\"Klicken, um in Skype zu teilen\"><span><\/span><span class=\"sharing-screen-reader-text\">Klicken, um in Skype zu teilen (Wird in neuem Fenster ge\u00f6ffnet)<\/span><\/a><\/li><li><a href=\"#\" class=\"sharing-anchor sd-button share-more\"><span>Mehr<\/span><\/a><\/li><li class=\"share-end\"><\/li><\/ul><div class=\"sharing-hidden\"><div class=\"inner\" style=\"display: none;width:150px;\"><ul style=\"background-image:none;\"><li class=\"share-facebook\"><a rel=\"nofollow noopener noreferrer\" data-shared=\"sharing-facebook-795\" class=\"share-facebook sd-button share-icon no-text\" href=\"https:\/\/www.bayern-wolln-mer.net\/blog\/index.php\/archives\/fraenkisch\/795-frankische-frischmilch-unterstutzt-720-landwirte-aus-der-region.html?share=facebook\" target=\"_blank\" title=\"Klick, um auf Facebook zu teilen\"><span><\/span><span class=\"sharing-screen-reader-text\">Klick, um auf Facebook zu teilen (Wird in neuem Fenster ge\u00f6ffnet)<\/span><\/a><\/li><li class=\"share-end\"><\/li><\/ul><\/div><\/div><\/div><\/div><\/div>","protected":false},"excerpt":{"rendered":"<p>Nach dem ganzen Oktoberfestwahn der verkaufenden Zunft in den letzten Wochen, kommt nun die richtige Antwort aus Franken: Unter der Dachmarke ECHT FRANKEN verkaufen nun rund 720 fr\u00e4nkische Landwirte ihre Milch in den fr\u00e4nkischen Filialen der Handelsketten REWE und Nahkauf. Ab Oktober werden die Milcht\u00fcten (ein einziger, rot-wei\u00dfer Frankenrechen) ein wichtiger Beitrag zur Strukturf\u00f6rderung in [&hellip;]<\/p>\n<div class=\"sharedaddy sd-sharing-enabled\"><div class=\"robots-nocontent sd-block sd-social sd-social-icon sd-sharing\"><h3 class=\"sd-title\">Share this:<\/h3><div class=\"sd-content\"><ul><li class=\"share-print\"><a rel=\"nofollow noopener noreferrer\" data-shared=\"\" class=\"share-print sd-button share-icon no-text\" href=\"https:\/\/www.bayern-wolln-mer.net\/blog\/index.php\/archives\/fraenkisch\/795-frankische-frischmilch-unterstutzt-720-landwirte-aus-der-region.html\" target=\"_blank\" title=\"Klicken zum Ausdrucken\"><span><\/span><span class=\"sharing-screen-reader-text\">Klicken zum Ausdrucken (Wird in neuem Fenster ge\u00f6ffnet)<\/span><\/a><\/li><li class=\"share-email\"><a rel=\"nofollow noopener noreferrer\" data-shared=\"\" class=\"share-email sd-button share-icon no-text\" href=\"https:\/\/www.bayern-wolln-mer.net\/blog\/index.php\/archives\/fraenkisch\/795-frankische-frischmilch-unterstutzt-720-landwirte-aus-der-region.html?share=email\" target=\"_blank\" title=\"Klick, um dies einem Freund per E-Mail zu senden\"><span><\/span><span class=\"sharing-screen-reader-text\">Klick, um dies einem Freund per E-Mail zu senden (Wird in neuem Fenster ge\u00f6ffnet)<\/span><\/a><\/li><li class=\"share-twitter\"><a rel=\"nofollow noopener noreferrer\" data-shared=\"sharing-twitter-795\" class=\"share-twitter sd-button share-icon no-text\" href=\"https:\/\/www.bayern-wolln-mer.net\/blog\/index.php\/archives\/fraenkisch\/795-frankische-frischmilch-unterstutzt-720-landwirte-aus-der-region.html?share=twitter\" target=\"_blank\" title=\"Klick, um \u00fcber Twitter zu teilen\"><span><\/span><span class=\"sharing-screen-reader-text\">Klick, um \u00fcber Twitter zu teilen (Wird in neuem Fenster ge\u00f6ffnet)<\/span><\/a><\/li><li class=\"share-jetpack-whatsapp\"><a rel=\"nofollow noopener noreferrer\" data-shared=\"\" class=\"share-jetpack-whatsapp sd-button share-icon no-text\" href=\"https:\/\/www.bayern-wolln-mer.net\/blog\/index.php\/archives\/fraenkisch\/795-frankische-frischmilch-unterstutzt-720-landwirte-aus-der-region.html?share=jetpack-whatsapp\" target=\"_blank\" title=\"Klicken, um auf WhatsApp zu teilen\"><span><\/span><span class=\"sharing-screen-reader-text\">Klicken, um auf WhatsApp zu teilen (Wird in neuem Fenster ge\u00f6ffnet)<\/span><\/a><\/li><li class=\"share-linkedin\"><a rel=\"nofollow noopener noreferrer\" data-shared=\"sharing-linkedin-795\" class=\"share-linkedin sd-button share-icon no-text\" href=\"https:\/\/www.bayern-wolln-mer.net\/blog\/index.php\/archives\/fraenkisch\/795-frankische-frischmilch-unterstutzt-720-landwirte-aus-der-region.html?share=linkedin\" target=\"_blank\" title=\"Klick, um auf LinkedIn zu teilen\"><span><\/span><span class=\"sharing-screen-reader-text\">Klick, um auf LinkedIn zu teilen (Wird in neuem Fenster ge\u00f6ffnet)<\/span><\/a><\/li><li class=\"share-reddit\"><a rel=\"nofollow noopener noreferrer\" data-shared=\"\" class=\"share-reddit sd-button share-icon no-text\" href=\"https:\/\/www.bayern-wolln-mer.net\/blog\/index.php\/archives\/fraenkisch\/795-frankische-frischmilch-unterstutzt-720-landwirte-aus-der-region.html?share=reddit\" target=\"_blank\" title=\"Klick, um auf Reddit zu teilen\"><span><\/span><span class=\"sharing-screen-reader-text\">Klick, um auf Reddit zu teilen (Wird in neuem Fenster ge\u00f6ffnet)<\/span><\/a><\/li><li class=\"share-tumblr\"><a rel=\"nofollow noopener noreferrer\" data-shared=\"\" class=\"share-tumblr sd-button share-icon no-text\" href=\"https:\/\/www.bayern-wolln-mer.net\/blog\/index.php\/archives\/fraenkisch\/795-frankische-frischmilch-unterstutzt-720-landwirte-aus-der-region.html?share=tumblr\" target=\"_blank\" title=\"Klick, um auf Tumblr zu teilen\"><span><\/span><span class=\"sharing-screen-reader-text\">Klick, um auf Tumblr zu teilen (Wird in neuem Fenster ge\u00f6ffnet)<\/span><\/a><\/li><li class=\"share-pinterest\"><a rel=\"nofollow noopener noreferrer\" data-shared=\"sharing-pinterest-795\" class=\"share-pinterest sd-button share-icon no-text\" href=\"https:\/\/www.bayern-wolln-mer.net\/blog\/index.php\/archives\/fraenkisch\/795-frankische-frischmilch-unterstutzt-720-landwirte-aus-der-region.html?share=pinterest\" target=\"_blank\" title=\"Klick, um auf Pinterest zu teilen\"><span><\/span><span class=\"sharing-screen-reader-text\">Klick, um auf Pinterest zu teilen (Wird in neuem Fenster ge\u00f6ffnet)<\/span><\/a><\/li><li class=\"share-pocket\"><a rel=\"nofollow noopener noreferrer\" data-shared=\"\" class=\"share-pocket sd-button share-icon no-text\" href=\"https:\/\/www.bayern-wolln-mer.net\/blog\/index.php\/archives\/fraenkisch\/795-frankische-frischmilch-unterstutzt-720-landwirte-aus-der-region.html?share=pocket\" target=\"_blank\" title=\"Klick, um auf Pocket zu teilen\"><span><\/span><span class=\"sharing-screen-reader-text\">Klick, um auf Pocket zu teilen (Wird in neuem Fenster ge\u00f6ffnet)<\/span><\/a><\/li><li class=\"share-telegram\"><a rel=\"nofollow noopener noreferrer\" data-shared=\"\" class=\"share-telegram sd-button share-icon no-text\" href=\"https:\/\/www.bayern-wolln-mer.net\/blog\/index.php\/archives\/fraenkisch\/795-frankische-frischmilch-unterstutzt-720-landwirte-aus-der-region.html?share=telegram\" target=\"_blank\" title=\"Klicken, um auf Telegram zu teilen\"><span><\/span><span class=\"sharing-screen-reader-text\">Klicken, um auf Telegram zu teilen (Wird in neuem Fenster ge\u00f6ffnet)<\/span><\/a><\/li><li class=\"share-skype\"><a rel=\"nofollow noopener noreferrer\" data-shared=\"sharing-skype-795\" class=\"share-skype sd-button share-icon no-text\" href=\"https:\/\/www.bayern-wolln-mer.net\/blog\/index.php\/archives\/fraenkisch\/795-frankische-frischmilch-unterstutzt-720-landwirte-aus-der-region.html?share=skype\" target=\"_blank\" title=\"Klicken, um in Skype zu teilen\"><span><\/span><span class=\"sharing-screen-reader-text\">Klicken, um in Skype zu teilen (Wird in neuem Fenster ge\u00f6ffnet)<\/span><\/a><\/li><li><a href=\"#\" class=\"sharing-anchor sd-button share-more\"><span>Mehr<\/span><\/a><\/li><li class=\"share-end\"><\/li><\/ul><div class=\"sharing-hidden\"><div class=\"inner\" style=\"display: none;width:150px;\"><ul style=\"background-image:none;\"><li class=\"share-facebook\"><a rel=\"nofollow noopener noreferrer\" data-shared=\"sharing-facebook-795\" class=\"share-facebook sd-button share-icon no-text\" href=\"https:\/\/www.bayern-wolln-mer.net\/blog\/index.php\/archives\/fraenkisch\/795-frankische-frischmilch-unterstutzt-720-landwirte-aus-der-region.html?share=facebook\" target=\"_blank\" title=\"Klick, um auf Facebook zu teilen\"><span><\/span><span class=\"sharing-screen-reader-text\">Klick, um auf Facebook zu teilen (Wird in neuem Fenster ge\u00f6ffnet)<\/span><\/a><\/li><li class=\"share-end\"><\/li><\/ul><\/div><\/div><\/div><\/div><\/div>","protected":false},"author":3,"featured_media":0,"comment_status":"open","ping_status":"open","sticky":false,"template":"","format":"standard","meta":{"spay_email":"","jetpack_publicize_message":""},"categories":[12],"tags":[103,145,144],"jetpack_featured_media_url":"","jetpack_publicize_connections":[],"yoast_head":"<!-- This site is optimized with the Yoast SEO plugin v18.2 - https:\/\/yoast.com\/wordpress\/plugins\/seo\/ -->\n<meta name=\"robots\" content=\"index, follow, max-snippet:-1, max-image-preview:large, max-video-preview:-1\" \/>\n<link rel=\"canonical\" href=\"https:\/\/www.bayern-wolln-mer.net\/blog\/index.php\/archives\/fraenkisch\/795-frankische-frischmilch-unterstutzt-720-landwirte-aus-der-region.html\" \/>\n<meta property=\"og:locale\" content=\"de_DE\" \/>\n<meta property=\"og:type\" content=\"article\" \/>\n<meta property=\"og:title\" content=\"Fr\u00e4nkische Frischmilch unterst\u00fctzt 720 Landwirte aus der Region - Bayern-wolln-mer.net\" \/>\n<meta property=\"og:description\" content=\"Nach dem ganzen Oktoberfestwahn der verkaufenden Zunft in den letzten Wochen, kommt nun die richtige Antwort aus Franken: Unter der Dachmarke ECHT FRANKEN verkaufen nun rund 720 fr\u00e4nkische Landwirte ihre Milch in den fr\u00e4nkischen Filialen der Handelsketten REWE und Nahkauf. Ab Oktober werden die Milcht\u00fcten (ein einziger, rot-wei\u00dfer Frankenrechen) ein wichtiger Beitrag zur Strukturf\u00f6rderung in [&hellip;]\" \/>\n<meta property=\"og:url\" content=\"https:\/\/www.bayern-wolln-mer.net\/blog\/index.php\/archives\/fraenkisch\/795-frankische-frischmilch-unterstutzt-720-landwirte-aus-der-region.html\" \/>\n<meta property=\"og:site_name\" content=\"Bayern-wolln-mer.net\" \/>\n<meta property=\"article:published_time\" content=\"2010-10-05T13:41:13+00:00\" \/>\n<meta property=\"article:modified_time\" content=\"2010-10-12T18:44:13+00:00\" \/>\n<meta property=\"og:image\" content=\"https:\/\/www.bayern-wolln-mer.net\/blog\/wp-content\/uploads\/2010\/10\/Fraenkische_Frischmilch_Abb-209x300.jpg\" \/>\n<meta name=\"twitter:card\" content=\"summary_large_image\" \/>\n<meta name=\"twitter:label1\" content=\"Verfasst von\" \/>\n\t<meta name=\"twitter:data1\" content=\"Andreas Brandl\" \/>\n\t<meta name=\"twitter:label2\" content=\"Gesch\u00e4tzte Lesezeit\" \/>\n\t<meta name=\"twitter:data2\" content=\"2\u00a0Minuten\" \/>\n<script type=\"application\/ld+json\" class=\"yoast-schema-graph\">{\"@context\":\"https:\/\/schema.org\",\"@graph\":[{\"@type\":\"WebSite\",\"@id\":\"https:\/\/www.bayern-wolln-mer.net\/blog\/#website\",\"url\":\"https:\/\/www.bayern-wolln-mer.net\/blog\/\",\"name\":\"Bayern-wolln-mer.net\",\"description\":\"Frankenblog! Frei statt Bayern! Freiheit f\u00fcr Franken!\",\"potentialAction\":[{\"@type\":\"SearchAction\",\"target\":{\"@type\":\"EntryPoint\",\"urlTemplate\":\"https:\/\/www.bayern-wolln-mer.net\/blog\/?s={search_term_string}\"},\"query-input\":\"required name=search_term_string\"}],\"inLanguage\":\"de\"},{\"@type\":\"ImageObject\",\"@id\":\"https:\/\/www.bayern-wolln-mer.net\/blog\/index.php\/archives\/fraenkisch\/795-frankische-frischmilch-unterstutzt-720-landwirte-aus-der-region.html#primaryimage\",\"inLanguage\":\"de\",\"url\":\"https:\/\/i0.wp.com\/www.bayern-wolln-mer.net\/blog\/wp-content\/uploads\/2010\/10\/Fraenkische_Frischmilch_Abb.jpg?fit=2480%2C3543&ssl=1\",\"contentUrl\":\"https:\/\/i0.wp.com\/www.bayern-wolln-mer.net\/blog\/wp-content\/uploads\/2010\/10\/Fraenkische_Frischmilch_Abb.jpg?fit=2480%2C3543&ssl=1\",\"width\":\"2480\",\"height\":\"3543\"},{\"@type\":\"WebPage\",\"@id\":\"https:\/\/www.bayern-wolln-mer.net\/blog\/index.php\/archives\/fraenkisch\/795-frankische-frischmilch-unterstutzt-720-landwirte-aus-der-region.html#webpage\",\"url\":\"https:\/\/www.bayern-wolln-mer.net\/blog\/index.php\/archives\/fraenkisch\/795-frankische-frischmilch-unterstutzt-720-landwirte-aus-der-region.html\",\"name\":\"Fr\u00e4nkische Frischmilch unterst\u00fctzt 720 Landwirte aus der Region - Bayern-wolln-mer.net\",\"isPartOf\":{\"@id\":\"https:\/\/www.bayern-wolln-mer.net\/blog\/#website\"},\"primaryImageOfPage\":{\"@id\":\"https:\/\/www.bayern-wolln-mer.net\/blog\/index.php\/archives\/fraenkisch\/795-frankische-frischmilch-unterstutzt-720-landwirte-aus-der-region.html#primaryimage\"},\"datePublished\":\"2010-10-05T13:41:13+00:00\",\"dateModified\":\"2010-10-12T18:44:13+00:00\",\"author\":{\"@id\":\"https:\/\/www.bayern-wolln-mer.net\/blog\/#\/schema\/person\/b9fcf524d723fdb81f40a1bed0e52f96\"},\"breadcrumb\":{\"@id\":\"https:\/\/www.bayern-wolln-mer.net\/blog\/index.php\/archives\/fraenkisch\/795-frankische-frischmilch-unterstutzt-720-landwirte-aus-der-region.html#breadcrumb\"},\"inLanguage\":\"de\",\"potentialAction\":[{\"@type\":\"ReadAction\",\"target\":[\"https:\/\/www.bayern-wolln-mer.net\/blog\/index.php\/archives\/fraenkisch\/795-frankische-frischmilch-unterstutzt-720-landwirte-aus-der-region.html\"]}]},{\"@type\":\"BreadcrumbList\",\"@id\":\"https:\/\/www.bayern-wolln-mer.net\/blog\/index.php\/archives\/fraenkisch\/795-frankische-frischmilch-unterstutzt-720-landwirte-aus-der-region.html#breadcrumb\",\"itemListElement\":[{\"@type\":\"ListItem\",\"position\":1,\"name\":\"Startseite\",\"item\":\"https:\/\/www.bayern-wolln-mer.net\/blog\"},{\"@type\":\"ListItem\",\"position\":2,\"name\":\"Fr\u00e4nkische Frischmilch unterst\u00fctzt 720 Landwirte aus der Region\"}]},{\"@type\":\"Person\",\"@id\":\"https:\/\/www.bayern-wolln-mer.net\/blog\/#\/schema\/person\/b9fcf524d723fdb81f40a1bed0e52f96\",\"name\":\"Andreas Brandl\",\"image\":{\"@type\":\"ImageObject\",\"@id\":\"https:\/\/www.bayern-wolln-mer.net\/blog\/#personlogo\",\"inLanguage\":\"de\",\"url\":\"https:\/\/secure.gravatar.com\/avatar\/7c2e8ddf168a4d43fa09a0495da2d513?s=96&d=mm&r=g\",\"contentUrl\":\"https:\/\/secure.gravatar.com\/avatar\/7c2e8ddf168a4d43fa09a0495da2d513?s=96&d=mm&r=g\",\"caption\":\"Andreas Brandl\"},\"sameAs\":[\"https:\/\/www.bayern-wolln-mer.net\"],\"url\":\"https:\/\/www.bayern-wolln-mer.net\/blog\/index.php\/archives\/author\/andy\"}]}<\/script>\n<!-- \/ Yoast SEO plugin. -->","yoast_head_json":{"robots":{"index":"index","follow":"follow","max-snippet":"max-snippet:-1","max-image-preview":"max-image-preview:large","max-video-preview":"max-video-preview:-1"},"canonical":"https:\/\/www.bayern-wolln-mer.net\/blog\/index.php\/archives\/fraenkisch\/795-frankische-frischmilch-unterstutzt-720-landwirte-aus-der-region.html","og_locale":"de_DE","og_type":"article","og_title":"Fr\u00e4nkische Frischmilch unterst\u00fctzt 720 Landwirte aus der Region - Bayern-wolln-mer.net","og_description":"Nach dem ganzen Oktoberfestwahn der verkaufenden Zunft in den letzten Wochen, kommt nun die richtige Antwort aus Franken: Unter der Dachmarke ECHT FRANKEN verkaufen nun rund 720 fr\u00e4nkische Landwirte ihre Milch in den fr\u00e4nkischen Filialen der Handelsketten REWE und Nahkauf. Ab Oktober werden die Milcht\u00fcten (ein einziger, rot-wei\u00dfer Frankenrechen) ein wichtiger Beitrag zur Strukturf\u00f6rderung in [&hellip;]","og_url":"https:\/\/www.bayern-wolln-mer.net\/blog\/index.php\/archives\/fraenkisch\/795-frankische-frischmilch-unterstutzt-720-landwirte-aus-der-region.html","og_site_name":"Bayern-wolln-mer.net","article_published_time":"2010-10-05T13:41:13+00:00","article_modified_time":"2010-10-12T18:44:13+00:00","og_image":[{"url":"https:\/\/www.bayern-wolln-mer.net\/blog\/wp-content\/uploads\/2010\/10\/Fraenkische_Frischmilch_Abb-209x300.jpg"}],"twitter_card":"summary_large_image","twitter_misc":{"Verfasst von":"Andreas Brandl","Gesch\u00e4tzte Lesezeit":"2\u00a0Minuten"},"schema":{"@context":"https:\/\/schema.org","@graph":[{"@type":"WebSite","@id":"https:\/\/www.bayern-wolln-mer.net\/blog\/#website","url":"https:\/\/www.bayern-wolln-mer.net\/blog\/","name":"Bayern-wolln-mer.net","description":"Frankenblog! Frei statt Bayern! Freiheit f\u00fcr Franken!","potentialAction":[{"@type":"SearchAction","target":{"@type":"EntryPoint","urlTemplate":"https:\/\/www.bayern-wolln-mer.net\/blog\/?s={search_term_string}"},"query-input":"required name=search_term_string"}],"inLanguage":"de"},{"@type":"ImageObject","@id":"https:\/\/www.bayern-wolln-mer.net\/blog\/index.php\/archives\/fraenkisch\/795-frankische-frischmilch-unterstutzt-720-landwirte-aus-der-region.html#primaryimage","inLanguage":"de","url":"https:\/\/i0.wp.com\/www.bayern-wolln-mer.net\/blog\/wp-content\/uploads\/2010\/10\/Fraenkische_Frischmilch_Abb.jpg?fit=2480%2C3543&ssl=1","contentUrl":"https:\/\/i0.wp.com\/www.bayern-wolln-mer.net\/blog\/wp-content\/uploads\/2010\/10\/Fraenkische_Frischmilch_Abb.jpg?fit=2480%2C3543&ssl=1","width":"2480","height":"3543"},{"@type":"WebPage","@id":"https:\/\/www.bayern-wolln-mer.net\/blog\/index.php\/archives\/fraenkisch\/795-frankische-frischmilch-unterstutzt-720-landwirte-aus-der-region.html#webpage","url":"https:\/\/www.bayern-wolln-mer.net\/blog\/index.php\/archives\/fraenkisch\/795-frankische-frischmilch-unterstutzt-720-landwirte-aus-der-region.html","name":"Fr\u00e4nkische Frischmilch unterst\u00fctzt 720 Landwirte aus der Region - Bayern-wolln-mer.net","isPartOf":{"@id":"https:\/\/www.bayern-wolln-mer.net\/blog\/#website"},"primaryImageOfPage":{"@id":"https:\/\/www.bayern-wolln-mer.net\/blog\/index.php\/archives\/fraenkisch\/795-frankische-frischmilch-unterstutzt-720-landwirte-aus-der-region.html#primaryimage"},"datePublished":"2010-10-05T13:41:13+00:00","dateModified":"2010-10-12T18:44:13+00:00","author":{"@id":"https:\/\/www.bayern-wolln-mer.net\/blog\/#\/schema\/person\/b9fcf524d723fdb81f40a1bed0e52f96"},"breadcrumb":{"@id":"https:\/\/www.bayern-wolln-mer.net\/blog\/index.php\/archives\/fraenkisch\/795-frankische-frischmilch-unterstutzt-720-landwirte-aus-der-region.html#breadcrumb"},"inLanguage":"de","potentialAction":[{"@type":"ReadAction","target":["https:\/\/www.bayern-wolln-mer.net\/blog\/index.php\/archives\/fraenkisch\/795-frankische-frischmilch-unterstutzt-720-landwirte-aus-der-region.html"]}]},{"@type":"BreadcrumbList","@id":"https:\/\/www.bayern-wolln-mer.net\/blog\/index.php\/archives\/fraenkisch\/795-frankische-frischmilch-unterstutzt-720-landwirte-aus-der-region.html#breadcrumb","itemListElement":[{"@type":"ListItem","position":1,"name":"Startseite","item":"https:\/\/www.bayern-wolln-mer.net\/blog"},{"@type":"ListItem","position":2,"name":"Fr\u00e4nkische Frischmilch unterst\u00fctzt 720 Landwirte aus der Region"}]},{"@type":"Person","@id":"https:\/\/www.bayern-wolln-mer.net\/blog\/#\/schema\/person\/b9fcf524d723fdb81f40a1bed0e52f96","name":"Andreas Brandl","image":{"@type":"ImageObject","@id":"https:\/\/www.bayern-wolln-mer.net\/blog\/#personlogo","inLanguage":"de","url":"https:\/\/secure.gravatar.com\/avatar\/7c2e8ddf168a4d43fa09a0495da2d513?s=96&d=mm&r=g","contentUrl":"https:\/\/secure.gravatar.com\/avatar\/7c2e8ddf168a4d43fa09a0495da2d513?s=96&d=mm&r=g","caption":"Andreas Brandl"},"sameAs":["https:\/\/www.bayern-wolln-mer.net"],"url":"https:\/\/www.bayern-wolln-mer.net\/blog\/index.php\/archives\/author\/andy"}]}},"jetpack_sharing_enabled":true,"jetpack_shortlink":"https:\/\/wp.me\/p7UoAp-cP","jetpack-related-posts":[],"_links":{"self":[{"href":"https:\/\/www.bayern-wolln-mer.net\/blog\/index.php\/wp-json\/wp\/v2\/posts\/795"}],"collection":[{"href":"https:\/\/www.bayern-wolln-mer.net\/blog\/index.php\/wp-json\/wp\/v2\/posts"}],"about":[{"href":"https:\/\/www.bayern-wolln-mer.net\/blog\/index.php\/wp-json\/wp\/v2\/types\/post"}],"author":[{"embeddable":true,"href":"https:\/\/www.bayern-wolln-mer.net\/blog\/index.php\/wp-json\/wp\/v2\/users\/3"}],"replies":[{"embeddable":true,"href":"https:\/\/www.bayern-wolln-mer.net\/blog\/index.php\/wp-json\/wp\/v2\/comments?post=795"}],"version-history":[{"count":11,"href":"https:\/\/www.bayern-wolln-mer.net\/blog\/index.php\/wp-json\/wp\/v2\/posts\/795\/revisions"}],"predecessor-version":[{"id":810,"href":"https:\/\/www.bayern-wolln-mer.net\/blog\/index.php\/wp-json\/wp\/v2\/posts\/795\/revisions\/810"}],"wp:attachment":[{"href":"https:\/\/www.bayern-wolln-mer.net\/blog\/index.php\/wp-json\/wp\/v2\/media?parent=795"}],"wp:term":[{"taxonomy":"category","embeddable":true,"href":"https:\/\/www.bayern-wolln-mer.net\/blog\/index.php\/wp-json\/wp\/v2\/categories?post=795"},{"taxonomy":"post_tag","embeddable":true,"href":"https:\/\/www.bayern-wolln-mer.net\/blog\/index.php\/wp-json\/wp\/v2\/tags?post=795"}],"curies":[{"name":"wp","href":"https:\/\/api.w.org\/{rel}","templated":true}]}}