{"id":859,"date":"2010-12-07T19:07:48","date_gmt":"2010-12-07T18:07:48","guid":{"rendered":"http:\/\/www.bayern-wolln-mer.net\/blog\/?p=859"},"modified":"2026-02-09T16:49:20","modified_gmt":"2026-02-09T15:49:20","slug":"die-erste-deutsche-eisenbahn-zwischen-nurnberg-und-furth","status":"publish","type":"post","link":"https:\/\/www.bayern-wolln-mer.net\/blog\/index.php\/archives\/naemberch\/859-die-erste-deutsche-eisenbahn-zwischen-nurnberg-und-furth.html","title":{"rendered":"Die erste deutsche Eisenbahn zwischen N\u00fcrnberg und F\u00fcrth"},"content":{"rendered":"<p><img data-attachment-id=\"1699\" data-permalink=\"https:\/\/www.bayern-wolln-mer.net\/blog\/index.php\/archives\/naemberch\/859-die-erste-deutsche-eisenbahn-zwischen-nurnberg-und-furth.html\/attachment\/img_0785\" data-orig-file=\"https:\/\/i2.wp.com\/www.bayern-wolln-mer.net\/blog\/wp-content\/uploads\/2021\/12\/img_0785.jpg?fit=500%2C375&amp;ssl=1\" data-orig-size=\"500,375\" data-comments-opened=\"1\" data-image-meta=\"{&quot;aperture&quot;:&quot;0&quot;,&quot;credit&quot;:&quot;&quot;,&quot;camera&quot;:&quot;&quot;,&quot;caption&quot;:&quot;&quot;,&quot;created_timestamp&quot;:&quot;1640874964&quot;,&quot;copyright&quot;:&quot;&quot;,&quot;focal_length&quot;:&quot;0&quot;,&quot;iso&quot;:&quot;0&quot;,&quot;shutter_speed&quot;:&quot;0&quot;,&quot;title&quot;:&quot;&quot;,&quot;orientation&quot;:&quot;1&quot;}\" data-image-title=\"img_0785\" data-image-description=\"\" data-medium-file=\"https:\/\/i2.wp.com\/www.bayern-wolln-mer.net\/blog\/wp-content\/uploads\/2021\/12\/img_0785.jpg?fit=300%2C225&amp;ssl=1\" data-large-file=\"https:\/\/i2.wp.com\/www.bayern-wolln-mer.net\/blog\/wp-content\/uploads\/2021\/12\/img_0785.jpg?fit=500%2C375&amp;ssl=1\" loading=\"lazy\" class=\"alignleft size-medium wp-image-1699\" src=\"https:\/\/i2.wp.com\/www.bayern-wolln-mer.net\/blog\/wp-content\/uploads\/2021\/12\/img_0785.jpg?resize=300%2C225&#038;ssl=1\" width=\"300\" height=\"225\" srcset=\"https:\/\/i2.wp.com\/www.bayern-wolln-mer.net\/blog\/wp-content\/uploads\/2021\/12\/img_0785.jpg?w=500&amp;ssl=1 500w, https:\/\/i2.wp.com\/www.bayern-wolln-mer.net\/blog\/wp-content\/uploads\/2021\/12\/img_0785.jpg?resize=300%2C225&amp;ssl=1 300w\" sizes=\"(max-width: 300px) 100vw, 300px\" data-recalc-dims=\"1\" \/>Es war ein historischer Tag: Montag, der 07.12.1835, da fuhr zwischen den beiden fr\u00e4nkischen St\u00e4dten N\u00fcrnberg und F\u00fcrth die erste deutsche Eisenbahn. Die erste auf dem europ\u00e4ischen Kontinent war es leider nicht, denn schon <a href=\"https:\/\/www.wdr.de\/themen\/kultur\/stichtag\/2010\/12\/07.jhtml?rubrikenstyle=verkehr\" target=\"_blank\" rel=\"noopener\">sieben Monate vorher verkehrte in Belgien ein Zug<\/a> auf einer \u00f6ffentlichen Strecke, trotzdem war die Neuerung sozusagen &#8220;<em>bahnbrechend<\/em>&#8221; und auch entscheidend f\u00fcr weitere wirtschaftliche Entwicklung des Landes!<\/p>\n<p>Mit <a href=\"https:\/\/www.ndr.de\/nachrichten\/info\/1825-Der-Beginn-des-Eisenbahnzeitalters,audio234176.html\" target=\"_blank\" rel=\"noopener\">35 &#8211; 40 km\/h wurden damals 200 Passagiere<\/a> mit dem &#8220;Adler&#8221; (Foto von Paul R\u00f6del) vom N\u00fcrnberger Vorort Gostenhof auf der heutigen F\u00fcrther Strasse entlang (6,2 Kilometer lange Chaussee) nach F\u00fcrth gefahren (<a href=\"https:\/\/www.stadtarchive-metropolregion-nuernberg.de\/wp-content\/uploads\/2015\/12\/Stadtarchiv_Nuernberg_E8_3658.jpg\" target=\"_blank\" rel=\"noopener\">Landkarte hier<\/a>). Das Geschwindigkeitserlebnis muss f\u00fcr damalige Verh\u00e4ltnisse so unglaublich gewesen sein, dass Pferde scheuten und Passanten erstarrten. Sp\u00e4ter dann wurde auf 25 km\/h gedrosselt, um den Verschlei\u00df an der Lokomotive zu verringern, und nur noch 3 Mal am Tag gefahren, weil die Kohle in Deutschland damals zu teuer war. Trotzdem war die Zeitersparnis damals schon revolution\u00e4r: Gegen\u00fcber der Pferdekutsche reduzierte sich die Fahrzeit von N\u00fcrnberg nach F\u00fcrth von 25 auf 15 Minuten.<\/p>\n<p><strong>Warum gerade in Franken?<\/strong><\/p>\n<p>Hin und wieder liest man, dass N\u00fcrnberg damals die einzige Stadt in S\u00fcddeutschland war, die gen\u00fcgend Schwerindustrie angesiedelt hatte um die Z\u00fcge zu bauen. Das stimmt nur zum Teil, denn der &#8220;Adler&#8221; wurde <a href=\"https:\/\/www.dradio.de\/dkultur\/sendungen\/kalenderblatt\/1335128\/\" target=\"_blank\" rel=\"noopener\">in Newcastle gebaut<\/a> und war daher ebenso ein Import aus England, wie der Lokf\u00fchrer William Wilson &#8211; der Rest, also Waggons, Schienen usw. wurde vor Ort im Frankenland hergestellt. Vielmehr war die Strecke N\u00fcrnberg-F\u00fcrth damals die meist befahrene &#8220;\u00dcberland-Strecke&#8221; in Bayern (<em><a href=\"https:\/\/www.nordbayern.de\/nuernberger-nachrichten\/nuernberg\/175-jahre-eisenbahn-rallye-an-der-further-strasse-1.75209?searched=true\" target=\"_blank\" rel=\"noopener\">\u00dcber 600.000 Personen zu Fu\u00df und fast 40.000 Fuhrwerke wurden 1833 noch auf der St\u00e4dteachse N\u00fcrnberg\/F\u00fcrth gez\u00e4hlt<\/a><\/em>) und somit der einzige Ort, wo sich dieses Projekt h\u00e4tte lohnen k\u00f6nnen.<\/p>\n<p>Im Allgemeinen war Bayern damals gar nicht so fr\u00f6hlich gestimmt \u00fcber dieses Vorhaben, wie heute in M\u00fcnchen gerne behauptet wird. Denn obwohl sie damals als &#8220;Ludwigsbahn&#8221; an den Start ging und obwohl K\u00f6nig Ludwig I. von Bayern seinen Namen daf\u00fcr hergab, zeichnete er damals gerade einmal zwei Aktien der &#8220;<em>Ludwig-Eisenbahn-Gesellschaft<\/em>&#8221; (anfangs &#8220;<em>Gesellschaft zur Errichtung einer Eisenbahn mit Dampffahrt zwischen N\u00fcrnberg und F\u00fcrth<\/em>&#8220;), die nicht nur deshalb haupts\u00e4chlich von privaten Unternehmern finanziert wurde, da der K\u00f6nig weiterhin \u00fcberzeugt war, dass der Schifffahrt die Zukunft geh\u00f6rt (<a href=\"https:\/\/de.wikipedia.org\/wiki\/Main-Donau-Kanal\" target=\"_blank\" rel=\"noopener\">Ludwig-Donau-Main-Kanal<\/a>).<\/p>\n<p>Obwohl anfangs viel im Pferdebetrieb gefahren wurde (die Kohle war zu teuer), war die &#8220;<span style=\"text-decoration: line-through;\">Bayerisch<\/span> Fr\u00e4nkische Ludwigsbahn&#8221; ein Riesenerfolg. Schon im <a href=\"https:\/\/www.nordbayern.de\/nuernberger-nachrichten\/nuernberg\/175-jahre-eisenbahn-rallye-an-der-further-strasse-1.75209?searched=true\" target=\"_blank\" rel=\"noopener\">ersten Betriebsjahr des \u201eAdlers\u201c wurden etwa 450.000 Personen<\/a> mit dem Zug bef\u00f6rdert! Allerdings blieb der Gesellschaft der geplante Weiterbau nach W\u00fcrzburg vom Staat verwehrt, was auf lange Sicht letztendlich auch das Ende Ludwigseisenbahn bedeutete (31.10.1922), da auch parallel die elektrifizierte &#8220;<a href=\"https:\/\/de.wikipedia.org\/wiki\/N%C3%BCrnberg-F%C3%BCrther_Stra%C3%9Fenbahn\" target=\"_blank\" rel=\"noopener\">N\u00fcrnberg-F\u00fcrther Stra\u00dfenbahn<\/a>&#8221; ihren Betrieb aufnahm. Dennoch bleibt es eine Erfolgsgeschichte.<\/p>\n<p><strong>Festakt zu 175 Jahre Deutsche Eisenbahn<\/strong><\/p>\n<p>Anl\u00e4sslich des Bahnjubil\u00e4ums 2010 fand in N\u00fcrnberg ein Festakt im Verkehrsmuseum statt, auf dem Bundeskanzlerin Angela Merkel und\u00a0Bahn-Chef R\u00fcdiger Grube Gru\u00dfworte \u00fcberbrachten. Trotz des <a href=\"https:\/\/www.nordbayern.de\/nuernberger-zeitung\/nuernberg-region\/ein-wandelgang-in-nurnberg-fur-die-kanzlerin-1.362248\" target=\"_blank\" rel=\"noopener\">aufw\u00e4ndigen, beheizten Wandelgang zwischen Schauspielhaus und DB-Museum<\/a>, blieben die Gesamtkosten aller Jubil\u00e4um-Veranstaltungen &#8220;im unteren einstelligen Millionenbereich&#8221;, wie die Bahn mitteilen lie\u00df. Damit stehen die Kosten bei einem F\u00fcnftel dessen, was 1985 f\u00fcr das 150-Jahre-Jubil\u00e4um ausgegeben wurde.<\/p>\n<p>F\u00fcr meinen Geschmack sollten N\u00fcrnberg und F\u00fcrth (wieder einmal) mehr daraus machen, was ihnen die Geschichte beschert hat! Man stelle sich nur mal vor, so etwas h\u00e4tte eine gewisse andere Stadt vorzuweisen, da h\u00e4tten wir jedes Jahr &#8220;<em>Eisenbahn-Festwochen<\/em>&#8221; mit &#8220;<em>Adler-Ma\u00dfen<\/em>&#8221; und im TV g\u00e4be es immer zum 7.12. eine Gala mit Stars in den Kulissen von &#8220;<a href=\"https:\/\/de.wikipedia.org\/wiki\/Bio%E2%80%99s_Bahnhof\" target=\"_blank\" rel=\"noopener\">Bios Bahnhof<\/a>&#8220;! \ud83d\ude09<\/p>\n<p><strong>Weitere Infos bei<\/strong><\/p>\n<ul>\n<li><a href=\"https:\/\/www.deutschebahn.com\/site\/dbmuseum\/de\/start.html\" target=\"_blank\" rel=\"noopener\">Verkehrsmuseum N\u00fcrnberg<\/a><\/li>\n<li><a href=\"https:\/\/de.wikipedia.org\/wiki\/Bayerische_Ludwigsbahn\" target=\"_blank\" rel=\"noopener\">Wikipedia<\/a><\/li>\n<\/ul>\n<p><strong>Veranstaltungen zum 175. Jubil\u00e4um der Bahn:<\/strong><\/p>\n<ul>\n<li>01.10.10 bis 31.12.10 N\u00fcrnberg, Nicolaus-Copernicus-Planetarium &#8220;<a href=\"https:\/\/nuernberg.de\/internet\/bahnjahr2010\/veranstaltung_planetarium.html\" target=\"_blank\" rel=\"noopener\">Vom Adler bis zum Spaceshuttle<\/a>&#8220;<\/li>\n<li>01.04.10 bis 31.12.10 F\u00fcrth, Stadtmuseum Ludwig Erhard &#8220;<a href=\"https:\/\/www.fuerth.de\/\" target=\"_blank\" rel=\"noopener\">Abseits der Modelleisenbahn &#8211; Die Welt im Kleinformat<\/a>&#8220;<\/li>\n<li>31.12.10 F\u00fcrth, Innenstadt &#8220;<a href=\"https:\/\/www.fuerth.de\/\" target=\"_blank\" rel=\"noopener\">Abschlu\u00dffest<\/a>&#8220;<\/li>\n<li>09.12.10 bis 01.05.11 N\u00fcrnberg, Germanisches Nationalmuseum &#8220;<a href=\"https:\/\/nuernberg.de\/internet\/bahnjahr2010\/veranstaltung_germanisches_nationalmuseum.html\" target=\"_blank\" rel=\"noopener\">Reisebegleiter &#8211; mehr als nur Gep\u00e4ck<\/a>&#8220;<\/li>\n<li>02.12.10 bis 05.01.11 N\u00fcrnberg, Filmhaus N\u00fcrnberg &#8220;<a href=\"https:\/\/nuernberg.de\/internet\/bahnjahr2010\/veranstaltung_schienenzeit.html\" target=\"_blank\" rel=\"noopener\">Schienenzeit &#8211; die Eisenbahn und das Kino<\/a>&#8220;<\/li>\n<li>07.12.10 bis 23.12.10 F\u00fcrth, Illumination der Hornschuchpromenade &#8220;<a href=\"https:\/\/www.fuerth.de\/\" target=\"_blank\" rel=\"noopener\">Der Adler leuchtet<\/a>&#8220;<\/li>\n<li>15.10.10 bis 31.12.10 F\u00fcrth, Stadttheater F\u00fcrth &#8220;<a href=\"https:\/\/www.stadttheater.de\/\" target=\"_blank\" rel=\"noopener\">Adler &#8211; Das Lied von der Eisenbahn<\/a>&#8220;<\/li>\n<li>07.07.10 bis 01.02.11 N\u00fcrnberg, DB Museum &#8220;<a href=\"https:\/\/www.deutschebahn.com\/site\/dbmuseum\/de\/start.html\" target=\"_blank\" rel=\"noopener\">Planet Eisenbahn<\/a>&#8220;<\/li>\n<li>13.10.10 bis 28.03.11 F\u00fcrth, J\u00fcdisches Museum Franken &#8220;<a href=\"https:\/\/www.juedisches-museum.org\/\" target=\"_blank\" rel=\"noopener\">Eisenbahngeschichten<\/a>&#8220;<\/li>\n<\/ul>\n<p><a href=\"https:\/\/www.planet-eisenbahn.de\/#de\/termine?year=2010&amp;month=11&amp;page=0\" target=\"_blank\" rel=\"noopener\">mehr hier<\/a><\/p>\n<div class=\"sharedaddy sd-sharing-enabled\"><div class=\"robots-nocontent sd-block sd-social sd-social-icon sd-sharing\"><h3 class=\"sd-title\">Share this:<\/h3><div class=\"sd-content\"><ul><li class=\"share-print\"><a rel=\"nofollow noopener noreferrer\" data-shared=\"\" class=\"share-print sd-button share-icon no-text\" href=\"https:\/\/www.bayern-wolln-mer.net\/blog\/index.php\/archives\/naemberch\/859-die-erste-deutsche-eisenbahn-zwischen-nurnberg-und-furth.html\" target=\"_blank\" title=\"Klicken zum Ausdrucken\"><span><\/span><span class=\"sharing-screen-reader-text\">Klicken zum Ausdrucken (Wird in neuem Fenster ge\u00f6ffnet)<\/span><\/a><\/li><li class=\"share-email\"><a rel=\"nofollow noopener noreferrer\" data-shared=\"\" class=\"share-email sd-button share-icon no-text\" href=\"https:\/\/www.bayern-wolln-mer.net\/blog\/index.php\/archives\/naemberch\/859-die-erste-deutsche-eisenbahn-zwischen-nurnberg-und-furth.html?share=email\" target=\"_blank\" title=\"Klick, um dies einem Freund per E-Mail zu senden\"><span><\/span><span class=\"sharing-screen-reader-text\">Klick, um dies einem Freund per E-Mail zu senden (Wird in neuem Fenster ge\u00f6ffnet)<\/span><\/a><\/li><li class=\"share-twitter\"><a rel=\"nofollow noopener noreferrer\" data-shared=\"sharing-twitter-859\" class=\"share-twitter sd-button share-icon no-text\" href=\"https:\/\/www.bayern-wolln-mer.net\/blog\/index.php\/archives\/naemberch\/859-die-erste-deutsche-eisenbahn-zwischen-nurnberg-und-furth.html?share=twitter\" target=\"_blank\" title=\"Klick, um \u00fcber Twitter zu teilen\"><span><\/span><span class=\"sharing-screen-reader-text\">Klick, um \u00fcber Twitter zu teilen (Wird in neuem Fenster ge\u00f6ffnet)<\/span><\/a><\/li><li class=\"share-jetpack-whatsapp\"><a rel=\"nofollow noopener noreferrer\" data-shared=\"\" class=\"share-jetpack-whatsapp sd-button share-icon no-text\" href=\"https:\/\/www.bayern-wolln-mer.net\/blog\/index.php\/archives\/naemberch\/859-die-erste-deutsche-eisenbahn-zwischen-nurnberg-und-furth.html?share=jetpack-whatsapp\" target=\"_blank\" title=\"Klicken, um auf WhatsApp zu teilen\"><span><\/span><span class=\"sharing-screen-reader-text\">Klicken, um auf WhatsApp zu teilen (Wird in neuem Fenster ge\u00f6ffnet)<\/span><\/a><\/li><li class=\"share-linkedin\"><a rel=\"nofollow noopener noreferrer\" data-shared=\"sharing-linkedin-859\" class=\"share-linkedin sd-button share-icon no-text\" href=\"https:\/\/www.bayern-wolln-mer.net\/blog\/index.php\/archives\/naemberch\/859-die-erste-deutsche-eisenbahn-zwischen-nurnberg-und-furth.html?share=linkedin\" target=\"_blank\" title=\"Klick, um auf LinkedIn zu teilen\"><span><\/span><span class=\"sharing-screen-reader-text\">Klick, um auf LinkedIn zu teilen (Wird in neuem Fenster ge\u00f6ffnet)<\/span><\/a><\/li><li class=\"share-reddit\"><a rel=\"nofollow noopener noreferrer\" data-shared=\"\" class=\"share-reddit sd-button share-icon no-text\" href=\"https:\/\/www.bayern-wolln-mer.net\/blog\/index.php\/archives\/naemberch\/859-die-erste-deutsche-eisenbahn-zwischen-nurnberg-und-furth.html?share=reddit\" target=\"_blank\" title=\"Klick, um auf Reddit zu teilen\"><span><\/span><span class=\"sharing-screen-reader-text\">Klick, um auf Reddit zu teilen (Wird in neuem Fenster ge\u00f6ffnet)<\/span><\/a><\/li><li class=\"share-tumblr\"><a rel=\"nofollow noopener noreferrer\" data-shared=\"\" class=\"share-tumblr sd-button share-icon no-text\" href=\"https:\/\/www.bayern-wolln-mer.net\/blog\/index.php\/archives\/naemberch\/859-die-erste-deutsche-eisenbahn-zwischen-nurnberg-und-furth.html?share=tumblr\" target=\"_blank\" title=\"Klick, um auf Tumblr zu teilen\"><span><\/span><span class=\"sharing-screen-reader-text\">Klick, um auf Tumblr zu teilen (Wird in neuem Fenster ge\u00f6ffnet)<\/span><\/a><\/li><li class=\"share-pinterest\"><a rel=\"nofollow noopener noreferrer\" data-shared=\"sharing-pinterest-859\" class=\"share-pinterest sd-button share-icon no-text\" href=\"https:\/\/www.bayern-wolln-mer.net\/blog\/index.php\/archives\/naemberch\/859-die-erste-deutsche-eisenbahn-zwischen-nurnberg-und-furth.html?share=pinterest\" target=\"_blank\" title=\"Klick, um auf Pinterest zu teilen\"><span><\/span><span class=\"sharing-screen-reader-text\">Klick, um auf Pinterest zu teilen (Wird in neuem Fenster ge\u00f6ffnet)<\/span><\/a><\/li><li class=\"share-pocket\"><a rel=\"nofollow noopener noreferrer\" data-shared=\"\" class=\"share-pocket sd-button share-icon no-text\" href=\"https:\/\/www.bayern-wolln-mer.net\/blog\/index.php\/archives\/naemberch\/859-die-erste-deutsche-eisenbahn-zwischen-nurnberg-und-furth.html?share=pocket\" target=\"_blank\" title=\"Klick, um auf Pocket zu teilen\"><span><\/span><span class=\"sharing-screen-reader-text\">Klick, um auf Pocket zu teilen (Wird in neuem Fenster ge\u00f6ffnet)<\/span><\/a><\/li><li class=\"share-telegram\"><a rel=\"nofollow noopener noreferrer\" data-shared=\"\" class=\"share-telegram sd-button share-icon no-text\" href=\"https:\/\/www.bayern-wolln-mer.net\/blog\/index.php\/archives\/naemberch\/859-die-erste-deutsche-eisenbahn-zwischen-nurnberg-und-furth.html?share=telegram\" target=\"_blank\" title=\"Klicken, um auf Telegram zu teilen\"><span><\/span><span class=\"sharing-screen-reader-text\">Klicken, um auf Telegram zu teilen (Wird in neuem Fenster ge\u00f6ffnet)<\/span><\/a><\/li><li class=\"share-skype\"><a rel=\"nofollow noopener noreferrer\" data-shared=\"sharing-skype-859\" class=\"share-skype sd-button share-icon no-text\" href=\"https:\/\/www.bayern-wolln-mer.net\/blog\/index.php\/archives\/naemberch\/859-die-erste-deutsche-eisenbahn-zwischen-nurnberg-und-furth.html?share=skype\" target=\"_blank\" title=\"Klicken, um in Skype zu teilen\"><span><\/span><span class=\"sharing-screen-reader-text\">Klicken, um in Skype zu teilen (Wird in neuem Fenster ge\u00f6ffnet)<\/span><\/a><\/li><li><a href=\"#\" class=\"sharing-anchor sd-button share-more\"><span>Mehr<\/span><\/a><\/li><li class=\"share-end\"><\/li><\/ul><div class=\"sharing-hidden\"><div class=\"inner\" style=\"display: none;width:150px;\"><ul style=\"background-image:none;\"><li class=\"share-facebook\"><a rel=\"nofollow noopener noreferrer\" data-shared=\"sharing-facebook-859\" class=\"share-facebook sd-button share-icon no-text\" href=\"https:\/\/www.bayern-wolln-mer.net\/blog\/index.php\/archives\/naemberch\/859-die-erste-deutsche-eisenbahn-zwischen-nurnberg-und-furth.html?share=facebook\" target=\"_blank\" title=\"Klick, um auf Facebook zu teilen\"><span><\/span><span class=\"sharing-screen-reader-text\">Klick, um auf Facebook zu teilen (Wird in neuem Fenster ge\u00f6ffnet)<\/span><\/a><\/li><li class=\"share-end\"><\/li><\/ul><\/div><\/div><\/div><\/div><\/div>","protected":false},"excerpt":{"rendered":"<p>Es war ein historischer Tag: Montag, der 07.12.1835, da fuhr zwischen den beiden fr\u00e4nkischen St\u00e4dten N\u00fcrnberg und F\u00fcrth die erste deutsche Eisenbahn. Die erste auf dem europ\u00e4ischen Kontinent war es leider nicht, denn schon sieben Monate vorher verkehrte in Belgien ein Zug auf einer \u00f6ffentlichen Strecke, trotzdem war die Neuerung sozusagen &#8220;bahnbrechend&#8221; und auch entscheidend [&hellip;]<\/p>\n<div class=\"sharedaddy sd-sharing-enabled\"><div class=\"robots-nocontent sd-block sd-social sd-social-icon sd-sharing\"><h3 class=\"sd-title\">Share this:<\/h3><div class=\"sd-content\"><ul><li class=\"share-print\"><a rel=\"nofollow noopener noreferrer\" data-shared=\"\" class=\"share-print sd-button share-icon no-text\" href=\"https:\/\/www.bayern-wolln-mer.net\/blog\/index.php\/archives\/naemberch\/859-die-erste-deutsche-eisenbahn-zwischen-nurnberg-und-furth.html\" target=\"_blank\" title=\"Klicken zum Ausdrucken\"><span><\/span><span class=\"sharing-screen-reader-text\">Klicken zum Ausdrucken (Wird in neuem Fenster ge\u00f6ffnet)<\/span><\/a><\/li><li class=\"share-email\"><a rel=\"nofollow noopener noreferrer\" data-shared=\"\" class=\"share-email sd-button share-icon no-text\" href=\"https:\/\/www.bayern-wolln-mer.net\/blog\/index.php\/archives\/naemberch\/859-die-erste-deutsche-eisenbahn-zwischen-nurnberg-und-furth.html?share=email\" target=\"_blank\" title=\"Klick, um dies einem Freund per E-Mail zu senden\"><span><\/span><span class=\"sharing-screen-reader-text\">Klick, um dies einem Freund per E-Mail zu senden (Wird in neuem Fenster ge\u00f6ffnet)<\/span><\/a><\/li><li class=\"share-twitter\"><a rel=\"nofollow noopener noreferrer\" data-shared=\"sharing-twitter-859\" class=\"share-twitter sd-button share-icon no-text\" href=\"https:\/\/www.bayern-wolln-mer.net\/blog\/index.php\/archives\/naemberch\/859-die-erste-deutsche-eisenbahn-zwischen-nurnberg-und-furth.html?share=twitter\" target=\"_blank\" title=\"Klick, um \u00fcber Twitter zu teilen\"><span><\/span><span class=\"sharing-screen-reader-text\">Klick, um \u00fcber Twitter zu teilen (Wird in neuem Fenster ge\u00f6ffnet)<\/span><\/a><\/li><li class=\"share-jetpack-whatsapp\"><a rel=\"nofollow noopener noreferrer\" data-shared=\"\" class=\"share-jetpack-whatsapp sd-button share-icon no-text\" href=\"https:\/\/www.bayern-wolln-mer.net\/blog\/index.php\/archives\/naemberch\/859-die-erste-deutsche-eisenbahn-zwischen-nurnberg-und-furth.html?share=jetpack-whatsapp\" target=\"_blank\" title=\"Klicken, um auf WhatsApp zu teilen\"><span><\/span><span class=\"sharing-screen-reader-text\">Klicken, um auf WhatsApp zu teilen (Wird in neuem Fenster ge\u00f6ffnet)<\/span><\/a><\/li><li class=\"share-linkedin\"><a rel=\"nofollow noopener noreferrer\" data-shared=\"sharing-linkedin-859\" class=\"share-linkedin sd-button share-icon no-text\" href=\"https:\/\/www.bayern-wolln-mer.net\/blog\/index.php\/archives\/naemberch\/859-die-erste-deutsche-eisenbahn-zwischen-nurnberg-und-furth.html?share=linkedin\" target=\"_blank\" title=\"Klick, um auf LinkedIn zu teilen\"><span><\/span><span class=\"sharing-screen-reader-text\">Klick, um auf LinkedIn zu teilen (Wird in neuem Fenster ge\u00f6ffnet)<\/span><\/a><\/li><li class=\"share-reddit\"><a rel=\"nofollow noopener noreferrer\" data-shared=\"\" class=\"share-reddit sd-button share-icon no-text\" href=\"https:\/\/www.bayern-wolln-mer.net\/blog\/index.php\/archives\/naemberch\/859-die-erste-deutsche-eisenbahn-zwischen-nurnberg-und-furth.html?share=reddit\" target=\"_blank\" title=\"Klick, um auf Reddit zu teilen\"><span><\/span><span class=\"sharing-screen-reader-text\">Klick, um auf Reddit zu teilen (Wird in neuem Fenster ge\u00f6ffnet)<\/span><\/a><\/li><li class=\"share-tumblr\"><a rel=\"nofollow noopener noreferrer\" data-shared=\"\" class=\"share-tumblr sd-button share-icon no-text\" href=\"https:\/\/www.bayern-wolln-mer.net\/blog\/index.php\/archives\/naemberch\/859-die-erste-deutsche-eisenbahn-zwischen-nurnberg-und-furth.html?share=tumblr\" target=\"_blank\" title=\"Klick, um auf Tumblr zu teilen\"><span><\/span><span class=\"sharing-screen-reader-text\">Klick, um auf Tumblr zu teilen (Wird in neuem Fenster ge\u00f6ffnet)<\/span><\/a><\/li><li class=\"share-pinterest\"><a rel=\"nofollow noopener noreferrer\" data-shared=\"sharing-pinterest-859\" class=\"share-pinterest sd-button share-icon no-text\" href=\"https:\/\/www.bayern-wolln-mer.net\/blog\/index.php\/archives\/naemberch\/859-die-erste-deutsche-eisenbahn-zwischen-nurnberg-und-furth.html?share=pinterest\" target=\"_blank\" title=\"Klick, um auf Pinterest zu teilen\"><span><\/span><span class=\"sharing-screen-reader-text\">Klick, um auf Pinterest zu teilen (Wird in neuem Fenster ge\u00f6ffnet)<\/span><\/a><\/li><li class=\"share-pocket\"><a rel=\"nofollow noopener noreferrer\" data-shared=\"\" class=\"share-pocket sd-button share-icon no-text\" href=\"https:\/\/www.bayern-wolln-mer.net\/blog\/index.php\/archives\/naemberch\/859-die-erste-deutsche-eisenbahn-zwischen-nurnberg-und-furth.html?share=pocket\" target=\"_blank\" title=\"Klick, um auf Pocket zu teilen\"><span><\/span><span class=\"sharing-screen-reader-text\">Klick, um auf Pocket zu teilen (Wird in neuem Fenster ge\u00f6ffnet)<\/span><\/a><\/li><li class=\"share-telegram\"><a rel=\"nofollow noopener noreferrer\" data-shared=\"\" class=\"share-telegram sd-button share-icon no-text\" href=\"https:\/\/www.bayern-wolln-mer.net\/blog\/index.php\/archives\/naemberch\/859-die-erste-deutsche-eisenbahn-zwischen-nurnberg-und-furth.html?share=telegram\" target=\"_blank\" title=\"Klicken, um auf Telegram zu teilen\"><span><\/span><span class=\"sharing-screen-reader-text\">Klicken, um auf Telegram zu teilen (Wird in neuem Fenster ge\u00f6ffnet)<\/span><\/a><\/li><li class=\"share-skype\"><a rel=\"nofollow noopener noreferrer\" data-shared=\"sharing-skype-859\" class=\"share-skype sd-button share-icon no-text\" href=\"https:\/\/www.bayern-wolln-mer.net\/blog\/index.php\/archives\/naemberch\/859-die-erste-deutsche-eisenbahn-zwischen-nurnberg-und-furth.html?share=skype\" target=\"_blank\" title=\"Klicken, um in Skype zu teilen\"><span><\/span><span class=\"sharing-screen-reader-text\">Klicken, um in Skype zu teilen (Wird in neuem Fenster ge\u00f6ffnet)<\/span><\/a><\/li><li><a href=\"#\" class=\"sharing-anchor sd-button share-more\"><span>Mehr<\/span><\/a><\/li><li class=\"share-end\"><\/li><\/ul><div class=\"sharing-hidden\"><div class=\"inner\" style=\"display: none;width:150px;\"><ul style=\"background-image:none;\"><li class=\"share-facebook\"><a rel=\"nofollow noopener noreferrer\" data-shared=\"sharing-facebook-859\" class=\"share-facebook sd-button share-icon no-text\" href=\"https:\/\/www.bayern-wolln-mer.net\/blog\/index.php\/archives\/naemberch\/859-die-erste-deutsche-eisenbahn-zwischen-nurnberg-und-furth.html?share=facebook\" target=\"_blank\" title=\"Klick, um auf Facebook zu teilen\"><span><\/span><span class=\"sharing-screen-reader-text\">Klick, um auf Facebook zu teilen (Wird in neuem Fenster ge\u00f6ffnet)<\/span><\/a><\/li><li class=\"share-end\"><\/li><\/ul><\/div><\/div><\/div><\/div><\/div>","protected":false},"author":3,"featured_media":0,"comment_status":"open","ping_status":"open","sticky":false,"template":"","format":"standard","meta":{"spay_email":"","jetpack_publicize_message":""},"categories":[11],"tags":[126,103,32,47],"jetpack_featured_media_url":"","jetpack_publicize_connections":[],"yoast_head":"<!-- This site is optimized with the Yoast SEO plugin v18.2 - https:\/\/yoast.com\/wordpress\/plugins\/seo\/ -->\n<meta name=\"robots\" content=\"index, follow, max-snippet:-1, max-image-preview:large, max-video-preview:-1\" \/>\n<link rel=\"canonical\" href=\"https:\/\/www.bayern-wolln-mer.net\/blog\/index.php\/archives\/naemberch\/859-die-erste-deutsche-eisenbahn-zwischen-nurnberg-und-furth.html\" \/>\n<meta property=\"og:locale\" content=\"de_DE\" \/>\n<meta property=\"og:type\" content=\"article\" \/>\n<meta property=\"og:title\" content=\"Die erste deutsche Eisenbahn zwischen N\u00fcrnberg und F\u00fcrth - Bayern-wolln-mer.net\" \/>\n<meta property=\"og:description\" content=\"Es war ein historischer Tag: Montag, der 07.12.1835, da fuhr zwischen den beiden fr\u00e4nkischen St\u00e4dten N\u00fcrnberg und F\u00fcrth die erste deutsche Eisenbahn. Die erste auf dem europ\u00e4ischen Kontinent war es leider nicht, denn schon sieben Monate vorher verkehrte in Belgien ein Zug auf einer \u00f6ffentlichen Strecke, trotzdem war die Neuerung sozusagen &#8220;bahnbrechend&#8221; und auch entscheidend [&hellip;]\" \/>\n<meta property=\"og:url\" content=\"https:\/\/www.bayern-wolln-mer.net\/blog\/index.php\/archives\/naemberch\/859-die-erste-deutsche-eisenbahn-zwischen-nurnberg-und-furth.html\" \/>\n<meta property=\"og:site_name\" content=\"Bayern-wolln-mer.net\" \/>\n<meta property=\"article:published_time\" content=\"2010-12-07T18:07:48+00:00\" \/>\n<meta property=\"article:modified_time\" content=\"2026-02-09T15:49:20+00:00\" \/>\n<meta property=\"og:image\" content=\"https:\/\/www.bayern-wolln-mer.net\/blog\/wp-content\/uploads\/2021\/12\/img_0785.jpg\" \/>\n<meta name=\"twitter:card\" content=\"summary_large_image\" \/>\n<meta name=\"twitter:label1\" content=\"Verfasst von\" \/>\n\t<meta name=\"twitter:data1\" content=\"Andreas Brandl\" \/>\n\t<meta name=\"twitter:label2\" content=\"Gesch\u00e4tzte Lesezeit\" \/>\n\t<meta name=\"twitter:data2\" content=\"4\u00a0Minuten\" \/>\n<script type=\"application\/ld+json\" class=\"yoast-schema-graph\">{\"@context\":\"https:\/\/schema.org\",\"@graph\":[{\"@type\":\"WebSite\",\"@id\":\"https:\/\/www.bayern-wolln-mer.net\/blog\/#website\",\"url\":\"https:\/\/www.bayern-wolln-mer.net\/blog\/\",\"name\":\"Bayern-wolln-mer.net\",\"description\":\"Frankenblog! Frei statt Bayern! Freiheit f\u00fcr Franken!\",\"potentialAction\":[{\"@type\":\"SearchAction\",\"target\":{\"@type\":\"EntryPoint\",\"urlTemplate\":\"https:\/\/www.bayern-wolln-mer.net\/blog\/?s={search_term_string}\"},\"query-input\":\"required name=search_term_string\"}],\"inLanguage\":\"de\"},{\"@type\":\"ImageObject\",\"@id\":\"https:\/\/www.bayern-wolln-mer.net\/blog\/index.php\/archives\/naemberch\/859-die-erste-deutsche-eisenbahn-zwischen-nurnberg-und-furth.html#primaryimage\",\"inLanguage\":\"de\",\"url\":\"https:\/\/i2.wp.com\/www.bayern-wolln-mer.net\/blog\/wp-content\/uploads\/2021\/12\/img_0785.jpg?fit=500%2C375&ssl=1\",\"contentUrl\":\"https:\/\/i2.wp.com\/www.bayern-wolln-mer.net\/blog\/wp-content\/uploads\/2021\/12\/img_0785.jpg?fit=500%2C375&ssl=1\",\"width\":500,\"height\":375},{\"@type\":\"WebPage\",\"@id\":\"https:\/\/www.bayern-wolln-mer.net\/blog\/index.php\/archives\/naemberch\/859-die-erste-deutsche-eisenbahn-zwischen-nurnberg-und-furth.html#webpage\",\"url\":\"https:\/\/www.bayern-wolln-mer.net\/blog\/index.php\/archives\/naemberch\/859-die-erste-deutsche-eisenbahn-zwischen-nurnberg-und-furth.html\",\"name\":\"Die erste deutsche Eisenbahn zwischen N\u00fcrnberg und F\u00fcrth - Bayern-wolln-mer.net\",\"isPartOf\":{\"@id\":\"https:\/\/www.bayern-wolln-mer.net\/blog\/#website\"},\"primaryImageOfPage\":{\"@id\":\"https:\/\/www.bayern-wolln-mer.net\/blog\/index.php\/archives\/naemberch\/859-die-erste-deutsche-eisenbahn-zwischen-nurnberg-und-furth.html#primaryimage\"},\"datePublished\":\"2010-12-07T18:07:48+00:00\",\"dateModified\":\"2026-02-09T15:49:20+00:00\",\"author\":{\"@id\":\"https:\/\/www.bayern-wolln-mer.net\/blog\/#\/schema\/person\/b9fcf524d723fdb81f40a1bed0e52f96\"},\"breadcrumb\":{\"@id\":\"https:\/\/www.bayern-wolln-mer.net\/blog\/index.php\/archives\/naemberch\/859-die-erste-deutsche-eisenbahn-zwischen-nurnberg-und-furth.html#breadcrumb\"},\"inLanguage\":\"de\",\"potentialAction\":[{\"@type\":\"ReadAction\",\"target\":[\"https:\/\/www.bayern-wolln-mer.net\/blog\/index.php\/archives\/naemberch\/859-die-erste-deutsche-eisenbahn-zwischen-nurnberg-und-furth.html\"]}]},{\"@type\":\"BreadcrumbList\",\"@id\":\"https:\/\/www.bayern-wolln-mer.net\/blog\/index.php\/archives\/naemberch\/859-die-erste-deutsche-eisenbahn-zwischen-nurnberg-und-furth.html#breadcrumb\",\"itemListElement\":[{\"@type\":\"ListItem\",\"position\":1,\"name\":\"Startseite\",\"item\":\"https:\/\/www.bayern-wolln-mer.net\/blog\"},{\"@type\":\"ListItem\",\"position\":2,\"name\":\"Die erste deutsche Eisenbahn zwischen N\u00fcrnberg und F\u00fcrth\"}]},{\"@type\":\"Person\",\"@id\":\"https:\/\/www.bayern-wolln-mer.net\/blog\/#\/schema\/person\/b9fcf524d723fdb81f40a1bed0e52f96\",\"name\":\"Andreas Brandl\",\"image\":{\"@type\":\"ImageObject\",\"@id\":\"https:\/\/www.bayern-wolln-mer.net\/blog\/#personlogo\",\"inLanguage\":\"de\",\"url\":\"https:\/\/secure.gravatar.com\/avatar\/7c2e8ddf168a4d43fa09a0495da2d513?s=96&d=mm&r=g\",\"contentUrl\":\"https:\/\/secure.gravatar.com\/avatar\/7c2e8ddf168a4d43fa09a0495da2d513?s=96&d=mm&r=g\",\"caption\":\"Andreas Brandl\"},\"sameAs\":[\"https:\/\/www.bayern-wolln-mer.net\"],\"url\":\"https:\/\/www.bayern-wolln-mer.net\/blog\/index.php\/archives\/author\/andy\"}]}<\/script>\n<!-- \/ Yoast SEO plugin. -->","yoast_head_json":{"robots":{"index":"index","follow":"follow","max-snippet":"max-snippet:-1","max-image-preview":"max-image-preview:large","max-video-preview":"max-video-preview:-1"},"canonical":"https:\/\/www.bayern-wolln-mer.net\/blog\/index.php\/archives\/naemberch\/859-die-erste-deutsche-eisenbahn-zwischen-nurnberg-und-furth.html","og_locale":"de_DE","og_type":"article","og_title":"Die erste deutsche Eisenbahn zwischen N\u00fcrnberg und F\u00fcrth - Bayern-wolln-mer.net","og_description":"Es war ein historischer Tag: Montag, der 07.12.1835, da fuhr zwischen den beiden fr\u00e4nkischen St\u00e4dten N\u00fcrnberg und F\u00fcrth die erste deutsche Eisenbahn. Die erste auf dem europ\u00e4ischen Kontinent war es leider nicht, denn schon sieben Monate vorher verkehrte in Belgien ein Zug auf einer \u00f6ffentlichen Strecke, trotzdem war die Neuerung sozusagen &#8220;bahnbrechend&#8221; und auch entscheidend [&hellip;]","og_url":"https:\/\/www.bayern-wolln-mer.net\/blog\/index.php\/archives\/naemberch\/859-die-erste-deutsche-eisenbahn-zwischen-nurnberg-und-furth.html","og_site_name":"Bayern-wolln-mer.net","article_published_time":"2010-12-07T18:07:48+00:00","article_modified_time":"2026-02-09T15:49:20+00:00","og_image":[{"url":"https:\/\/www.bayern-wolln-mer.net\/blog\/wp-content\/uploads\/2021\/12\/img_0785.jpg"}],"twitter_card":"summary_large_image","twitter_misc":{"Verfasst von":"Andreas Brandl","Gesch\u00e4tzte Lesezeit":"4\u00a0Minuten"},"schema":{"@context":"https:\/\/schema.org","@graph":[{"@type":"WebSite","@id":"https:\/\/www.bayern-wolln-mer.net\/blog\/#website","url":"https:\/\/www.bayern-wolln-mer.net\/blog\/","name":"Bayern-wolln-mer.net","description":"Frankenblog! Frei statt Bayern! Freiheit f\u00fcr Franken!","potentialAction":[{"@type":"SearchAction","target":{"@type":"EntryPoint","urlTemplate":"https:\/\/www.bayern-wolln-mer.net\/blog\/?s={search_term_string}"},"query-input":"required name=search_term_string"}],"inLanguage":"de"},{"@type":"ImageObject","@id":"https:\/\/www.bayern-wolln-mer.net\/blog\/index.php\/archives\/naemberch\/859-die-erste-deutsche-eisenbahn-zwischen-nurnberg-und-furth.html#primaryimage","inLanguage":"de","url":"https:\/\/i2.wp.com\/www.bayern-wolln-mer.net\/blog\/wp-content\/uploads\/2021\/12\/img_0785.jpg?fit=500%2C375&ssl=1","contentUrl":"https:\/\/i2.wp.com\/www.bayern-wolln-mer.net\/blog\/wp-content\/uploads\/2021\/12\/img_0785.jpg?fit=500%2C375&ssl=1","width":500,"height":375},{"@type":"WebPage","@id":"https:\/\/www.bayern-wolln-mer.net\/blog\/index.php\/archives\/naemberch\/859-die-erste-deutsche-eisenbahn-zwischen-nurnberg-und-furth.html#webpage","url":"https:\/\/www.bayern-wolln-mer.net\/blog\/index.php\/archives\/naemberch\/859-die-erste-deutsche-eisenbahn-zwischen-nurnberg-und-furth.html","name":"Die erste deutsche Eisenbahn zwischen N\u00fcrnberg und F\u00fcrth - Bayern-wolln-mer.net","isPartOf":{"@id":"https:\/\/www.bayern-wolln-mer.net\/blog\/#website"},"primaryImageOfPage":{"@id":"https:\/\/www.bayern-wolln-mer.net\/blog\/index.php\/archives\/naemberch\/859-die-erste-deutsche-eisenbahn-zwischen-nurnberg-und-furth.html#primaryimage"},"datePublished":"2010-12-07T18:07:48+00:00","dateModified":"2026-02-09T15:49:20+00:00","author":{"@id":"https:\/\/www.bayern-wolln-mer.net\/blog\/#\/schema\/person\/b9fcf524d723fdb81f40a1bed0e52f96"},"breadcrumb":{"@id":"https:\/\/www.bayern-wolln-mer.net\/blog\/index.php\/archives\/naemberch\/859-die-erste-deutsche-eisenbahn-zwischen-nurnberg-und-furth.html#breadcrumb"},"inLanguage":"de","potentialAction":[{"@type":"ReadAction","target":["https:\/\/www.bayern-wolln-mer.net\/blog\/index.php\/archives\/naemberch\/859-die-erste-deutsche-eisenbahn-zwischen-nurnberg-und-furth.html"]}]},{"@type":"BreadcrumbList","@id":"https:\/\/www.bayern-wolln-mer.net\/blog\/index.php\/archives\/naemberch\/859-die-erste-deutsche-eisenbahn-zwischen-nurnberg-und-furth.html#breadcrumb","itemListElement":[{"@type":"ListItem","position":1,"name":"Startseite","item":"https:\/\/www.bayern-wolln-mer.net\/blog"},{"@type":"ListItem","position":2,"name":"Die erste deutsche Eisenbahn zwischen N\u00fcrnberg und F\u00fcrth"}]},{"@type":"Person","@id":"https:\/\/www.bayern-wolln-mer.net\/blog\/#\/schema\/person\/b9fcf524d723fdb81f40a1bed0e52f96","name":"Andreas Brandl","image":{"@type":"ImageObject","@id":"https:\/\/www.bayern-wolln-mer.net\/blog\/#personlogo","inLanguage":"de","url":"https:\/\/secure.gravatar.com\/avatar\/7c2e8ddf168a4d43fa09a0495da2d513?s=96&d=mm&r=g","contentUrl":"https:\/\/secure.gravatar.com\/avatar\/7c2e8ddf168a4d43fa09a0495da2d513?s=96&d=mm&r=g","caption":"Andreas Brandl"},"sameAs":["https:\/\/www.bayern-wolln-mer.net"],"url":"https:\/\/www.bayern-wolln-mer.net\/blog\/index.php\/archives\/author\/andy"}]}},"jetpack_sharing_enabled":true,"jetpack_shortlink":"https:\/\/wp.me\/p7UoAp-dR","jetpack-related-posts":[],"_links":{"self":[{"href":"https:\/\/www.bayern-wolln-mer.net\/blog\/index.php\/wp-json\/wp\/v2\/posts\/859"}],"collection":[{"href":"https:\/\/www.bayern-wolln-mer.net\/blog\/index.php\/wp-json\/wp\/v2\/posts"}],"about":[{"href":"https:\/\/www.bayern-wolln-mer.net\/blog\/index.php\/wp-json\/wp\/v2\/types\/post"}],"author":[{"embeddable":true,"href":"https:\/\/www.bayern-wolln-mer.net\/blog\/index.php\/wp-json\/wp\/v2\/users\/3"}],"replies":[{"embeddable":true,"href":"https:\/\/www.bayern-wolln-mer.net\/blog\/index.php\/wp-json\/wp\/v2\/comments?post=859"}],"version-history":[{"count":19,"href":"https:\/\/www.bayern-wolln-mer.net\/blog\/index.php\/wp-json\/wp\/v2\/posts\/859\/revisions"}],"predecessor-version":[{"id":1777,"href":"https:\/\/www.bayern-wolln-mer.net\/blog\/index.php\/wp-json\/wp\/v2\/posts\/859\/revisions\/1777"}],"wp:attachment":[{"href":"https:\/\/www.bayern-wolln-mer.net\/blog\/index.php\/wp-json\/wp\/v2\/media?parent=859"}],"wp:term":[{"taxonomy":"category","embeddable":true,"href":"https:\/\/www.bayern-wolln-mer.net\/blog\/index.php\/wp-json\/wp\/v2\/categories?post=859"},{"taxonomy":"post_tag","embeddable":true,"href":"https:\/\/www.bayern-wolln-mer.net\/blog\/index.php\/wp-json\/wp\/v2\/tags?post=859"}],"curies":[{"name":"wp","href":"https:\/\/api.w.org\/{rel}","templated":true}]}}