{"id":93,"date":"2007-10-12T12:51:27","date_gmt":"2007-10-12T10:51:27","guid":{"rendered":"http:\/\/bayern-wolln-mer.net\/blog\/index.php\/archives\/franken-in-europa\/93-das-fraenkische-jahr-der-pott-ist-in-franken.html"},"modified":"2010-06-17T21:16:53","modified_gmt":"2010-06-17T20:16:53","slug":"das-fraenkische-jahr-der-pott-ist-in-franken","status":"publish","type":"post","link":"https:\/\/www.bayern-wolln-mer.net\/blog\/index.php\/archives\/franken-in-europa\/93-das-fraenkische-jahr-der-pott-ist-in-franken.html","title":{"rendered":"Das fr\u00e4nkische Jahr: Der Pott ist in Franken"},"content":{"rendered":"<p><img src=\"https:\/\/i1.wp.com\/www.bayern-wolln-mer.net\/Pokalsieg_Nuernberg_Hauptmarkt.jpg?ssl=1\" alt=\"Pokalsieger 1.FC N\u00fcrnberg Empfang am Hauptmarkt\" align=\"left\" data-recalc-dims=\"1\" \/><strong>Was f\u00fcr ein Jahr f\u00fcr uns Franken!<\/strong> Wann konnten wir zuletzt so viel feiern wie in diesem Jahr?<\/p>\n<p>Vorallem f\u00fcr den Sport im Frankenland ist es ein denkw\u00fcrdiges Jahr! Und nachdem gestern auch noch die <strong>Brose Baskets Bamberg<\/strong> eingeh\u00fcllt in <a title=\"Frankenflagge darf zum Tag der Franken wehen\" href=\"https:\/\/bayern-wolln-mer.net\/blog\/index.php\/archives\/franken-bayern\/92-frankenflagge-darf-wehen.html\" target=\"_blank\">Frankenfahnen<\/a> ihren zweiten Deutschen Meister-Titel nach 2005 feiern konnten, k\u00f6nnen wir alle <a title=\"Tourismusverband Franken e. V.\" href=\"https:\/\/www.frankentourismus.com\/\" target=\"_blank\">zwischen Spessart, Rh\u00f6n, Taubertal, Altm\u00fchltal, Frankenwald und Fichtelgebirge<\/a> mit stolz sagen, wir sind:<\/p>\n<ul>\n<li><strong><a title=\"Glubb\" href=\"https:\/\/n-town.de\/glubbblog\/index.php\/archives\/dfb-pokal\/114-der-1fc-nuernberg-ist-dfb-pokalsieger-2007.html\" target=\"_blank\">DFB-Pokalsieger 2007<\/a><\/strong> (1.FC N\u00fcrnberg)<\/li>\n<li><strong>Deutscher Basketball Meister 2007<\/strong> (Brose Baskets Bamberg)<\/li>\n<li><a title=\"FCN Handballdamen sind Deutscher Meister\" href=\"https:\/\/n-town.de\/glubbblog\/index.php\/archives\/glubb-news\/108-handball-damen-deutscher-meister-1fcn-erhaelt-lizenz.html\" target=\"_blank\"><strong>Deutscher Handball Meister 2007<\/strong><\/a> (FCN Handball-Damen)<\/li>\n<li><strong><a title=\"N\u00fcrnberg Ice Tigers\" href=\"https:\/\/www.icetigers.de\/\" target=\"_blank\">Deutscher Eishockey Vizemeister 2007<\/a><\/strong> (Sinupret Ice Tigers N\u00fcrnberg)<\/li>\n<li><strong><a title=\"Deutscher Meister und Champions Leaque Sieger\" href=\"https:\/\/www.skcvictoria.de\/\" target=\"_blank\">Deutscher Kegel Meister und Champions Leaque Sieger 2007<\/a><\/strong> (SKC Victoria 1947 Bamberg e. V.)<\/li>\n<\/ul>\n<p>Und ich bin mir sicher, dass es noch mehr Titel f\u00fcr uns Franken gab! Auch die <a href=\"https:\/\/basketball.tsvbreitenguessbach.de\/index.php?option=com_content&amp;task=view&amp;id=426&amp;Itemid=71\" target=\"_blank\">\u00dc40-Basketballer des TSV Breiteng\u00fcssbach<\/a> seien hier erw\u00e4hnt, die in diesem Jahr <strong>Vizemeister<\/strong> wurden! Wer mir noch einen <strong>Franken-Titel f\u00fcr 2007<\/strong> nennen kann, bitte einen <strong>Kommentar<\/strong> hinterlassen!<\/p>\n<p><strong>Ich finde&#8230;<\/strong><\/p>\n<p>&#8230;dass das dem fr\u00e4nkischen Selbstbewu\u00dftsein einen ordentlichen Schub gibt! Gerade beim <strong>Pokalsieg des FCN<\/strong> und bei den <strong>Bamberger Basketballern<\/strong> war an allen Ecken und Enden der <a title=\"Fr\u00e4nkische Rechen das Wappen Frankens\" href=\"https:\/\/de.wikipedia.org\/wiki\/Fr%C3%A4nkischer_Rechen\" target=\"_blank\"><strong>Fr\u00e4nkische Rechen<\/strong><\/a> zu sehen! Die Presse berichtete von den <strong>feiernden Franken<\/strong> und vergab sogar <strong>Titel<\/strong> (&#8220;<a title=\"sport.msn.de\" href=\"https:\/\/sport.msn.de\/msn\/generated\/article\/fussball\/2007\/05\/27\/6547600000.html\" target=\"_blank\">Franken-K\u00f6nig Hans Meyer<\/a>&#8220;)! So langsam erkennt es jeder: <strong><a title=\"Franken sind keine Bayern\" href=\"https:\/\/bayern-wolln-mer.net\/blog\/index.php\/archives\/allgemein\/28-ist-franken-die-elite-bayerns-google-antwortet.html\" target=\"_blank\">Wir sind Franken, und keine Bayern!<\/a><\/strong><\/p>\n<p>So kann und soll es weitergehen!! \ud83d\ude42<\/p>\n<p><strong>Update: <\/strong>Und so geht es auch weiter! Auf jeden Fall muss hier erw\u00e4hnt werden, dass drei (!) N\u00fcrnberger Hockey-Mannschaften dieses Jahr in die 1. Liga aufgestiegen sind:<\/p>\n<ul>\n<li><a title=\"hgnuernberg.de Erwachsene\" href=\"https:\/\/www.hgnuernberg.de\/html\/erwachsene.html\" target=\"_blank\"><strong>HGN N\u00fcrnberg Damen nach 8 Jahren endlich wieder erstklassig<\/strong><\/a>!<\/li>\n<li><a title=\"hgnuernberg.de aktuell\" href=\"https:\/\/www.hgnuernberg.de\/html\/aktuelles.html\" target=\"_blank\"><strong>HGN N\u00fcrnberg Herren nach 36 Jahren wieder erste Liga<\/strong><\/a>!<\/li>\n<li><a title=\"Drei Tore machten am Ende den Unterschied einer ganzen Saison \" href=\"https:\/\/www.nhtc.de\/allgemein\/aktuell\/aktuell.php?indexaktuell=1&amp;shownews=100166\" target=\"_blank\"><strong>NHTC N\u00fcrnberg erstmals in ihrer Vereinsgeschichte erstklassig<\/strong><\/a>! (<a title=\"Hockey-M\u00e4nner schaffen Aufstieg in Bundesliga\" href=\"https:\/\/www.sonntagsblitz.de\/artikel.asp?art=664651&amp;kat=238&amp;man=3\" target=\"_blank\">Sonntagsblitz<\/a>)<\/li>\n<\/ul>\n<p>Alle drei waren heute bei <a href=\"https:\/\/www.bayern-wolln-mer.net\/blog\/index.php\/archives\/franke-des-tages\/205-franke-des-tages-ulrich-maly.html\" target=\"_blank\"><strong>Dr. Ulrich Maly<\/strong><\/a> und trugen sich ins Goldene Buch der Stadt ein!<\/p>\n<p><strong>Update 2:<\/strong> Weltmeistertitel im Splashdiving (Arschbomben)!<\/p>\n<p>Der Bayreuther <a title=\"Wikipedia\" href=\"https:\/\/de.wikipedia.org\/wiki\/Christian_Guth\" target=\"_blank\"><strong>Christian &#8220;L-Vis&#8221; Guth<\/strong><\/a> (22, &#8220;Elvis&#8221;) sprang im Finale &#8220;einen Dreifach-Salto mit halber Schraube, eingetaucht als Open Board&#8221; und holte damit den <a title=\"Weltmeistertitel im Splashdiving (Arschbomben) bleibt in Oberfranken\" href=\"https:\/\/in-oberfranken.de\/?p=101\" target=\"_blank\"><strong>WM-Titel nach 2006 erneut nach Bayreuth<\/strong><\/a>!<\/p>\n<div class=\"sharedaddy sd-sharing-enabled\"><div class=\"robots-nocontent sd-block sd-social sd-social-icon sd-sharing\"><h3 class=\"sd-title\">Share this:<\/h3><div class=\"sd-content\"><ul><li class=\"share-print\"><a rel=\"nofollow noopener noreferrer\" data-shared=\"\" class=\"share-print sd-button share-icon no-text\" href=\"https:\/\/www.bayern-wolln-mer.net\/blog\/index.php\/archives\/franken-in-europa\/93-das-fraenkische-jahr-der-pott-ist-in-franken.html\" target=\"_blank\" title=\"Klicken zum Ausdrucken\"><span><\/span><span class=\"sharing-screen-reader-text\">Klicken zum Ausdrucken (Wird in neuem Fenster ge\u00f6ffnet)<\/span><\/a><\/li><li class=\"share-email\"><a rel=\"nofollow noopener noreferrer\" data-shared=\"\" class=\"share-email sd-button share-icon no-text\" href=\"https:\/\/www.bayern-wolln-mer.net\/blog\/index.php\/archives\/franken-in-europa\/93-das-fraenkische-jahr-der-pott-ist-in-franken.html?share=email\" target=\"_blank\" title=\"Klick, um dies einem Freund per E-Mail zu senden\"><span><\/span><span class=\"sharing-screen-reader-text\">Klick, um dies einem Freund per E-Mail zu senden (Wird in neuem Fenster ge\u00f6ffnet)<\/span><\/a><\/li><li class=\"share-twitter\"><a rel=\"nofollow noopener noreferrer\" data-shared=\"sharing-twitter-93\" class=\"share-twitter sd-button share-icon no-text\" href=\"https:\/\/www.bayern-wolln-mer.net\/blog\/index.php\/archives\/franken-in-europa\/93-das-fraenkische-jahr-der-pott-ist-in-franken.html?share=twitter\" target=\"_blank\" title=\"Klick, um \u00fcber Twitter zu teilen\"><span><\/span><span class=\"sharing-screen-reader-text\">Klick, um \u00fcber Twitter zu teilen (Wird in neuem Fenster ge\u00f6ffnet)<\/span><\/a><\/li><li class=\"share-jetpack-whatsapp\"><a rel=\"nofollow noopener noreferrer\" data-shared=\"\" class=\"share-jetpack-whatsapp sd-button share-icon no-text\" href=\"https:\/\/www.bayern-wolln-mer.net\/blog\/index.php\/archives\/franken-in-europa\/93-das-fraenkische-jahr-der-pott-ist-in-franken.html?share=jetpack-whatsapp\" target=\"_blank\" title=\"Klicken, um auf WhatsApp zu teilen\"><span><\/span><span class=\"sharing-screen-reader-text\">Klicken, um auf WhatsApp zu teilen (Wird in neuem Fenster ge\u00f6ffnet)<\/span><\/a><\/li><li class=\"share-linkedin\"><a rel=\"nofollow noopener noreferrer\" data-shared=\"sharing-linkedin-93\" class=\"share-linkedin sd-button share-icon no-text\" href=\"https:\/\/www.bayern-wolln-mer.net\/blog\/index.php\/archives\/franken-in-europa\/93-das-fraenkische-jahr-der-pott-ist-in-franken.html?share=linkedin\" target=\"_blank\" title=\"Klick, um auf LinkedIn zu teilen\"><span><\/span><span class=\"sharing-screen-reader-text\">Klick, um auf LinkedIn zu teilen (Wird in neuem Fenster ge\u00f6ffnet)<\/span><\/a><\/li><li class=\"share-reddit\"><a rel=\"nofollow noopener noreferrer\" data-shared=\"\" class=\"share-reddit sd-button share-icon no-text\" href=\"https:\/\/www.bayern-wolln-mer.net\/blog\/index.php\/archives\/franken-in-europa\/93-das-fraenkische-jahr-der-pott-ist-in-franken.html?share=reddit\" target=\"_blank\" title=\"Klick, um auf Reddit zu teilen\"><span><\/span><span class=\"sharing-screen-reader-text\">Klick, um auf Reddit zu teilen (Wird in neuem Fenster ge\u00f6ffnet)<\/span><\/a><\/li><li class=\"share-tumblr\"><a rel=\"nofollow noopener noreferrer\" data-shared=\"\" class=\"share-tumblr sd-button share-icon no-text\" href=\"https:\/\/www.bayern-wolln-mer.net\/blog\/index.php\/archives\/franken-in-europa\/93-das-fraenkische-jahr-der-pott-ist-in-franken.html?share=tumblr\" target=\"_blank\" title=\"Klick, um auf Tumblr zu teilen\"><span><\/span><span class=\"sharing-screen-reader-text\">Klick, um auf Tumblr zu teilen (Wird in neuem Fenster ge\u00f6ffnet)<\/span><\/a><\/li><li class=\"share-pinterest\"><a rel=\"nofollow noopener noreferrer\" data-shared=\"sharing-pinterest-93\" class=\"share-pinterest sd-button share-icon no-text\" href=\"https:\/\/www.bayern-wolln-mer.net\/blog\/index.php\/archives\/franken-in-europa\/93-das-fraenkische-jahr-der-pott-ist-in-franken.html?share=pinterest\" target=\"_blank\" title=\"Klick, um auf Pinterest zu teilen\"><span><\/span><span class=\"sharing-screen-reader-text\">Klick, um auf Pinterest zu teilen (Wird in neuem Fenster ge\u00f6ffnet)<\/span><\/a><\/li><li class=\"share-pocket\"><a rel=\"nofollow noopener noreferrer\" data-shared=\"\" class=\"share-pocket sd-button share-icon no-text\" href=\"https:\/\/www.bayern-wolln-mer.net\/blog\/index.php\/archives\/franken-in-europa\/93-das-fraenkische-jahr-der-pott-ist-in-franken.html?share=pocket\" target=\"_blank\" title=\"Klick, um auf Pocket zu teilen\"><span><\/span><span class=\"sharing-screen-reader-text\">Klick, um auf Pocket zu teilen (Wird in neuem Fenster ge\u00f6ffnet)<\/span><\/a><\/li><li class=\"share-telegram\"><a rel=\"nofollow noopener noreferrer\" data-shared=\"\" class=\"share-telegram sd-button share-icon no-text\" href=\"https:\/\/www.bayern-wolln-mer.net\/blog\/index.php\/archives\/franken-in-europa\/93-das-fraenkische-jahr-der-pott-ist-in-franken.html?share=telegram\" target=\"_blank\" title=\"Klicken, um auf Telegram zu teilen\"><span><\/span><span class=\"sharing-screen-reader-text\">Klicken, um auf Telegram zu teilen (Wird in neuem Fenster ge\u00f6ffnet)<\/span><\/a><\/li><li class=\"share-skype\"><a rel=\"nofollow noopener noreferrer\" data-shared=\"sharing-skype-93\" class=\"share-skype sd-button share-icon no-text\" href=\"https:\/\/www.bayern-wolln-mer.net\/blog\/index.php\/archives\/franken-in-europa\/93-das-fraenkische-jahr-der-pott-ist-in-franken.html?share=skype\" target=\"_blank\" title=\"Klicken, um in Skype zu teilen\"><span><\/span><span class=\"sharing-screen-reader-text\">Klicken, um in Skype zu teilen (Wird in neuem Fenster ge\u00f6ffnet)<\/span><\/a><\/li><li><a href=\"#\" class=\"sharing-anchor sd-button share-more\"><span>Mehr<\/span><\/a><\/li><li class=\"share-end\"><\/li><\/ul><div class=\"sharing-hidden\"><div class=\"inner\" style=\"display: none;width:150px;\"><ul style=\"background-image:none;\"><li class=\"share-facebook\"><a rel=\"nofollow noopener noreferrer\" data-shared=\"sharing-facebook-93\" class=\"share-facebook sd-button share-icon no-text\" href=\"https:\/\/www.bayern-wolln-mer.net\/blog\/index.php\/archives\/franken-in-europa\/93-das-fraenkische-jahr-der-pott-ist-in-franken.html?share=facebook\" target=\"_blank\" title=\"Klick, um auf Facebook zu teilen\"><span><\/span><span class=\"sharing-screen-reader-text\">Klick, um auf Facebook zu teilen (Wird in neuem Fenster ge\u00f6ffnet)<\/span><\/a><\/li><li class=\"share-end\"><\/li><\/ul><\/div><\/div><\/div><\/div><\/div>","protected":false},"excerpt":{"rendered":"<p>Was f\u00fcr ein Jahr f\u00fcr uns Franken! Wann konnten wir zuletzt so viel feiern wie in diesem Jahr? Vorallem f\u00fcr den Sport im Frankenland ist es ein denkw\u00fcrdiges Jahr! Und nachdem gestern auch noch die Brose Baskets Bamberg eingeh\u00fcllt in Frankenfahnen ihren zweiten Deutschen Meister-Titel nach 2005 feiern konnten, k\u00f6nnen wir alle zwischen Spessart, Rh\u00f6n, [&hellip;]<\/p>\n<div class=\"sharedaddy sd-sharing-enabled\"><div class=\"robots-nocontent sd-block sd-social sd-social-icon sd-sharing\"><h3 class=\"sd-title\">Share this:<\/h3><div class=\"sd-content\"><ul><li class=\"share-print\"><a rel=\"nofollow noopener noreferrer\" data-shared=\"\" class=\"share-print sd-button share-icon no-text\" href=\"https:\/\/www.bayern-wolln-mer.net\/blog\/index.php\/archives\/franken-in-europa\/93-das-fraenkische-jahr-der-pott-ist-in-franken.html\" target=\"_blank\" title=\"Klicken zum Ausdrucken\"><span><\/span><span class=\"sharing-screen-reader-text\">Klicken zum Ausdrucken (Wird in neuem Fenster ge\u00f6ffnet)<\/span><\/a><\/li><li class=\"share-email\"><a rel=\"nofollow noopener noreferrer\" data-shared=\"\" class=\"share-email sd-button share-icon no-text\" href=\"https:\/\/www.bayern-wolln-mer.net\/blog\/index.php\/archives\/franken-in-europa\/93-das-fraenkische-jahr-der-pott-ist-in-franken.html?share=email\" target=\"_blank\" title=\"Klick, um dies einem Freund per E-Mail zu senden\"><span><\/span><span class=\"sharing-screen-reader-text\">Klick, um dies einem Freund per E-Mail zu senden (Wird in neuem Fenster ge\u00f6ffnet)<\/span><\/a><\/li><li class=\"share-twitter\"><a rel=\"nofollow noopener noreferrer\" data-shared=\"sharing-twitter-93\" class=\"share-twitter sd-button share-icon no-text\" href=\"https:\/\/www.bayern-wolln-mer.net\/blog\/index.php\/archives\/franken-in-europa\/93-das-fraenkische-jahr-der-pott-ist-in-franken.html?share=twitter\" target=\"_blank\" title=\"Klick, um \u00fcber Twitter zu teilen\"><span><\/span><span class=\"sharing-screen-reader-text\">Klick, um \u00fcber Twitter zu teilen (Wird in neuem Fenster ge\u00f6ffnet)<\/span><\/a><\/li><li class=\"share-jetpack-whatsapp\"><a rel=\"nofollow noopener noreferrer\" data-shared=\"\" class=\"share-jetpack-whatsapp sd-button share-icon no-text\" href=\"https:\/\/www.bayern-wolln-mer.net\/blog\/index.php\/archives\/franken-in-europa\/93-das-fraenkische-jahr-der-pott-ist-in-franken.html?share=jetpack-whatsapp\" target=\"_blank\" title=\"Klicken, um auf WhatsApp zu teilen\"><span><\/span><span class=\"sharing-screen-reader-text\">Klicken, um auf WhatsApp zu teilen (Wird in neuem Fenster ge\u00f6ffnet)<\/span><\/a><\/li><li class=\"share-linkedin\"><a rel=\"nofollow noopener noreferrer\" data-shared=\"sharing-linkedin-93\" class=\"share-linkedin sd-button share-icon no-text\" href=\"https:\/\/www.bayern-wolln-mer.net\/blog\/index.php\/archives\/franken-in-europa\/93-das-fraenkische-jahr-der-pott-ist-in-franken.html?share=linkedin\" target=\"_blank\" title=\"Klick, um auf LinkedIn zu teilen\"><span><\/span><span class=\"sharing-screen-reader-text\">Klick, um auf LinkedIn zu teilen (Wird in neuem Fenster ge\u00f6ffnet)<\/span><\/a><\/li><li class=\"share-reddit\"><a rel=\"nofollow noopener noreferrer\" data-shared=\"\" class=\"share-reddit sd-button share-icon no-text\" href=\"https:\/\/www.bayern-wolln-mer.net\/blog\/index.php\/archives\/franken-in-europa\/93-das-fraenkische-jahr-der-pott-ist-in-franken.html?share=reddit\" target=\"_blank\" title=\"Klick, um auf Reddit zu teilen\"><span><\/span><span class=\"sharing-screen-reader-text\">Klick, um auf Reddit zu teilen (Wird in neuem Fenster ge\u00f6ffnet)<\/span><\/a><\/li><li class=\"share-tumblr\"><a rel=\"nofollow noopener noreferrer\" data-shared=\"\" class=\"share-tumblr sd-button share-icon no-text\" href=\"https:\/\/www.bayern-wolln-mer.net\/blog\/index.php\/archives\/franken-in-europa\/93-das-fraenkische-jahr-der-pott-ist-in-franken.html?share=tumblr\" target=\"_blank\" title=\"Klick, um auf Tumblr zu teilen\"><span><\/span><span class=\"sharing-screen-reader-text\">Klick, um auf Tumblr zu teilen (Wird in neuem Fenster ge\u00f6ffnet)<\/span><\/a><\/li><li class=\"share-pinterest\"><a rel=\"nofollow noopener noreferrer\" data-shared=\"sharing-pinterest-93\" class=\"share-pinterest sd-button share-icon no-text\" href=\"https:\/\/www.bayern-wolln-mer.net\/blog\/index.php\/archives\/franken-in-europa\/93-das-fraenkische-jahr-der-pott-ist-in-franken.html?share=pinterest\" target=\"_blank\" title=\"Klick, um auf Pinterest zu teilen\"><span><\/span><span class=\"sharing-screen-reader-text\">Klick, um auf Pinterest zu teilen (Wird in neuem Fenster ge\u00f6ffnet)<\/span><\/a><\/li><li class=\"share-pocket\"><a rel=\"nofollow noopener noreferrer\" data-shared=\"\" class=\"share-pocket sd-button share-icon no-text\" href=\"https:\/\/www.bayern-wolln-mer.net\/blog\/index.php\/archives\/franken-in-europa\/93-das-fraenkische-jahr-der-pott-ist-in-franken.html?share=pocket\" target=\"_blank\" title=\"Klick, um auf Pocket zu teilen\"><span><\/span><span class=\"sharing-screen-reader-text\">Klick, um auf Pocket zu teilen (Wird in neuem Fenster ge\u00f6ffnet)<\/span><\/a><\/li><li class=\"share-telegram\"><a rel=\"nofollow noopener noreferrer\" data-shared=\"\" class=\"share-telegram sd-button share-icon no-text\" href=\"https:\/\/www.bayern-wolln-mer.net\/blog\/index.php\/archives\/franken-in-europa\/93-das-fraenkische-jahr-der-pott-ist-in-franken.html?share=telegram\" target=\"_blank\" title=\"Klicken, um auf Telegram zu teilen\"><span><\/span><span class=\"sharing-screen-reader-text\">Klicken, um auf Telegram zu teilen (Wird in neuem Fenster ge\u00f6ffnet)<\/span><\/a><\/li><li class=\"share-skype\"><a rel=\"nofollow noopener noreferrer\" data-shared=\"sharing-skype-93\" class=\"share-skype sd-button share-icon no-text\" href=\"https:\/\/www.bayern-wolln-mer.net\/blog\/index.php\/archives\/franken-in-europa\/93-das-fraenkische-jahr-der-pott-ist-in-franken.html?share=skype\" target=\"_blank\" title=\"Klicken, um in Skype zu teilen\"><span><\/span><span class=\"sharing-screen-reader-text\">Klicken, um in Skype zu teilen (Wird in neuem Fenster ge\u00f6ffnet)<\/span><\/a><\/li><li><a href=\"#\" class=\"sharing-anchor sd-button share-more\"><span>Mehr<\/span><\/a><\/li><li class=\"share-end\"><\/li><\/ul><div class=\"sharing-hidden\"><div class=\"inner\" style=\"display: none;width:150px;\"><ul style=\"background-image:none;\"><li class=\"share-facebook\"><a rel=\"nofollow noopener noreferrer\" data-shared=\"sharing-facebook-93\" class=\"share-facebook sd-button share-icon no-text\" href=\"https:\/\/www.bayern-wolln-mer.net\/blog\/index.php\/archives\/franken-in-europa\/93-das-fraenkische-jahr-der-pott-ist-in-franken.html?share=facebook\" target=\"_blank\" title=\"Klick, um auf Facebook zu teilen\"><span><\/span><span class=\"sharing-screen-reader-text\">Klick, um auf Facebook zu teilen (Wird in neuem Fenster ge\u00f6ffnet)<\/span><\/a><\/li><li class=\"share-end\"><\/li><\/ul><\/div><\/div><\/div><\/div><\/div>","protected":false},"author":3,"featured_media":0,"comment_status":"open","ping_status":"open","sticky":false,"template":"","format":"standard","meta":{"spay_email":"","jetpack_publicize_message":""},"categories":[3,11],"tags":[140,139,47],"jetpack_featured_media_url":"","jetpack_publicize_connections":[],"yoast_head":"<!-- This site is optimized with the Yoast SEO plugin v18.2 - https:\/\/yoast.com\/wordpress\/plugins\/seo\/ -->\n<meta name=\"robots\" content=\"index, follow, max-snippet:-1, max-image-preview:large, max-video-preview:-1\" \/>\n<link rel=\"canonical\" href=\"https:\/\/www.bayern-wolln-mer.net\/blog\/index.php\/archives\/franken-in-europa\/93-das-fraenkische-jahr-der-pott-ist-in-franken.html\" \/>\n<meta property=\"og:locale\" content=\"de_DE\" \/>\n<meta property=\"og:type\" content=\"article\" \/>\n<meta property=\"og:title\" content=\"Das fr\u00e4nkische Jahr: Der Pott ist in Franken - Bayern-wolln-mer.net\" \/>\n<meta property=\"og:description\" content=\"Was f\u00fcr ein Jahr f\u00fcr uns Franken! Wann konnten wir zuletzt so viel feiern wie in diesem Jahr? Vorallem f\u00fcr den Sport im Frankenland ist es ein denkw\u00fcrdiges Jahr! Und nachdem gestern auch noch die Brose Baskets Bamberg eingeh\u00fcllt in Frankenfahnen ihren zweiten Deutschen Meister-Titel nach 2005 feiern konnten, k\u00f6nnen wir alle zwischen Spessart, Rh\u00f6n, [&hellip;]\" \/>\n<meta property=\"og:url\" content=\"https:\/\/www.bayern-wolln-mer.net\/blog\/index.php\/archives\/franken-in-europa\/93-das-fraenkische-jahr-der-pott-ist-in-franken.html\" \/>\n<meta property=\"og:site_name\" content=\"Bayern-wolln-mer.net\" \/>\n<meta property=\"article:published_time\" content=\"2007-10-12T10:51:27+00:00\" \/>\n<meta property=\"article:modified_time\" content=\"2010-06-17T20:16:53+00:00\" \/>\n<meta property=\"og:image\" content=\"https:\/\/www.bayern-wolln-mer.net\/Pokalsieg_Nuernberg_Hauptmarkt.jpg\" \/>\n<meta name=\"twitter:card\" content=\"summary_large_image\" \/>\n<meta name=\"twitter:label1\" content=\"Verfasst von\" \/>\n\t<meta name=\"twitter:data1\" content=\"Andreas Brandl\" \/>\n\t<meta name=\"twitter:label2\" content=\"Gesch\u00e4tzte Lesezeit\" \/>\n\t<meta name=\"twitter:data2\" content=\"2\u00a0Minuten\" \/>\n<script type=\"application\/ld+json\" class=\"yoast-schema-graph\">{\"@context\":\"https:\/\/schema.org\",\"@graph\":[{\"@type\":\"WebSite\",\"@id\":\"https:\/\/www.bayern-wolln-mer.net\/blog\/#website\",\"url\":\"https:\/\/www.bayern-wolln-mer.net\/blog\/\",\"name\":\"Bayern-wolln-mer.net\",\"description\":\"Frankenblog! Frei statt Bayern! Freiheit f\u00fcr Franken!\",\"potentialAction\":[{\"@type\":\"SearchAction\",\"target\":{\"@type\":\"EntryPoint\",\"urlTemplate\":\"https:\/\/www.bayern-wolln-mer.net\/blog\/?s={search_term_string}\"},\"query-input\":\"required name=search_term_string\"}],\"inLanguage\":\"de\"},{\"@type\":\"ImageObject\",\"@id\":\"https:\/\/www.bayern-wolln-mer.net\/blog\/index.php\/archives\/franken-in-europa\/93-das-fraenkische-jahr-der-pott-ist-in-franken.html#primaryimage\",\"inLanguage\":\"de\",\"url\":\"https:\/\/www.bayern-wolln-mer.net\/Pokalsieg_Nuernberg_Hauptmarkt.jpg\",\"contentUrl\":\"https:\/\/www.bayern-wolln-mer.net\/Pokalsieg_Nuernberg_Hauptmarkt.jpg\"},{\"@type\":\"WebPage\",\"@id\":\"https:\/\/www.bayern-wolln-mer.net\/blog\/index.php\/archives\/franken-in-europa\/93-das-fraenkische-jahr-der-pott-ist-in-franken.html#webpage\",\"url\":\"https:\/\/www.bayern-wolln-mer.net\/blog\/index.php\/archives\/franken-in-europa\/93-das-fraenkische-jahr-der-pott-ist-in-franken.html\",\"name\":\"Das fr\u00e4nkische Jahr: Der Pott ist in Franken - Bayern-wolln-mer.net\",\"isPartOf\":{\"@id\":\"https:\/\/www.bayern-wolln-mer.net\/blog\/#website\"},\"primaryImageOfPage\":{\"@id\":\"https:\/\/www.bayern-wolln-mer.net\/blog\/index.php\/archives\/franken-in-europa\/93-das-fraenkische-jahr-der-pott-ist-in-franken.html#primaryimage\"},\"datePublished\":\"2007-10-12T10:51:27+00:00\",\"dateModified\":\"2010-06-17T20:16:53+00:00\",\"author\":{\"@id\":\"https:\/\/www.bayern-wolln-mer.net\/blog\/#\/schema\/person\/b9fcf524d723fdb81f40a1bed0e52f96\"},\"breadcrumb\":{\"@id\":\"https:\/\/www.bayern-wolln-mer.net\/blog\/index.php\/archives\/franken-in-europa\/93-das-fraenkische-jahr-der-pott-ist-in-franken.html#breadcrumb\"},\"inLanguage\":\"de\",\"potentialAction\":[{\"@type\":\"ReadAction\",\"target\":[\"https:\/\/www.bayern-wolln-mer.net\/blog\/index.php\/archives\/franken-in-europa\/93-das-fraenkische-jahr-der-pott-ist-in-franken.html\"]}]},{\"@type\":\"BreadcrumbList\",\"@id\":\"https:\/\/www.bayern-wolln-mer.net\/blog\/index.php\/archives\/franken-in-europa\/93-das-fraenkische-jahr-der-pott-ist-in-franken.html#breadcrumb\",\"itemListElement\":[{\"@type\":\"ListItem\",\"position\":1,\"name\":\"Startseite\",\"item\":\"https:\/\/www.bayern-wolln-mer.net\/blog\"},{\"@type\":\"ListItem\",\"position\":2,\"name\":\"Das fr\u00e4nkische Jahr: Der Pott ist in Franken\"}]},{\"@type\":\"Person\",\"@id\":\"https:\/\/www.bayern-wolln-mer.net\/blog\/#\/schema\/person\/b9fcf524d723fdb81f40a1bed0e52f96\",\"name\":\"Andreas Brandl\",\"image\":{\"@type\":\"ImageObject\",\"@id\":\"https:\/\/www.bayern-wolln-mer.net\/blog\/#personlogo\",\"inLanguage\":\"de\",\"url\":\"https:\/\/secure.gravatar.com\/avatar\/7c2e8ddf168a4d43fa09a0495da2d513?s=96&d=mm&r=g\",\"contentUrl\":\"https:\/\/secure.gravatar.com\/avatar\/7c2e8ddf168a4d43fa09a0495da2d513?s=96&d=mm&r=g\",\"caption\":\"Andreas Brandl\"},\"sameAs\":[\"https:\/\/www.bayern-wolln-mer.net\"],\"url\":\"https:\/\/www.bayern-wolln-mer.net\/blog\/index.php\/archives\/author\/andy\"}]}<\/script>\n<!-- \/ Yoast SEO plugin. -->","yoast_head_json":{"robots":{"index":"index","follow":"follow","max-snippet":"max-snippet:-1","max-image-preview":"max-image-preview:large","max-video-preview":"max-video-preview:-1"},"canonical":"https:\/\/www.bayern-wolln-mer.net\/blog\/index.php\/archives\/franken-in-europa\/93-das-fraenkische-jahr-der-pott-ist-in-franken.html","og_locale":"de_DE","og_type":"article","og_title":"Das fr\u00e4nkische Jahr: Der Pott ist in Franken - Bayern-wolln-mer.net","og_description":"Was f\u00fcr ein Jahr f\u00fcr uns Franken! Wann konnten wir zuletzt so viel feiern wie in diesem Jahr? Vorallem f\u00fcr den Sport im Frankenland ist es ein denkw\u00fcrdiges Jahr! Und nachdem gestern auch noch die Brose Baskets Bamberg eingeh\u00fcllt in Frankenfahnen ihren zweiten Deutschen Meister-Titel nach 2005 feiern konnten, k\u00f6nnen wir alle zwischen Spessart, Rh\u00f6n, [&hellip;]","og_url":"https:\/\/www.bayern-wolln-mer.net\/blog\/index.php\/archives\/franken-in-europa\/93-das-fraenkische-jahr-der-pott-ist-in-franken.html","og_site_name":"Bayern-wolln-mer.net","article_published_time":"2007-10-12T10:51:27+00:00","article_modified_time":"2010-06-17T20:16:53+00:00","og_image":[{"url":"https:\/\/www.bayern-wolln-mer.net\/Pokalsieg_Nuernberg_Hauptmarkt.jpg"}],"twitter_card":"summary_large_image","twitter_misc":{"Verfasst von":"Andreas Brandl","Gesch\u00e4tzte Lesezeit":"2\u00a0Minuten"},"schema":{"@context":"https:\/\/schema.org","@graph":[{"@type":"WebSite","@id":"https:\/\/www.bayern-wolln-mer.net\/blog\/#website","url":"https:\/\/www.bayern-wolln-mer.net\/blog\/","name":"Bayern-wolln-mer.net","description":"Frankenblog! Frei statt Bayern! Freiheit f\u00fcr Franken!","potentialAction":[{"@type":"SearchAction","target":{"@type":"EntryPoint","urlTemplate":"https:\/\/www.bayern-wolln-mer.net\/blog\/?s={search_term_string}"},"query-input":"required name=search_term_string"}],"inLanguage":"de"},{"@type":"ImageObject","@id":"https:\/\/www.bayern-wolln-mer.net\/blog\/index.php\/archives\/franken-in-europa\/93-das-fraenkische-jahr-der-pott-ist-in-franken.html#primaryimage","inLanguage":"de","url":"https:\/\/www.bayern-wolln-mer.net\/Pokalsieg_Nuernberg_Hauptmarkt.jpg","contentUrl":"https:\/\/www.bayern-wolln-mer.net\/Pokalsieg_Nuernberg_Hauptmarkt.jpg"},{"@type":"WebPage","@id":"https:\/\/www.bayern-wolln-mer.net\/blog\/index.php\/archives\/franken-in-europa\/93-das-fraenkische-jahr-der-pott-ist-in-franken.html#webpage","url":"https:\/\/www.bayern-wolln-mer.net\/blog\/index.php\/archives\/franken-in-europa\/93-das-fraenkische-jahr-der-pott-ist-in-franken.html","name":"Das fr\u00e4nkische Jahr: Der Pott ist in Franken - Bayern-wolln-mer.net","isPartOf":{"@id":"https:\/\/www.bayern-wolln-mer.net\/blog\/#website"},"primaryImageOfPage":{"@id":"https:\/\/www.bayern-wolln-mer.net\/blog\/index.php\/archives\/franken-in-europa\/93-das-fraenkische-jahr-der-pott-ist-in-franken.html#primaryimage"},"datePublished":"2007-10-12T10:51:27+00:00","dateModified":"2010-06-17T20:16:53+00:00","author":{"@id":"https:\/\/www.bayern-wolln-mer.net\/blog\/#\/schema\/person\/b9fcf524d723fdb81f40a1bed0e52f96"},"breadcrumb":{"@id":"https:\/\/www.bayern-wolln-mer.net\/blog\/index.php\/archives\/franken-in-europa\/93-das-fraenkische-jahr-der-pott-ist-in-franken.html#breadcrumb"},"inLanguage":"de","potentialAction":[{"@type":"ReadAction","target":["https:\/\/www.bayern-wolln-mer.net\/blog\/index.php\/archives\/franken-in-europa\/93-das-fraenkische-jahr-der-pott-ist-in-franken.html"]}]},{"@type":"BreadcrumbList","@id":"https:\/\/www.bayern-wolln-mer.net\/blog\/index.php\/archives\/franken-in-europa\/93-das-fraenkische-jahr-der-pott-ist-in-franken.html#breadcrumb","itemListElement":[{"@type":"ListItem","position":1,"name":"Startseite","item":"https:\/\/www.bayern-wolln-mer.net\/blog"},{"@type":"ListItem","position":2,"name":"Das fr\u00e4nkische Jahr: Der Pott ist in Franken"}]},{"@type":"Person","@id":"https:\/\/www.bayern-wolln-mer.net\/blog\/#\/schema\/person\/b9fcf524d723fdb81f40a1bed0e52f96","name":"Andreas Brandl","image":{"@type":"ImageObject","@id":"https:\/\/www.bayern-wolln-mer.net\/blog\/#personlogo","inLanguage":"de","url":"https:\/\/secure.gravatar.com\/avatar\/7c2e8ddf168a4d43fa09a0495da2d513?s=96&d=mm&r=g","contentUrl":"https:\/\/secure.gravatar.com\/avatar\/7c2e8ddf168a4d43fa09a0495da2d513?s=96&d=mm&r=g","caption":"Andreas Brandl"},"sameAs":["https:\/\/www.bayern-wolln-mer.net"],"url":"https:\/\/www.bayern-wolln-mer.net\/blog\/index.php\/archives\/author\/andy"}]}},"jetpack_sharing_enabled":true,"jetpack_shortlink":"https:\/\/wp.me\/p7UoAp-1v","jetpack-related-posts":[],"_links":{"self":[{"href":"https:\/\/www.bayern-wolln-mer.net\/blog\/index.php\/wp-json\/wp\/v2\/posts\/93"}],"collection":[{"href":"https:\/\/www.bayern-wolln-mer.net\/blog\/index.php\/wp-json\/wp\/v2\/posts"}],"about":[{"href":"https:\/\/www.bayern-wolln-mer.net\/blog\/index.php\/wp-json\/wp\/v2\/types\/post"}],"author":[{"embeddable":true,"href":"https:\/\/www.bayern-wolln-mer.net\/blog\/index.php\/wp-json\/wp\/v2\/users\/3"}],"replies":[{"embeddable":true,"href":"https:\/\/www.bayern-wolln-mer.net\/blog\/index.php\/wp-json\/wp\/v2\/comments?post=93"}],"version-history":[{"count":2,"href":"https:\/\/www.bayern-wolln-mer.net\/blog\/index.php\/wp-json\/wp\/v2\/posts\/93\/revisions"}],"predecessor-version":[{"id":773,"href":"https:\/\/www.bayern-wolln-mer.net\/blog\/index.php\/wp-json\/wp\/v2\/posts\/93\/revisions\/773"}],"wp:attachment":[{"href":"https:\/\/www.bayern-wolln-mer.net\/blog\/index.php\/wp-json\/wp\/v2\/media?parent=93"}],"wp:term":[{"taxonomy":"category","embeddable":true,"href":"https:\/\/www.bayern-wolln-mer.net\/blog\/index.php\/wp-json\/wp\/v2\/categories?post=93"},{"taxonomy":"post_tag","embeddable":true,"href":"https:\/\/www.bayern-wolln-mer.net\/blog\/index.php\/wp-json\/wp\/v2\/tags?post=93"}],"curies":[{"name":"wp","href":"https:\/\/api.w.org\/{rel}","templated":true}]}}