{"id":957,"date":"2011-10-21T15:50:57","date_gmt":"2011-10-21T13:50:57","guid":{"rendered":"http:\/\/www.bayern-wolln-mer.net\/blog\/?p=957"},"modified":"2011-10-21T15:53:12","modified_gmt":"2011-10-21T13:53:12","slug":"quer-seehofer-und-ude-mit-geografie-schwache-und-flughafen-grosenwahn","status":"publish","type":"post","link":"https:\/\/www.bayern-wolln-mer.net\/blog\/index.php\/archives\/nuernberg-muenchen\/957-quer-seehofer-und-ude-mit-geografie-schwache-und-flughafen-grosenwahn.html","title":{"rendered":"quer: Seehofer und Ude mit Geografie-Schw\u00e4che und Flughafen-Gr\u00f6\u00dfenwahn"},"content":{"rendered":"<p>Ein ganz gro\u00dfes Lob an Wolfgang Krebs, Christoph S\u00fc\u00df und die <a href=\"https:\/\/blog.br-online.de\/quer\/\" target=\"_blank\">Redaktion der Sendung quer<\/a>! Selten hat ein Schlu\u00dfsketch die politische Lage besser getroffen! \ud83d\ude42<\/p>\n<p>Zur Erkl\u00e4rung: Der (designierte?) <a href=\"https:\/\/blog.nz-online.de\/vipraum\/2011\/08\/13\/die-dummen-kalber-von-der-spd\/\" target=\"_blank\">Spitzenkandidat der Bayern-SPD<\/a> f\u00fcr die <a href=\"https:\/\/www.franken2013.de\" target=\"_blank\">Landtagswahl 2013<\/a> und <a href=\"https:\/\/bit.ly\/mUqaQH\" target=\"_blank\">M\u00fcnchner OB-Diva<\/a>, Christian Ude, hat sich vor kurzem gegen\u00fcber den N\u00fcrnberger Nachrichten die Bl\u00f6\u00dfe gegeben, dass er <a href=\"https:\/\/t.co\/MvXLtHvF\" target=\"_blank\">Ober-, Mittel- und Unterfranken nicht auseinander halten<\/a> k\u00f6nne. Gleichzeitig soll gegen die Widerst\u00e4nde in der Bev\u00f6lkerung und trotz der Tatsache, dass man dem N\u00fcrnberger Flughafen &#8220;das Wasser abgraben&#8221; w\u00fcrde, der M\u00fcnchner Airport mit einer dritten Startbahn versehen werden.<\/p>\n<!--YouTube Error: bad URL entered-->\n<p><a href=\"https:\/\/youtu.be\/ikVxU4NjHMo\" target=\"_blank\">Direktlink zum youtube-Film<\/a><\/p>\n<p>(Creative Commons Lizenz: <a href=\"https:\/\/creativecommons.org\/licenses\/by-nc-nd\/3.0\/de\/\" target=\"_blank\">Namensnennung, nicht kommerziell, keine Bearbeitung, 3.0 Deutschland<\/a>)<\/p>\n<p>Man k\u00f6nnte meinen, dass diese Sketch wom\u00f6glich gar nicht lustig gemeint ist, sondern den Investitionsprogrammen von Ude und der CSU entspringen! \ud83d\ude09<\/p>\n<p><strong>Die besten Spr\u00fcche:<\/strong><\/p>\n<ul>\n<li>&#8220;Es ist Wahlkampf Horst, also k\u00e4mpfe, Du hast keine Wahl&#8221;<\/li>\n<li>&#8220;Und jetzt wei\u00df ich, dass Aschaffenburg in der Oberpfalz liegt&#8221; \u2013 &#8220;Nein, im \u00dcberallg\u00e4u&#8221; \u2013 &#8220;In Niederfranken!&#8221;<\/li>\n<li>&#8220;Wenn hier einer Nachhilfe in Geographie braucht, dann ja wohl sie. Denn wo liegt die dritte Startbahn?&#8221; \u2013 &#8220;N\u00f6rdlich der zweiten Alpen&#8221; \u2013 &#8220;Und das hei\u00dft: N\u00e4her an Franken!&#8221; \u2013 &#8220;Ahso&#8230;&#8221; \u2013 &#8220;Und deshalb wird eine vierte und f\u00fcnfte Startbahn schon an den N\u00fcrnberger S\u00fcden hinreichen und damit Unterfranken dem pulsierenden Gro\u00dfraum M\u00fcnchen anschlie\u00dfen und eine sechste wird die Rh\u00f6n streifen und damit Niedersachsen zum Teil der M\u00fcnchner S-Bahn machen. Und der Rest-Franken wird Park&amp;Ride!&#8221; &#8211; &#8220;Das Gro\u00dfm\u00fcnchner Reich!&#8221;<\/li>\n<\/ul>\n<p><strong>Quelle:<\/strong> <a href=\"https:\/\/blog.br-online.de\/quer\/quer-ministerpraesident-kaempfe-du-hast-keine-wahl-21102011.html\" target=\"_blank\">quer vom Bayerischen Rundfunk, quer-Blog, 20.10.2011<\/a><\/p>\n<div class=\"sharedaddy sd-sharing-enabled\"><div class=\"robots-nocontent sd-block sd-social sd-social-icon sd-sharing\"><h3 class=\"sd-title\">Share this:<\/h3><div class=\"sd-content\"><ul><li class=\"share-print\"><a rel=\"nofollow noopener noreferrer\" data-shared=\"\" class=\"share-print sd-button share-icon no-text\" href=\"https:\/\/www.bayern-wolln-mer.net\/blog\/index.php\/archives\/nuernberg-muenchen\/957-quer-seehofer-und-ude-mit-geografie-schwache-und-flughafen-grosenwahn.html\" target=\"_blank\" title=\"Klicken zum Ausdrucken\"><span><\/span><span class=\"sharing-screen-reader-text\">Klicken zum Ausdrucken (Wird in neuem Fenster ge\u00f6ffnet)<\/span><\/a><\/li><li class=\"share-email\"><a rel=\"nofollow noopener noreferrer\" data-shared=\"\" class=\"share-email sd-button share-icon no-text\" href=\"https:\/\/www.bayern-wolln-mer.net\/blog\/index.php\/archives\/nuernberg-muenchen\/957-quer-seehofer-und-ude-mit-geografie-schwache-und-flughafen-grosenwahn.html?share=email\" target=\"_blank\" title=\"Klick, um dies einem Freund per E-Mail zu senden\"><span><\/span><span class=\"sharing-screen-reader-text\">Klick, um dies einem Freund per E-Mail zu senden (Wird in neuem Fenster ge\u00f6ffnet)<\/span><\/a><\/li><li class=\"share-twitter\"><a rel=\"nofollow noopener noreferrer\" data-shared=\"sharing-twitter-957\" class=\"share-twitter sd-button share-icon no-text\" href=\"https:\/\/www.bayern-wolln-mer.net\/blog\/index.php\/archives\/nuernberg-muenchen\/957-quer-seehofer-und-ude-mit-geografie-schwache-und-flughafen-grosenwahn.html?share=twitter\" target=\"_blank\" title=\"Klick, um \u00fcber Twitter zu teilen\"><span><\/span><span class=\"sharing-screen-reader-text\">Klick, um \u00fcber Twitter zu teilen (Wird in neuem Fenster ge\u00f6ffnet)<\/span><\/a><\/li><li class=\"share-jetpack-whatsapp\"><a rel=\"nofollow noopener noreferrer\" data-shared=\"\" class=\"share-jetpack-whatsapp sd-button share-icon no-text\" href=\"https:\/\/www.bayern-wolln-mer.net\/blog\/index.php\/archives\/nuernberg-muenchen\/957-quer-seehofer-und-ude-mit-geografie-schwache-und-flughafen-grosenwahn.html?share=jetpack-whatsapp\" target=\"_blank\" title=\"Klicken, um auf WhatsApp zu teilen\"><span><\/span><span class=\"sharing-screen-reader-text\">Klicken, um auf WhatsApp zu teilen (Wird in neuem Fenster ge\u00f6ffnet)<\/span><\/a><\/li><li class=\"share-linkedin\"><a rel=\"nofollow noopener noreferrer\" data-shared=\"sharing-linkedin-957\" class=\"share-linkedin sd-button share-icon no-text\" href=\"https:\/\/www.bayern-wolln-mer.net\/blog\/index.php\/archives\/nuernberg-muenchen\/957-quer-seehofer-und-ude-mit-geografie-schwache-und-flughafen-grosenwahn.html?share=linkedin\" target=\"_blank\" title=\"Klick, um auf LinkedIn zu teilen\"><span><\/span><span class=\"sharing-screen-reader-text\">Klick, um auf LinkedIn zu teilen (Wird in neuem Fenster ge\u00f6ffnet)<\/span><\/a><\/li><li class=\"share-reddit\"><a rel=\"nofollow noopener noreferrer\" data-shared=\"\" class=\"share-reddit sd-button share-icon no-text\" href=\"https:\/\/www.bayern-wolln-mer.net\/blog\/index.php\/archives\/nuernberg-muenchen\/957-quer-seehofer-und-ude-mit-geografie-schwache-und-flughafen-grosenwahn.html?share=reddit\" target=\"_blank\" title=\"Klick, um auf Reddit zu teilen\"><span><\/span><span class=\"sharing-screen-reader-text\">Klick, um auf Reddit zu teilen (Wird in neuem Fenster ge\u00f6ffnet)<\/span><\/a><\/li><li class=\"share-tumblr\"><a rel=\"nofollow noopener noreferrer\" data-shared=\"\" class=\"share-tumblr sd-button share-icon no-text\" href=\"https:\/\/www.bayern-wolln-mer.net\/blog\/index.php\/archives\/nuernberg-muenchen\/957-quer-seehofer-und-ude-mit-geografie-schwache-und-flughafen-grosenwahn.html?share=tumblr\" target=\"_blank\" title=\"Klick, um auf Tumblr zu teilen\"><span><\/span><span class=\"sharing-screen-reader-text\">Klick, um auf Tumblr zu teilen (Wird in neuem Fenster ge\u00f6ffnet)<\/span><\/a><\/li><li class=\"share-pinterest\"><a rel=\"nofollow noopener noreferrer\" data-shared=\"sharing-pinterest-957\" class=\"share-pinterest sd-button share-icon no-text\" href=\"https:\/\/www.bayern-wolln-mer.net\/blog\/index.php\/archives\/nuernberg-muenchen\/957-quer-seehofer-und-ude-mit-geografie-schwache-und-flughafen-grosenwahn.html?share=pinterest\" target=\"_blank\" title=\"Klick, um auf Pinterest zu teilen\"><span><\/span><span class=\"sharing-screen-reader-text\">Klick, um auf Pinterest zu teilen (Wird in neuem Fenster ge\u00f6ffnet)<\/span><\/a><\/li><li class=\"share-pocket\"><a rel=\"nofollow noopener noreferrer\" data-shared=\"\" class=\"share-pocket sd-button share-icon no-text\" href=\"https:\/\/www.bayern-wolln-mer.net\/blog\/index.php\/archives\/nuernberg-muenchen\/957-quer-seehofer-und-ude-mit-geografie-schwache-und-flughafen-grosenwahn.html?share=pocket\" target=\"_blank\" title=\"Klick, um auf Pocket zu teilen\"><span><\/span><span class=\"sharing-screen-reader-text\">Klick, um auf Pocket zu teilen (Wird in neuem Fenster ge\u00f6ffnet)<\/span><\/a><\/li><li class=\"share-telegram\"><a rel=\"nofollow noopener noreferrer\" data-shared=\"\" class=\"share-telegram sd-button share-icon no-text\" href=\"https:\/\/www.bayern-wolln-mer.net\/blog\/index.php\/archives\/nuernberg-muenchen\/957-quer-seehofer-und-ude-mit-geografie-schwache-und-flughafen-grosenwahn.html?share=telegram\" target=\"_blank\" title=\"Klicken, um auf Telegram zu teilen\"><span><\/span><span class=\"sharing-screen-reader-text\">Klicken, um auf Telegram zu teilen (Wird in neuem Fenster ge\u00f6ffnet)<\/span><\/a><\/li><li class=\"share-skype\"><a rel=\"nofollow noopener noreferrer\" data-shared=\"sharing-skype-957\" class=\"share-skype sd-button share-icon no-text\" href=\"https:\/\/www.bayern-wolln-mer.net\/blog\/index.php\/archives\/nuernberg-muenchen\/957-quer-seehofer-und-ude-mit-geografie-schwache-und-flughafen-grosenwahn.html?share=skype\" target=\"_blank\" title=\"Klicken, um in Skype zu teilen\"><span><\/span><span class=\"sharing-screen-reader-text\">Klicken, um in Skype zu teilen (Wird in neuem Fenster ge\u00f6ffnet)<\/span><\/a><\/li><li><a href=\"#\" class=\"sharing-anchor sd-button share-more\"><span>Mehr<\/span><\/a><\/li><li class=\"share-end\"><\/li><\/ul><div class=\"sharing-hidden\"><div class=\"inner\" style=\"display: none;width:150px;\"><ul style=\"background-image:none;\"><li class=\"share-facebook\"><a rel=\"nofollow noopener noreferrer\" data-shared=\"sharing-facebook-957\" class=\"share-facebook sd-button share-icon no-text\" href=\"https:\/\/www.bayern-wolln-mer.net\/blog\/index.php\/archives\/nuernberg-muenchen\/957-quer-seehofer-und-ude-mit-geografie-schwache-und-flughafen-grosenwahn.html?share=facebook\" target=\"_blank\" title=\"Klick, um auf Facebook zu teilen\"><span><\/span><span class=\"sharing-screen-reader-text\">Klick, um auf Facebook zu teilen (Wird in neuem Fenster ge\u00f6ffnet)<\/span><\/a><\/li><li class=\"share-end\"><\/li><\/ul><\/div><\/div><\/div><\/div><\/div>","protected":false},"excerpt":{"rendered":"<p>Ein ganz gro\u00dfes Lob an Wolfgang Krebs, Christoph S\u00fc\u00df und die Redaktion der Sendung quer! Selten hat ein Schlu\u00dfsketch die politische Lage besser getroffen! \ud83d\ude42 Zur Erkl\u00e4rung: Der (designierte?) Spitzenkandidat der Bayern-SPD f\u00fcr die Landtagswahl 2013 und M\u00fcnchner OB-Diva, Christian Ude, hat sich vor kurzem gegen\u00fcber den N\u00fcrnberger Nachrichten die Bl\u00f6\u00dfe gegeben, dass er Ober-, [&hellip;]<\/p>\n<div class=\"sharedaddy sd-sharing-enabled\"><div class=\"robots-nocontent sd-block sd-social sd-social-icon sd-sharing\"><h3 class=\"sd-title\">Share this:<\/h3><div class=\"sd-content\"><ul><li class=\"share-print\"><a rel=\"nofollow noopener noreferrer\" data-shared=\"\" class=\"share-print sd-button share-icon no-text\" href=\"https:\/\/www.bayern-wolln-mer.net\/blog\/index.php\/archives\/nuernberg-muenchen\/957-quer-seehofer-und-ude-mit-geografie-schwache-und-flughafen-grosenwahn.html\" target=\"_blank\" title=\"Klicken zum Ausdrucken\"><span><\/span><span class=\"sharing-screen-reader-text\">Klicken zum Ausdrucken (Wird in neuem Fenster ge\u00f6ffnet)<\/span><\/a><\/li><li class=\"share-email\"><a rel=\"nofollow noopener noreferrer\" data-shared=\"\" class=\"share-email sd-button share-icon no-text\" href=\"https:\/\/www.bayern-wolln-mer.net\/blog\/index.php\/archives\/nuernberg-muenchen\/957-quer-seehofer-und-ude-mit-geografie-schwache-und-flughafen-grosenwahn.html?share=email\" target=\"_blank\" title=\"Klick, um dies einem Freund per E-Mail zu senden\"><span><\/span><span class=\"sharing-screen-reader-text\">Klick, um dies einem Freund per E-Mail zu senden (Wird in neuem Fenster ge\u00f6ffnet)<\/span><\/a><\/li><li class=\"share-twitter\"><a rel=\"nofollow noopener noreferrer\" data-shared=\"sharing-twitter-957\" class=\"share-twitter sd-button share-icon no-text\" href=\"https:\/\/www.bayern-wolln-mer.net\/blog\/index.php\/archives\/nuernberg-muenchen\/957-quer-seehofer-und-ude-mit-geografie-schwache-und-flughafen-grosenwahn.html?share=twitter\" target=\"_blank\" title=\"Klick, um \u00fcber Twitter zu teilen\"><span><\/span><span class=\"sharing-screen-reader-text\">Klick, um \u00fcber Twitter zu teilen (Wird in neuem Fenster ge\u00f6ffnet)<\/span><\/a><\/li><li class=\"share-jetpack-whatsapp\"><a rel=\"nofollow noopener noreferrer\" data-shared=\"\" class=\"share-jetpack-whatsapp sd-button share-icon no-text\" href=\"https:\/\/www.bayern-wolln-mer.net\/blog\/index.php\/archives\/nuernberg-muenchen\/957-quer-seehofer-und-ude-mit-geografie-schwache-und-flughafen-grosenwahn.html?share=jetpack-whatsapp\" target=\"_blank\" title=\"Klicken, um auf WhatsApp zu teilen\"><span><\/span><span class=\"sharing-screen-reader-text\">Klicken, um auf WhatsApp zu teilen (Wird in neuem Fenster ge\u00f6ffnet)<\/span><\/a><\/li><li class=\"share-linkedin\"><a rel=\"nofollow noopener noreferrer\" data-shared=\"sharing-linkedin-957\" class=\"share-linkedin sd-button share-icon no-text\" href=\"https:\/\/www.bayern-wolln-mer.net\/blog\/index.php\/archives\/nuernberg-muenchen\/957-quer-seehofer-und-ude-mit-geografie-schwache-und-flughafen-grosenwahn.html?share=linkedin\" target=\"_blank\" title=\"Klick, um auf LinkedIn zu teilen\"><span><\/span><span class=\"sharing-screen-reader-text\">Klick, um auf LinkedIn zu teilen (Wird in neuem Fenster ge\u00f6ffnet)<\/span><\/a><\/li><li class=\"share-reddit\"><a rel=\"nofollow noopener noreferrer\" data-shared=\"\" class=\"share-reddit sd-button share-icon no-text\" href=\"https:\/\/www.bayern-wolln-mer.net\/blog\/index.php\/archives\/nuernberg-muenchen\/957-quer-seehofer-und-ude-mit-geografie-schwache-und-flughafen-grosenwahn.html?share=reddit\" target=\"_blank\" title=\"Klick, um auf Reddit zu teilen\"><span><\/span><span class=\"sharing-screen-reader-text\">Klick, um auf Reddit zu teilen (Wird in neuem Fenster ge\u00f6ffnet)<\/span><\/a><\/li><li class=\"share-tumblr\"><a rel=\"nofollow noopener noreferrer\" data-shared=\"\" class=\"share-tumblr sd-button share-icon no-text\" href=\"https:\/\/www.bayern-wolln-mer.net\/blog\/index.php\/archives\/nuernberg-muenchen\/957-quer-seehofer-und-ude-mit-geografie-schwache-und-flughafen-grosenwahn.html?share=tumblr\" target=\"_blank\" title=\"Klick, um auf Tumblr zu teilen\"><span><\/span><span class=\"sharing-screen-reader-text\">Klick, um auf Tumblr zu teilen (Wird in neuem Fenster ge\u00f6ffnet)<\/span><\/a><\/li><li class=\"share-pinterest\"><a rel=\"nofollow noopener noreferrer\" data-shared=\"sharing-pinterest-957\" class=\"share-pinterest sd-button share-icon no-text\" href=\"https:\/\/www.bayern-wolln-mer.net\/blog\/index.php\/archives\/nuernberg-muenchen\/957-quer-seehofer-und-ude-mit-geografie-schwache-und-flughafen-grosenwahn.html?share=pinterest\" target=\"_blank\" title=\"Klick, um auf Pinterest zu teilen\"><span><\/span><span class=\"sharing-screen-reader-text\">Klick, um auf Pinterest zu teilen (Wird in neuem Fenster ge\u00f6ffnet)<\/span><\/a><\/li><li class=\"share-pocket\"><a rel=\"nofollow noopener noreferrer\" data-shared=\"\" class=\"share-pocket sd-button share-icon no-text\" href=\"https:\/\/www.bayern-wolln-mer.net\/blog\/index.php\/archives\/nuernberg-muenchen\/957-quer-seehofer-und-ude-mit-geografie-schwache-und-flughafen-grosenwahn.html?share=pocket\" target=\"_blank\" title=\"Klick, um auf Pocket zu teilen\"><span><\/span><span class=\"sharing-screen-reader-text\">Klick, um auf Pocket zu teilen (Wird in neuem Fenster ge\u00f6ffnet)<\/span><\/a><\/li><li class=\"share-telegram\"><a rel=\"nofollow noopener noreferrer\" data-shared=\"\" class=\"share-telegram sd-button share-icon no-text\" href=\"https:\/\/www.bayern-wolln-mer.net\/blog\/index.php\/archives\/nuernberg-muenchen\/957-quer-seehofer-und-ude-mit-geografie-schwache-und-flughafen-grosenwahn.html?share=telegram\" target=\"_blank\" title=\"Klicken, um auf Telegram zu teilen\"><span><\/span><span class=\"sharing-screen-reader-text\">Klicken, um auf Telegram zu teilen (Wird in neuem Fenster ge\u00f6ffnet)<\/span><\/a><\/li><li class=\"share-skype\"><a rel=\"nofollow noopener noreferrer\" data-shared=\"sharing-skype-957\" class=\"share-skype sd-button share-icon no-text\" href=\"https:\/\/www.bayern-wolln-mer.net\/blog\/index.php\/archives\/nuernberg-muenchen\/957-quer-seehofer-und-ude-mit-geografie-schwache-und-flughafen-grosenwahn.html?share=skype\" target=\"_blank\" title=\"Klicken, um in Skype zu teilen\"><span><\/span><span class=\"sharing-screen-reader-text\">Klicken, um in Skype zu teilen (Wird in neuem Fenster ge\u00f6ffnet)<\/span><\/a><\/li><li><a href=\"#\" class=\"sharing-anchor sd-button share-more\"><span>Mehr<\/span><\/a><\/li><li class=\"share-end\"><\/li><\/ul><div class=\"sharing-hidden\"><div class=\"inner\" style=\"display: none;width:150px;\"><ul style=\"background-image:none;\"><li class=\"share-facebook\"><a rel=\"nofollow noopener noreferrer\" data-shared=\"sharing-facebook-957\" class=\"share-facebook sd-button share-icon no-text\" href=\"https:\/\/www.bayern-wolln-mer.net\/blog\/index.php\/archives\/nuernberg-muenchen\/957-quer-seehofer-und-ude-mit-geografie-schwache-und-flughafen-grosenwahn.html?share=facebook\" target=\"_blank\" title=\"Klick, um auf Facebook zu teilen\"><span><\/span><span class=\"sharing-screen-reader-text\">Klick, um auf Facebook zu teilen (Wird in neuem Fenster ge\u00f6ffnet)<\/span><\/a><\/li><li class=\"share-end\"><\/li><\/ul><\/div><\/div><\/div><\/div><\/div>","protected":false},"author":3,"featured_media":0,"comment_status":"open","ping_status":"open","sticky":false,"template":"","format":"standard","meta":{"spay_email":"","jetpack_publicize_message":""},"categories":[5],"tags":[157,41,83,137,65],"jetpack_featured_media_url":"","jetpack_publicize_connections":[],"yoast_head":"<!-- This site is optimized with the Yoast SEO plugin v18.2 - https:\/\/yoast.com\/wordpress\/plugins\/seo\/ -->\n<meta name=\"robots\" content=\"index, follow, max-snippet:-1, max-image-preview:large, max-video-preview:-1\" \/>\n<link rel=\"canonical\" href=\"https:\/\/www.bayern-wolln-mer.net\/blog\/index.php\/archives\/nuernberg-muenchen\/957-quer-seehofer-und-ude-mit-geografie-schwache-und-flughafen-grosenwahn.html\" \/>\n<meta property=\"og:locale\" content=\"de_DE\" \/>\n<meta property=\"og:type\" content=\"article\" \/>\n<meta property=\"og:title\" content=\"quer: Seehofer und Ude mit Geografie-Schw\u00e4che und Flughafen-Gr\u00f6\u00dfenwahn - Bayern-wolln-mer.net\" \/>\n<meta property=\"og:description\" content=\"Ein ganz gro\u00dfes Lob an Wolfgang Krebs, Christoph S\u00fc\u00df und die Redaktion der Sendung quer! Selten hat ein Schlu\u00dfsketch die politische Lage besser getroffen! \ud83d\ude42 Zur Erkl\u00e4rung: Der (designierte?) Spitzenkandidat der Bayern-SPD f\u00fcr die Landtagswahl 2013 und M\u00fcnchner OB-Diva, Christian Ude, hat sich vor kurzem gegen\u00fcber den N\u00fcrnberger Nachrichten die Bl\u00f6\u00dfe gegeben, dass er Ober-, [&hellip;]\" \/>\n<meta property=\"og:url\" content=\"https:\/\/www.bayern-wolln-mer.net\/blog\/index.php\/archives\/nuernberg-muenchen\/957-quer-seehofer-und-ude-mit-geografie-schwache-und-flughafen-grosenwahn.html\" \/>\n<meta property=\"og:site_name\" content=\"Bayern-wolln-mer.net\" \/>\n<meta property=\"article:published_time\" content=\"2011-10-21T13:50:57+00:00\" \/>\n<meta property=\"article:modified_time\" content=\"2011-10-21T13:53:12+00:00\" \/>\n<meta name=\"twitter:card\" content=\"summary_large_image\" \/>\n<meta name=\"twitter:label1\" content=\"Verfasst von\" \/>\n\t<meta name=\"twitter:data1\" content=\"Andreas Brandl\" \/>\n\t<meta name=\"twitter:label2\" content=\"Gesch\u00e4tzte Lesezeit\" \/>\n\t<meta name=\"twitter:data2\" content=\"1\u00a0Minute\" \/>\n<script type=\"application\/ld+json\" class=\"yoast-schema-graph\">{\"@context\":\"https:\/\/schema.org\",\"@graph\":[{\"@type\":\"WebSite\",\"@id\":\"https:\/\/www.bayern-wolln-mer.net\/blog\/#website\",\"url\":\"https:\/\/www.bayern-wolln-mer.net\/blog\/\",\"name\":\"Bayern-wolln-mer.net\",\"description\":\"Frankenblog! Frei statt Bayern! Freiheit f\u00fcr Franken!\",\"potentialAction\":[{\"@type\":\"SearchAction\",\"target\":{\"@type\":\"EntryPoint\",\"urlTemplate\":\"https:\/\/www.bayern-wolln-mer.net\/blog\/?s={search_term_string}\"},\"query-input\":\"required name=search_term_string\"}],\"inLanguage\":\"de\"},{\"@type\":\"WebPage\",\"@id\":\"https:\/\/www.bayern-wolln-mer.net\/blog\/index.php\/archives\/nuernberg-muenchen\/957-quer-seehofer-und-ude-mit-geografie-schwache-und-flughafen-grosenwahn.html#webpage\",\"url\":\"https:\/\/www.bayern-wolln-mer.net\/blog\/index.php\/archives\/nuernberg-muenchen\/957-quer-seehofer-und-ude-mit-geografie-schwache-und-flughafen-grosenwahn.html\",\"name\":\"quer: Seehofer und Ude mit Geografie-Schw\u00e4che und Flughafen-Gr\u00f6\u00dfenwahn - Bayern-wolln-mer.net\",\"isPartOf\":{\"@id\":\"https:\/\/www.bayern-wolln-mer.net\/blog\/#website\"},\"datePublished\":\"2011-10-21T13:50:57+00:00\",\"dateModified\":\"2011-10-21T13:53:12+00:00\",\"author\":{\"@id\":\"https:\/\/www.bayern-wolln-mer.net\/blog\/#\/schema\/person\/b9fcf524d723fdb81f40a1bed0e52f96\"},\"breadcrumb\":{\"@id\":\"https:\/\/www.bayern-wolln-mer.net\/blog\/index.php\/archives\/nuernberg-muenchen\/957-quer-seehofer-und-ude-mit-geografie-schwache-und-flughafen-grosenwahn.html#breadcrumb\"},\"inLanguage\":\"de\",\"potentialAction\":[{\"@type\":\"ReadAction\",\"target\":[\"https:\/\/www.bayern-wolln-mer.net\/blog\/index.php\/archives\/nuernberg-muenchen\/957-quer-seehofer-und-ude-mit-geografie-schwache-und-flughafen-grosenwahn.html\"]}]},{\"@type\":\"BreadcrumbList\",\"@id\":\"https:\/\/www.bayern-wolln-mer.net\/blog\/index.php\/archives\/nuernberg-muenchen\/957-quer-seehofer-und-ude-mit-geografie-schwache-und-flughafen-grosenwahn.html#breadcrumb\",\"itemListElement\":[{\"@type\":\"ListItem\",\"position\":1,\"name\":\"Startseite\",\"item\":\"https:\/\/www.bayern-wolln-mer.net\/blog\"},{\"@type\":\"ListItem\",\"position\":2,\"name\":\"quer: Seehofer und Ude mit Geografie-Schw\u00e4che und Flughafen-Gr\u00f6\u00dfenwahn\"}]},{\"@type\":\"Person\",\"@id\":\"https:\/\/www.bayern-wolln-mer.net\/blog\/#\/schema\/person\/b9fcf524d723fdb81f40a1bed0e52f96\",\"name\":\"Andreas Brandl\",\"image\":{\"@type\":\"ImageObject\",\"@id\":\"https:\/\/www.bayern-wolln-mer.net\/blog\/#personlogo\",\"inLanguage\":\"de\",\"url\":\"https:\/\/secure.gravatar.com\/avatar\/7c2e8ddf168a4d43fa09a0495da2d513?s=96&d=mm&r=g\",\"contentUrl\":\"https:\/\/secure.gravatar.com\/avatar\/7c2e8ddf168a4d43fa09a0495da2d513?s=96&d=mm&r=g\",\"caption\":\"Andreas Brandl\"},\"sameAs\":[\"https:\/\/www.bayern-wolln-mer.net\"],\"url\":\"https:\/\/www.bayern-wolln-mer.net\/blog\/index.php\/archives\/author\/andy\"}]}<\/script>\n<!-- \/ Yoast SEO plugin. -->","yoast_head_json":{"robots":{"index":"index","follow":"follow","max-snippet":"max-snippet:-1","max-image-preview":"max-image-preview:large","max-video-preview":"max-video-preview:-1"},"canonical":"https:\/\/www.bayern-wolln-mer.net\/blog\/index.php\/archives\/nuernberg-muenchen\/957-quer-seehofer-und-ude-mit-geografie-schwache-und-flughafen-grosenwahn.html","og_locale":"de_DE","og_type":"article","og_title":"quer: Seehofer und Ude mit Geografie-Schw\u00e4che und Flughafen-Gr\u00f6\u00dfenwahn - Bayern-wolln-mer.net","og_description":"Ein ganz gro\u00dfes Lob an Wolfgang Krebs, Christoph S\u00fc\u00df und die Redaktion der Sendung quer! Selten hat ein Schlu\u00dfsketch die politische Lage besser getroffen! \ud83d\ude42 Zur Erkl\u00e4rung: Der (designierte?) Spitzenkandidat der Bayern-SPD f\u00fcr die Landtagswahl 2013 und M\u00fcnchner OB-Diva, Christian Ude, hat sich vor kurzem gegen\u00fcber den N\u00fcrnberger Nachrichten die Bl\u00f6\u00dfe gegeben, dass er Ober-, [&hellip;]","og_url":"https:\/\/www.bayern-wolln-mer.net\/blog\/index.php\/archives\/nuernberg-muenchen\/957-quer-seehofer-und-ude-mit-geografie-schwache-und-flughafen-grosenwahn.html","og_site_name":"Bayern-wolln-mer.net","article_published_time":"2011-10-21T13:50:57+00:00","article_modified_time":"2011-10-21T13:53:12+00:00","twitter_card":"summary_large_image","twitter_misc":{"Verfasst von":"Andreas Brandl","Gesch\u00e4tzte Lesezeit":"1\u00a0Minute"},"schema":{"@context":"https:\/\/schema.org","@graph":[{"@type":"WebSite","@id":"https:\/\/www.bayern-wolln-mer.net\/blog\/#website","url":"https:\/\/www.bayern-wolln-mer.net\/blog\/","name":"Bayern-wolln-mer.net","description":"Frankenblog! Frei statt Bayern! Freiheit f\u00fcr Franken!","potentialAction":[{"@type":"SearchAction","target":{"@type":"EntryPoint","urlTemplate":"https:\/\/www.bayern-wolln-mer.net\/blog\/?s={search_term_string}"},"query-input":"required name=search_term_string"}],"inLanguage":"de"},{"@type":"WebPage","@id":"https:\/\/www.bayern-wolln-mer.net\/blog\/index.php\/archives\/nuernberg-muenchen\/957-quer-seehofer-und-ude-mit-geografie-schwache-und-flughafen-grosenwahn.html#webpage","url":"https:\/\/www.bayern-wolln-mer.net\/blog\/index.php\/archives\/nuernberg-muenchen\/957-quer-seehofer-und-ude-mit-geografie-schwache-und-flughafen-grosenwahn.html","name":"quer: Seehofer und Ude mit Geografie-Schw\u00e4che und Flughafen-Gr\u00f6\u00dfenwahn - Bayern-wolln-mer.net","isPartOf":{"@id":"https:\/\/www.bayern-wolln-mer.net\/blog\/#website"},"datePublished":"2011-10-21T13:50:57+00:00","dateModified":"2011-10-21T13:53:12+00:00","author":{"@id":"https:\/\/www.bayern-wolln-mer.net\/blog\/#\/schema\/person\/b9fcf524d723fdb81f40a1bed0e52f96"},"breadcrumb":{"@id":"https:\/\/www.bayern-wolln-mer.net\/blog\/index.php\/archives\/nuernberg-muenchen\/957-quer-seehofer-und-ude-mit-geografie-schwache-und-flughafen-grosenwahn.html#breadcrumb"},"inLanguage":"de","potentialAction":[{"@type":"ReadAction","target":["https:\/\/www.bayern-wolln-mer.net\/blog\/index.php\/archives\/nuernberg-muenchen\/957-quer-seehofer-und-ude-mit-geografie-schwache-und-flughafen-grosenwahn.html"]}]},{"@type":"BreadcrumbList","@id":"https:\/\/www.bayern-wolln-mer.net\/blog\/index.php\/archives\/nuernberg-muenchen\/957-quer-seehofer-und-ude-mit-geografie-schwache-und-flughafen-grosenwahn.html#breadcrumb","itemListElement":[{"@type":"ListItem","position":1,"name":"Startseite","item":"https:\/\/www.bayern-wolln-mer.net\/blog"},{"@type":"ListItem","position":2,"name":"quer: Seehofer und Ude mit Geografie-Schw\u00e4che und Flughafen-Gr\u00f6\u00dfenwahn"}]},{"@type":"Person","@id":"https:\/\/www.bayern-wolln-mer.net\/blog\/#\/schema\/person\/b9fcf524d723fdb81f40a1bed0e52f96","name":"Andreas Brandl","image":{"@type":"ImageObject","@id":"https:\/\/www.bayern-wolln-mer.net\/blog\/#personlogo","inLanguage":"de","url":"https:\/\/secure.gravatar.com\/avatar\/7c2e8ddf168a4d43fa09a0495da2d513?s=96&d=mm&r=g","contentUrl":"https:\/\/secure.gravatar.com\/avatar\/7c2e8ddf168a4d43fa09a0495da2d513?s=96&d=mm&r=g","caption":"Andreas Brandl"},"sameAs":["https:\/\/www.bayern-wolln-mer.net"],"url":"https:\/\/www.bayern-wolln-mer.net\/blog\/index.php\/archives\/author\/andy"}]}},"jetpack_sharing_enabled":true,"jetpack_shortlink":"https:\/\/wp.me\/p7UoAp-fr","jetpack-related-posts":[],"_links":{"self":[{"href":"https:\/\/www.bayern-wolln-mer.net\/blog\/index.php\/wp-json\/wp\/v2\/posts\/957"}],"collection":[{"href":"https:\/\/www.bayern-wolln-mer.net\/blog\/index.php\/wp-json\/wp\/v2\/posts"}],"about":[{"href":"https:\/\/www.bayern-wolln-mer.net\/blog\/index.php\/wp-json\/wp\/v2\/types\/post"}],"author":[{"embeddable":true,"href":"https:\/\/www.bayern-wolln-mer.net\/blog\/index.php\/wp-json\/wp\/v2\/users\/3"}],"replies":[{"embeddable":true,"href":"https:\/\/www.bayern-wolln-mer.net\/blog\/index.php\/wp-json\/wp\/v2\/comments?post=957"}],"version-history":[{"count":8,"href":"https:\/\/www.bayern-wolln-mer.net\/blog\/index.php\/wp-json\/wp\/v2\/posts\/957\/revisions"}],"predecessor-version":[{"id":964,"href":"https:\/\/www.bayern-wolln-mer.net\/blog\/index.php\/wp-json\/wp\/v2\/posts\/957\/revisions\/964"}],"wp:attachment":[{"href":"https:\/\/www.bayern-wolln-mer.net\/blog\/index.php\/wp-json\/wp\/v2\/media?parent=957"}],"wp:term":[{"taxonomy":"category","embeddable":true,"href":"https:\/\/www.bayern-wolln-mer.net\/blog\/index.php\/wp-json\/wp\/v2\/categories?post=957"},{"taxonomy":"post_tag","embeddable":true,"href":"https:\/\/www.bayern-wolln-mer.net\/blog\/index.php\/wp-json\/wp\/v2\/tags?post=957"}],"curies":[{"name":"wp","href":"https:\/\/api.w.org\/{rel}","templated":true}]}}